{"id":113473,"date":"2025-05-15T21:13:11","date_gmt":"2025-05-15T21:13:11","guid":{"rendered":"https:\/\/www.europesays.com\/de\/113473\/"},"modified":"2025-05-15T21:13:11","modified_gmt":"2025-05-15T21:13:11","slug":"sorge-um-parkplaetze-an-7-gesamtschule","status":"publish","type":"post","link":"https:\/\/www.europesays.com\/de\/113473\/","title":{"rendered":"Sorge um Parkpl\u00e4tze an 7. Gesamtschule"},"content":{"rendered":"<p class=\"text_ohne_einzug richtext text-em-55 !leading-serif mx-6 desktop:mx-0\">F\u00fcr den Bau der siebten Gesamtschule sollen im Juni die Abrissarbeiten auf dem Gel\u00e4nde an der Bockm\u00fchle beginnen. Stadtverwaltung und Geb\u00e4udemanagement erkl\u00e4rten jetzt im Stadtteilzentrum Heckinghausen, wie das Projekt insgesamt ablaufen soll. Vieles ist noch nicht konkret geplant, nur der Zeitplan steht: 2030 soll die neue Gesamtschule fertig sein. Den Anwohnern brannte vor allem das Thema Verkehr und Parkpl\u00e4tze auf den N\u00e4geln.<\/p>\n","protected":false},"excerpt":{"rendered":"F\u00fcr den Bau der siebten Gesamtschule sollen im Juni die Abrissarbeiten auf dem Gel\u00e4nde an der Bockm\u00fchle beginnen.&hellip;\n","protected":false},"author":2,"featured_media":113474,"comment_status":"","ping_status":"","sticky":false,"template":"","format":"standard","meta":{"footnotes":""},"categories":[1840],"tags":[14769,44096,3364,29,9031,20218,30,9022,39650,1330,26673,44098,1209,8430,966,44099,44097,4418],"class_list":{"0":"post-113473","1":"post","2":"type-post","3":"status-publish","4":"format-standard","5":"has-post-thumbnail","7":"category-wuppertal","8":"tag-anwohner","9":"tag-bockmuehle","10":"tag-de","11":"tag-deutschland","12":"tag-gelaende","13":"tag-geplant","14":"tag-germany","15":"tag-gesamtschule","16":"tag-heckinghausen","17":"tag-julia","18":"tag-kessler","19":"tag-lehrerparkplaetze","20":"tag-nordrhein-westfalen","21":"tag-parkplaetze","22":"tag-schule","23":"tag-schuleingang","24":"tag-warnecke","25":"tag-wuppertal"},"share_on_mastodon":{"url":"https:\/\/pubeurope.com\/@de\/114513916941601958","error":""},"_links":{"self":[{"href":"https:\/\/www.europesays.com\/de\/wp-json\/wp\/v2\/posts\/113473","targetHints":{"allow":["GET"]}}],"collection":[{"href":"https:\/\/www.europesays.com\/de\/wp-json\/wp\/v2\/posts"}],"about":[{"href":"https:\/\/www.europesays.com\/de\/wp-json\/wp\/v2\/types\/post"}],"author":[{"embeddable":true,"href":"https:\/\/www.europesays.com\/de\/wp-json\/wp\/v2\/users\/2"}],"replies":[{"embeddable":true,"href":"https:\/\/www.europesays.com\/de\/wp-json\/wp\/v2\/comments?post=113473"}],"version-history":[{"count":0,"href":"https:\/\/www.europesays.com\/de\/wp-json\/wp\/v2\/posts\/113473\/revisions"}],"wp:featuredmedia":[{"embeddable":true,"href":"https:\/\/www.europesays.com\/de\/wp-json\/wp\/v2\/media\/113474"}],"wp:attachment":[{"href":"https:\/\/www.europesays.com\/de\/wp-json\/wp\/v2\/media?parent=113473"}],"wp:term":[{"taxonomy":"category","embeddable":true,"href":"https:\/\/www.europesays.com\/de\/wp-json\/wp\/v2\/categories?post=113473"},{"taxonomy":"post_tag","embeddable":true,"href":"https:\/\/www.europesays.com\/de\/wp-json\/wp\/v2\/tags?post=113473"}],"curies":[{"name":"wp","href":"https:\/\/api.w.org\/{rel}","templated":true}]}}