{"id":113479,"date":"2025-05-15T21:16:10","date_gmt":"2025-05-15T21:16:10","guid":{"rendered":"https:\/\/www.europesays.com\/de\/113479\/"},"modified":"2025-05-15T21:16:10","modified_gmt":"2025-05-15T21:16:10","slug":"bewerbungsrede-in-new-york-baerbock-schiesst-bei-erstem-auftritt-vor-un-gegen-russland","status":"publish","type":"post","link":"https:\/\/www.europesays.com\/de\/113479\/","title":{"rendered":"Bewerbungsrede in New York: Baerbock schie\u00dft bei erstem Auftritt vor UN gegen Russland"},"content":{"rendered":"<p>                    Bewerbungsrede in New York<br \/>\n                Baerbock schie\u00dft bei erstem Auftritt vor UN gegen Russland<\/p>\n<p>\t\t\t\t              15.05.2025, 22:02 Uhr<\/p>\n<p>\t\t\t\t\t       Artikel anh\u00f6ren<\/p>\n<p>\t\t\t\t\t\t\tDiese Audioversion wurde k\u00fcnstlich generiert. <a href=\"https:\/\/www.n-tv.de\/23249898\" target=\"_blank\" rel=\"noopener\">Mehr Infos<\/a><\/p>\n<p><strong>Bei ihrem ersten Auftritt vor den Vereinten Nationen geht ein russischer Vertreter Annalena Baerbock scharf an. Die Gr\u00fcnen-Politikerin weist die falschen Behauptungen vehement zur\u00fcck. Und macht gleichzeitig klar, wie sie ihre Rolle als Pr\u00e4sidentin der Vollversammlung gestalten will.<\/strong><\/p>\n<p>Nach einem scharfen pers\u00f6nlichen Angriff Russlands hat Annalena Baerbock bei ihrem ersten Auftritt vor den Vereinten Nationen als designierte Pr\u00e4sidentin der Vollversammlung mehr Achtung und Ehrlichkeit angemahnt. &#8222;Ich m\u00f6chte Sie wirklich bitten, wenn wir \u00fcber schwierige Themen sprechen &#8211; und jeder hat offensichtlich schwierige, unterschiedliche Meinungen und Wahrnehmungen &#8211; dies mit gegenseitigem Respekt zu tun&#8220;, sagte Baerbock. Sie richtet sich damit an den stellvertretenden russischen UN-Botschafter, Dmitri Poljanski. Poljanski, der als propagandafreundlicher Hardliner gilt, hatte Baerbock bei der Vorstellung ihrer Priorit\u00e4ten &#8222;eklatante Voreingenommenheit&#8220; und Unkenntnis vorgeworfen. <\/p>\n<p>Unter anderem wiederholte er auch die russische Behauptung, Baerbock sei &#8222;stolz auf ihren Gro\u00dfvater, der bei der SS diente&#8220;. Die Gr\u00fcnen-Politikerin entgegnete, wer Geschichte zitieren wolle, m\u00fcsse das korrekt tun. Die Aussagen \u00fcber ihren Gro\u00dfvater seien falsch. <\/p>\n<p>Baerbock spricht offen \u00fcber ihren Gro\u00dfvater, der Offizier der Wehrmacht im Einsatz an der Ostfront war. Moskau hat dessen NS-Vergangenheit schon mehrfach thematisiert, um die ehemalige deutsche Au\u00dfenministerin zu diskreditieren. Baerbock war als Au\u00dfenministerin gegen\u00fcber Russland im Zuge des Ukraine-Kriegs einen harten Kurs gefahren und damit immer wieder ins Visier Moskaus geraten. <\/p>\n<p>Baerbock betonte in New York weiter, dass sie in der Rolle als Pr\u00e4sidentin der Vollversammlung zwar ihre nationale Identit\u00e4t nicht leugnen werde, doch als Vermittlerin f\u00fcr alle 193 Mitgliedsstaaten auftreten wolle. Baerbock tritt ohne Gegenkandidaten f\u00fcr die einj\u00e4hrige Spitzenposition an, der in erster Linie protokollarische Bedeutung beigemessen wird. Die offizielle Abstimmung f\u00fcr das neue Amt am 2. Juni gilt als Formsache. Die Amtseinf\u00fchrung w\u00e4re am 9. September kurz vor der Generaldebatte der UN-Vollversammlung mit Staatsg\u00e4sten aus aller Welt.<\/p>\n","protected":false},"excerpt":{"rendered":"Bewerbungsrede in New York Baerbock schie\u00dft bei erstem Auftritt vor UN gegen Russland 15.05.2025, 22:02 Uhr Artikel anh\u00f6ren&hellip;\n","protected":false},"author":2,"featured_media":113480,"comment_status":"","ping_status":"","sticky":false,"template":"","format":"standard","meta":{"footnotes":""},"categories":[4013],"tags":[331,332,1436,13,14,944,15,16,4043,4044,850,307,12],"class_list":{"0":"post-113479","1":"post","2":"type-post","3":"status-publish","4":"format-standard","5":"has-post-thumbnail","7":"category-russland","8":"tag-aktuelle-nachrichten","9":"tag-aktuelle-news","10":"tag-annalena-baerbock","11":"tag-headlines","12":"tag-nachrichten","13":"tag-new-york","14":"tag-news","15":"tag-politik","16":"tag-russia","17":"tag-russian-federation","18":"tag-russische-foederation","19":"tag-russland","20":"tag-schlagzeilen"},"share_on_mastodon":{"url":"https:\/\/pubeurope.com\/@de\/114513928781932489","error":""},"_links":{"self":[{"href":"https:\/\/www.europesays.com\/de\/wp-json\/wp\/v2\/posts\/113479","targetHints":{"allow":["GET"]}}],"collection":[{"href":"https:\/\/www.europesays.com\/de\/wp-json\/wp\/v2\/posts"}],"about":[{"href":"https:\/\/www.europesays.com\/de\/wp-json\/wp\/v2\/types\/post"}],"author":[{"embeddable":true,"href":"https:\/\/www.europesays.com\/de\/wp-json\/wp\/v2\/users\/2"}],"replies":[{"embeddable":true,"href":"https:\/\/www.europesays.com\/de\/wp-json\/wp\/v2\/comments?post=113479"}],"version-history":[{"count":0,"href":"https:\/\/www.europesays.com\/de\/wp-json\/wp\/v2\/posts\/113479\/revisions"}],"wp:featuredmedia":[{"embeddable":true,"href":"https:\/\/www.europesays.com\/de\/wp-json\/wp\/v2\/media\/113480"}],"wp:attachment":[{"href":"https:\/\/www.europesays.com\/de\/wp-json\/wp\/v2\/media?parent=113479"}],"wp:term":[{"taxonomy":"category","embeddable":true,"href":"https:\/\/www.europesays.com\/de\/wp-json\/wp\/v2\/categories?post=113479"},{"taxonomy":"post_tag","embeddable":true,"href":"https:\/\/www.europesays.com\/de\/wp-json\/wp\/v2\/tags?post=113479"}],"curies":[{"name":"wp","href":"https:\/\/api.w.org\/{rel}","templated":true}]}}