{"id":113486,"date":"2025-05-15T21:20:10","date_gmt":"2025-05-15T21:20:10","guid":{"rendered":"https:\/\/www.europesays.com\/de\/113486\/"},"modified":"2025-05-15T21:20:10","modified_gmt":"2025-05-15T21:20:10","slug":"nimes-aerger-in-frankreich-ueber-deutsches-video-zu-drogenviertel","status":"publish","type":"post","link":"https:\/\/www.europesays.com\/de\/113486\/","title":{"rendered":"N\u00eemes | \u00c4rger in Frankreich \u00fcber deutsches Video zu Drogenviertel"},"content":{"rendered":"<p class=\"bodytext\">N\u00eemes (dpa) &#8211; Ein deutscher Youtuber sorgt in Frankreich mit einer \u00abGhetto Tour\u00bb durch ein Hochhausviertel im s\u00fcdfranz\u00f6sischen N\u00eemes f\u00fcr Emp\u00f6rung. Der Youtuber \u00abLucky Luke030\u00bb zeigt in dem zehntausendfach angeklickten Video maskierte und bewaffnete Drogendealer, die ungeniert vor den Wohnbl\u00f6cken eines Problemviertels ihre Ware anpreisen, Stra\u00dfensperren errichten und mit ihren Schusswaffen prahlen.<\/p>\n<p>Die Gro\u00dfstadt N\u00eemes, die lieber mit Kunst und Kultur um Touristen wirbt, spricht von einem \u00abschockierenden Video\u00bb und einer \u00abInszenierung\u00bb und erw\u00e4gt eine Anzeige, wie der st\u00e4dtische Beigeordnete Richard Schieven dem Sender Ici sagte. Innenminister Bruno Retailleau k\u00fcndigte sich prompt f\u00fcr Freitag zu einem Besuch in N\u00eemes an, um in einem Problemviertel \u00fcber die t\u00e4glichen Eins\u00e4tze der Polizei zur Wiederherstellung der Sicherheit zu reden.\u00a0<\/p>\n<p>Videotouren durch franz\u00f6sische Problemviertel<\/p>\n<p>Wie der Deutsch sprechende Youtuber \u00abLucky Luke030\u00bb mit 79.000 Followern mit echtem Namen hei\u00dft, ist nicht bekannt. Vor seinem Dreh in N\u00eemes ver\u00f6ffentlichte er bereits \u00e4hnliche Video-Touren durch vom Drogenhandel geplagte Vorstadtviertel in Paris, Toulouse, Marseille und auch aus Los Angeles. Nach aller Aufregung ist das Video zur \u00abGhetto Tour\u00bb aus dem Problemviertel Mas de Mingue in N\u00eemes nicht mehr frei abrufbar.<\/p>\n<p>Die Emp\u00f6rung \u00fcber das Video teilt nicht jeder. \u00abEs gibt ihn wirklich, diesen Abschaum und die damit verbundenen Kugeln, Toten und Verletzten\u00bb, schrieb ein Nutzer auf X. \u00abAber es ist immer einfacher, das Offensichtliche zu leugnen, denn so brauchen diejenigen, die gegen den Drogenhandel k\u00e4mpfen sollten, weiterhin nichts tun.\u00bb<\/p>\n<p>Die ausufernde Drogengewalt in Frankreich f\u00fchrte auch in N\u00eemes zuletzt mehrfach zu Toten, auch unter Unbeteiligten. 2023 wurde ein Zehnj\u00e4hriger w\u00e4hrend einer Schie\u00dferei auf der R\u00fcckbank eines Autos t\u00f6dlich getroffen. Ein Querschl\u00e4ger t\u00f6tete auch einen Familienvater in seiner Wohnung.<\/p>\n","protected":false},"excerpt":{"rendered":"N\u00eemes (dpa) &#8211; Ein deutscher Youtuber sorgt in Frankreich mit einer \u00abGhetto Tour\u00bb durch ein Hochhausviertel im s\u00fcdfranz\u00f6sischen&hellip;\n","protected":false},"author":2,"featured_media":113487,"comment_status":"","ping_status":"","sticky":false,"template":"","format":"standard","meta":{"footnotes":""},"categories":[3974],"tags":[331,332,29,548,663,3934,3980,156,13,5027,2279,14,15,12],"class_list":{"0":"post-113486","1":"post","2":"type-post","3":"status-publish","4":"format-standard","5":"has-post-thumbnail","7":"category-frankreich","8":"tag-aktuelle-nachrichten","9":"tag-aktuelle-news","10":"tag-deutschland","11":"tag-eu","12":"tag-europa","13":"tag-europe","14":"tag-france","15":"tag-frankreich","16":"tag-headlines","17":"tag-kommune","18":"tag-kriminalitat","19":"tag-nachrichten","20":"tag-news","21":"tag-schlagzeilen"},"share_on_mastodon":{"url":"https:\/\/pubeurope.com\/@de\/114513944515570245","error":""},"_links":{"self":[{"href":"https:\/\/www.europesays.com\/de\/wp-json\/wp\/v2\/posts\/113486","targetHints":{"allow":["GET"]}}],"collection":[{"href":"https:\/\/www.europesays.com\/de\/wp-json\/wp\/v2\/posts"}],"about":[{"href":"https:\/\/www.europesays.com\/de\/wp-json\/wp\/v2\/types\/post"}],"author":[{"embeddable":true,"href":"https:\/\/www.europesays.com\/de\/wp-json\/wp\/v2\/users\/2"}],"replies":[{"embeddable":true,"href":"https:\/\/www.europesays.com\/de\/wp-json\/wp\/v2\/comments?post=113486"}],"version-history":[{"count":0,"href":"https:\/\/www.europesays.com\/de\/wp-json\/wp\/v2\/posts\/113486\/revisions"}],"wp:featuredmedia":[{"embeddable":true,"href":"https:\/\/www.europesays.com\/de\/wp-json\/wp\/v2\/media\/113487"}],"wp:attachment":[{"href":"https:\/\/www.europesays.com\/de\/wp-json\/wp\/v2\/media?parent=113486"}],"wp:term":[{"taxonomy":"category","embeddable":true,"href":"https:\/\/www.europesays.com\/de\/wp-json\/wp\/v2\/categories?post=113486"},{"taxonomy":"post_tag","embeddable":true,"href":"https:\/\/www.europesays.com\/de\/wp-json\/wp\/v2\/tags?post=113486"}],"curies":[{"name":"wp","href":"https:\/\/api.w.org\/{rel}","templated":true}]}}