{"id":113493,"date":"2025-05-15T21:24:15","date_gmt":"2025-05-15T21:24:15","guid":{"rendered":"https:\/\/www.europesays.com\/de\/113493\/"},"modified":"2025-05-15T21:24:15","modified_gmt":"2025-05-15T21:24:15","slug":"esc-halbfinale-2025-heute-live-im-tv-und-stream-wer-ist-dabei-wie-ist-die-reihenfolge-medien","status":"publish","type":"post","link":"https:\/\/www.europesays.com\/de\/113493\/","title":{"rendered":"ESC-Halbfinale 2025 heute live im TV und Stream: Wer ist dabei, wie ist die Reihenfolge? &#8211; Medien"},"content":{"rendered":"<p data-manual=\"paragraph\" data-schema-org-speakable=\"true\" class=\"css-1ylqqlw\">Schrille Outfits, kuriose Auftritte und teils mittelm\u00e4\u00dfiger Gesang: Der 69. <a href=\"https:\/\/www.sueddeutsche.de\/thema\/Eurovision_Song_Contest\" target=\"_blank\" rel=\"noopener\">Eurovision Song Contest<\/a> findet 2025 nach dem Sieg von Nemo in der <a href=\"https:\/\/www.sueddeutsche.de\/thema\/Schweiz\" target=\"_blank\" rel=\"noopener\">Schweiz<\/a> statt. Wer tritt f\u00fcr Deutschland an, an welchem Tag ist das Finale? Wir beantworten die wichtigsten Fragen rund um das Event.<\/p>\n<p>Wann findet der ESC 2025 statt?<\/p>\n<p data-manual=\"paragraph\" data-schema-org-speakable=\"true\" class=\"css-1ylqqlw\">Am 13. Mai fand das erste Halbfinale statt und <strong>heute am 15. Mai<\/strong> folgt das zweite. Am<strong>\u00a017. Mai 2025<\/strong> wird das Finale ausgetragen. Alle Shows beginnen um 21 Uhr. Die Halbfinals \u00fcbertr\u00e4gt der Spartensender ONE. Das gro\u00dfe Finale ist dann in der ARD zu sehen. Wie lange der ESC dauert, ist unterschiedlich. Bis alle Punkte ausgez\u00e4hlt und pr\u00e4sentiert sind, ist es in der Regel schon 0:30 Uhr oder 1:00 Uhr in der Nacht.<\/p>\n<p data-manual=\"paragraph\" data-schema-org-speakable=\"true\" class=\"css-1ylqqlw\"><strong>Wo l\u00e4uft der Eurovision Song Contest heute im TV und Livestream?<\/strong><\/p>\n<p>Wo wird der Song Contest ausgetragen?<\/p>\n<p data-manual=\"paragraph\" data-schema-org-speakable=\"true\" class=\"css-1ylqqlw\">Mehrere St\u00e4dte in der Schweiz haben sich um die Austragung beworben. Den Zuschlag erhielt <strong>Basel<\/strong>. Die Stadt am Rhein bot mit der St. Jakobshalle die besten Bedingungen, bis zu 12 400 Zuschauer finden dort Platz.<\/p>\n<p><a href=\"https:\/\/www.sueddeutsche.de\/medien\/nemo-esc-interview-li.3247105\" aria-label=\"Artikelverlinkung:\" data-track-szde=\"{&quot;event&quot;:&quot;teaser_clicked&quot;,&quot;teaser_clicked&quot;:{&quot;article_title&quot;:&quot;mein_groesster_wunsch_war_kein_interview_mehr_geben_zu_muessen&quot;,&quot;doctype&quot;:&quot;&quot;,&quot;label&quot;:&quot;szplus&quot;,&quot;main_topic&quot;:&quot;fernsehen&quot;,&quot;object_id&quot;:&quot;li.3247105&quot;,&quot;pcat&quot;:&quot;paid&quot;,&quot;section&quot;:&quot;medien&quot;,&quot;teaser_type&quot;:&quot;article_teaser_top&quot;}}\" data-manual=\"teaser-url\" data-tb-link=\"\" aria-labelledby=\"teaser-httpswwwsueddeutschedemediennemo-esc-interview-li3247105\" class=\"css-14tg8sh\" target=\"_blank\" rel=\"noopener\"><img decoding=\"async\" src=\"https:\/\/www.europesays.com\/de\/wp-content\/uploads\/2025\/05\/c8c07f33-013f-46b8-a693-2ea9727ebdae.jpeg\"   alt=\"\" loading=\"lazy\" class=\"css-8atqhb\"\/><\/p>\n<p>Eurovision Song Contest<\/p>\n<p>:\u201eMein gr\u00f6\u00dfter Wunsch war, kein Interview mehr geben zu m\u00fcssen\u201c<\/p>\n<p class=\"css-a6ecqs\" data-manual=\"teaser-text\" data-tb-description=\"\" data-schema-org-speakable=\"true\">Nemo wurde durch den Sieg beim Euro\u00advision Song Contest \u00fcber Nacht welt\u00adber\u00fchmt. Und dann: Funkstille. Was war los? Eine Begegnung in London.<\/p>\n<p>SZ PlusInterview von Christof GertschESC 2025: Welche L\u00e4nder nehmen teil?<\/p>\n<p data-manual=\"paragraph\" data-schema-org-speakable=\"true\" class=\"css-1ylqqlw\">Insgesamt treten 37 L\u00e4nder an. Sechs L\u00e4nder stehen schon im Finale, dazu z\u00e4hlen mit Frankreich, Deutschland, Italien, Gro\u00dfbritannien und Spanien die f\u00fcnf gr\u00f6\u00dften Geldgeber der European Broadcast Union (EBU) sowie Gastgeber Schweiz. Die \u00fcbrigen 31 L\u00e4nder wurden auf zwei Halbfinals aufgeteilt, in denen jeweils zehn Nationen weiterkommen.<\/p>\n<p data-manual=\"paragraph\" data-schema-org-speakable=\"true\" class=\"css-1ylqqlw\">Australien geh\u00f6rt zwar nicht zu Europa, allerdings verfolgen dort seit \u00fcber einem Jahrzehnt Millionen Zuschauerinnen und Zuschauer das Event im <a href=\"https:\/\/www.sueddeutsche.de\/thema\/Fernsehen\" target=\"_blank\" rel=\"noopener\">Fernsehen<\/a>. Seit 2015 darf der australische TV-Sender SBS regelm\u00e4\u00dfig am ESC teilnehmen.<\/p>\n<p data-manual=\"paragraph\" data-schema-org-speakable=\"true\" class=\"css-1ylqqlw\"><strong>Reihenfolge der Lieder im zweiten Halbfinale<\/strong><\/p>\n<ul class=\"css-2nq30h\">\n<li data-manual=\"bulletList\" data-schema-org-speakable=\"true\" class=\"css-1p5uxsp\">1 Australien: Go-Jo &#8211; \u201eMilkshake Man\u201c<\/li>\n<li data-manual=\"bulletList\" data-schema-org-speakable=\"true\" class=\"css-1p5uxsp\">2 Montenegro: Nina Zicic &#8211; \u201eDobrodosli\u201c<\/li>\n<li data-manual=\"bulletList\" data-schema-org-speakable=\"true\" class=\"css-1p5uxsp\">3 Irland: Emmy &#8211; \u201eLaika Party\u201c<\/li>\n<li data-manual=\"bulletList\" data-schema-org-speakable=\"true\" class=\"css-1p5uxsp\">4 Lettland: Tautmeitas &#8211; \u201eBur man laimi\u201c<\/li>\n<li data-manual=\"bulletList\" data-schema-org-speakable=\"true\" class=\"css-1p5uxsp\">5 Armenien: Parg &#8211; \u201eSurvivor\u201c<\/li>\n<li data-manual=\"bulletList\" data-schema-org-speakable=\"true\" class=\"css-1p5uxsp\">6 \u00d6sterreich: JJ &#8211; \u201eWasted Love\u201c<\/li>\n<li data-manual=\"bulletList\" data-schema-org-speakable=\"true\" class=\"css-1p5uxsp\">7 Griechenland: Klavdia &#8211; \u201eAsteromata\u201c<\/li>\n<li data-manual=\"bulletList\" data-schema-org-speakable=\"true\" class=\"css-1p5uxsp\">8 Litauen: Katarsis &#8211; \u201eTavo akys\u201c<\/li>\n<li data-manual=\"bulletList\" data-schema-org-speakable=\"true\" class=\"css-1p5uxsp\">9 Malta: Miriana Conte &#8211; \u201eServing\u201c<\/li>\n<li data-manual=\"bulletList\" data-schema-org-speakable=\"true\" class=\"css-1p5uxsp\">10 Georgien:\u00a0Mariam Shengelia &#8211; \u201eFreedom\u201c<\/li>\n<li data-manual=\"bulletList\" data-schema-org-speakable=\"true\" class=\"css-1p5uxsp\">11 D\u00e4nemark: Sissal &#8211; \u201eHallicuniation\u201c<\/li>\n<li data-manual=\"bulletList\" data-schema-org-speakable=\"true\" class=\"css-1p5uxsp\">12 Tschechien: ADONXS &#8211; \u201eKiss Kiss Goodbye\u201c<\/li>\n<li data-manual=\"bulletList\" data-schema-org-speakable=\"true\" class=\"css-1p5uxsp\">13 Luxemburg: Laura Thorn &#8211; \u201eLa Poup\u00e9e Monte Le Son\u201c<\/li>\n<li data-manual=\"bulletList\" data-schema-org-speakable=\"true\" class=\"css-1p5uxsp\">14\u00a0<a href=\"https:\/\/www.sueddeutsche.de\/kultur\/yuval-raphael-esc-israel-teilnehmerin-hamas-li.3188225\" target=\"_blank\" rel=\"noopener\">Israel: Yuval Raphael<\/a> &#8211; \u201eNew Day Will Rise\u201c<\/li>\n<li data-manual=\"bulletList\" data-schema-org-speakable=\"true\" class=\"css-1p5uxsp\">15 Serbien: Princ &#8211; \u201eMila\u201c<\/li>\n<li data-manual=\"bulletList\" data-schema-org-speakable=\"true\" class=\"css-1p5uxsp\">16 Finnland: Erika Vikman &#8211; \u201eIch komme\u201c<\/li>\n<\/ul>\n<p><a href=\"https:\/\/www.sueddeutsche.de\/medien\/esc-schweiz-halbfinale-tv-kritik-li.3240873\" aria-label=\"Artikelverlinkung:\" data-track-szde=\"{&quot;event&quot;:&quot;teaser_clicked&quot;,&quot;teaser_clicked&quot;:{&quot;article_title&quot;:&quot;party_als_gaebe_es_kein_morgen&quot;,&quot;doctype&quot;:&quot;&quot;,&quot;label&quot;:&quot;szplus&quot;,&quot;main_topic&quot;:&quot;fernsehen&quot;,&quot;object_id&quot;:&quot;li.3240873&quot;,&quot;pcat&quot;:&quot;paid&quot;,&quot;section&quot;:&quot;medien&quot;,&quot;teaser_type&quot;:&quot;article_teaser_top&quot;}}\" data-manual=\"teaser-url\" data-tb-link=\"\" aria-labelledby=\"teaser-httpswwwsueddeutschedemedienesc-schweiz-halbfinale-tv-kritik-li3240873\" class=\"css-14tg8sh\" target=\"_blank\" rel=\"noopener\"><img decoding=\"async\" src=\"https:\/\/www.europesays.com\/de\/wp-content\/uploads\/2025\/05\/9062e865-b36d-42c9-8aee-890788d5f9e8.jpeg\"   alt=\"\" loading=\"lazy\" class=\"css-8atqhb\"\/><\/p>\n<p>ESC-Halbfinale<\/p>\n<p>:Party, als g\u00e4be es kein Morgen<\/p>\n<p class=\"css-a6ecqs\" data-manual=\"teaser-text\" data-tb-description=\"\" data-schema-org-speakable=\"true\">Enge Kost\u00fcme, schrille Songs und an jeder Ecke knallt etwas. Der ESC in Basel bleibt dem Gesangwettbewerb treu. Aber was sich ver\u00e4ndert hat seit dem vergangenen Jahr, ist Europa.<\/p>\n<p>SZ PlusVon Nicolas Freund<\/p>\n<p data-manual=\"paragraph\" data-schema-org-speakable=\"true\" class=\"css-1ylqqlw\"><strong>Bereits f\u00fcrs Finale qualifiziert<\/strong><\/p>\n<p data-manual=\"paragraph\" data-schema-org-speakable=\"true\" class=\"css-1ylqqlw\">Wie auch schon 2024 d\u00fcrfen die f\u00fcrs Finale qualifizierten L\u00e4nder bereits im Halbfinale antreten \u2013 und die Zuschauer des jeweiligen Landes voten. Im zweiten Halbfinale treten Gro\u00dfbritannien (an 7. Position), Frankreich (an 11. Position) und Deutschland (an 15. Position) auf.<\/p>\n<ul class=\"css-2nq30h\">\n<li data-manual=\"bulletList\" data-schema-org-speakable=\"true\" class=\"css-1p5uxsp\">Albanien: Shkodra Elektronike &#8211; \u201eZjerm\u201c<\/li>\n<li data-manual=\"bulletList\" data-schema-org-speakable=\"true\" class=\"css-1p5uxsp\">Deutschland: Abor &amp; Tynna &#8211; \u201eBaller\u201c<\/li>\n<li data-manual=\"bulletList\" data-schema-org-speakable=\"true\" class=\"css-1p5uxsp\"><a href=\"https:\/\/www.sueddeutsche.de\/medien\/esc-tommy-cash-erika-vikman-italien-musik-li.3205953\" target=\"_blank\" rel=\"noopener\">Estland: Tommy Cash &#8211; \u201eEspresso Macchiato\u201c<\/a><\/li>\n<li data-manual=\"bulletList\" data-schema-org-speakable=\"true\" class=\"css-1p5uxsp\">Gro\u00dfbritannien: Remember Monday &#8211; \u201eWhat The Hell Just Happened?\u201c<\/li>\n<li data-manual=\"bulletList\" data-schema-org-speakable=\"true\" class=\"css-1p5uxsp\">Frankreich: Louane &#8211; \u201eMaman\u201c<\/li>\n<li data-manual=\"bulletList\" data-schema-org-speakable=\"true\" class=\"css-1p5uxsp\">Island: V\u00c6B &#8211; \u201eR\u00f3a\u201c<\/li>\n<li data-manual=\"bulletList\" data-schema-org-speakable=\"true\" class=\"css-1p5uxsp\">Italien: Lucio Corsi &#8211; \u201eVolvere Essere Un Duro\u201c<\/li>\n<li data-manual=\"bulletList\" data-schema-org-speakable=\"true\" class=\"css-1p5uxsp\">Niederlande: Claude &#8211; \u201eC&#8217;Est La Vie\u201c<\/li>\n<li data-manual=\"bulletList\" data-schema-org-speakable=\"true\" class=\"css-1p5uxsp\">Norwegen: Kyle Alessandro &#8211; \u201eLighter\u201c<\/li>\n<li data-manual=\"bulletList\" data-schema-org-speakable=\"true\" class=\"css-1p5uxsp\">Polen: Justyna Steczkoswka &#8211; \u201eGaja\u201c<\/li>\n<li data-manual=\"bulletList\" data-schema-org-speakable=\"true\" class=\"css-1p5uxsp\">Portugal: NAPA &#8211; \u201eDeslocado\u201c<\/li>\n<li data-manual=\"bulletList\" data-schema-org-speakable=\"true\" class=\"css-1p5uxsp\">San Marino: Gabry Ponte &#8211; \u201eTutta L&#8217;Italia\u201c<\/li>\n<li data-manual=\"bulletList\" data-schema-org-speakable=\"true\" class=\"css-1p5uxsp\">Schweden: KAJ &#8211; \u201eBara Bada Bastu\u201c<\/li>\n<li data-manual=\"bulletList\" data-schema-org-speakable=\"true\" class=\"css-1p5uxsp\">Schweiz: Zo\u00eb M\u00eb &#8211; \u201eVoyage\u201c<\/li>\n<li data-manual=\"bulletList\" data-schema-org-speakable=\"true\" class=\"css-1p5uxsp\">Spanien: Melody &#8211; \u201eEsa diva\u201c<\/li>\n<li data-manual=\"bulletList\" data-schema-org-speakable=\"true\" class=\"css-1p5uxsp\">Ukraine: Ziferblat &#8211; \u201eBird of Pray\u201c<\/li>\n<\/ul>\n<p data-manual=\"paragraph\" data-schema-org-speakable=\"true\" class=\"css-1ylqqlw\"><strong>Ausgeschieden im ersten Halbfinale<\/strong><\/p>\n<ul class=\"css-2nq30h\">\n<li data-manual=\"bulletList\" data-schema-org-speakable=\"true\" class=\"css-1p5uxsp\">Slowenien: Klemen &#8211; \u201eHow Much Time Do We Have Left\u201c<\/li>\n<li data-manual=\"bulletList\" data-schema-org-speakable=\"true\" class=\"css-1p5uxsp\">Belgien: Red Sebastian &#8211; \u201eStrobe Lights\u201c<\/li>\n<li data-manual=\"bulletList\" data-schema-org-speakable=\"true\" class=\"css-1p5uxsp\">Aserbaidschan: Mamagama &#8211; \u201eRun With U\u201c<\/li>\n<li data-manual=\"bulletList\" data-schema-org-speakable=\"true\" class=\"css-1p5uxsp\">Kroatien: Marko Bo\u0161njak &#8211; \u201ePoison Cake\u201c<\/li>\n<li data-manual=\"bulletList\" data-schema-org-speakable=\"true\" class=\"css-1p5uxsp\">Zypern: Theo Evan &#8211; \u201eShh\u201c<\/li>\n<\/ul>\n<p>Deutscher Teilnehmer f\u00fcr den ESC: Abor und Tynna mit \u201eBaller\u201c<\/p>\n<p data-manual=\"paragraph\" data-schema-org-speakable=\"true\" class=\"css-1ylqqlw\">Abor und Tynna fahren mit dem Song \u201eBaller\u201c f\u00fcr Deutschland zum ESC. Das Geschwisterpaar setzte sich im Finale des Vorentscheids gegen acht andere Musikacts durch. Die beiden stammen aus Wien.<\/p>\n<p data-manual=\"paragraph\" data-schema-org-speakable=\"true\" class=\"css-1ylqqlw\">Verantwortlich daf\u00fcr ist unter anderem <a href=\"https:\/\/www.sueddeutsche.de\/thema\/Stefan_Raab\" target=\"_blank\" rel=\"noopener\">Stefan Raab<\/a>. Er steht dieses Jahr nicht selbst auf der B\u00fchne, war aber am Vorentscheid beteiligt. <a href=\"https:\/\/www.sueddeutsche.de\/medien\/eurovision-song-contest-ard-doku-stefan-raab-rezension-li.3248095\" target=\"_blank\" rel=\"noopener\">Unter dem Titel <\/a><a href=\"https:\/\/www.sueddeutsche.de\/medien\/eurovision-song-contest-ard-doku-stefan-raab-rezension-li.3248095\" target=\"_blank\" rel=\"noopener\">Chefsache ESC<\/a><a href=\"https:\/\/www.sueddeutsche.de\/medien\/eurovision-song-contest-ard-doku-stefan-raab-rezension-li.3248095\" target=\"_blank\" rel=\"noopener\"> haben RTL und NDR gemeinsam den deutschen Beitrag f\u00fcr Basel ausgesucht<\/a>. Insgesamt gab es drei Sendungen, am 1. M\u00e4rz fand das Finale statt.<\/p>\n<p><a href=\"https:\/\/www.sueddeutsche.de\/medien\/esc-vorentscheid-deutschland-baller-abor-tynna-sieg-esc-chefsache-raab-li.3208488\" aria-label=\"Artikelverlinkung:\" data-track-szde=\"{&quot;event&quot;:&quot;teaser_clicked&quot;,&quot;teaser_clicked&quot;:{&quot;article_title&quot;:&quot;das_ballert_so_schoen&quot;,&quot;doctype&quot;:&quot;&quot;,&quot;label&quot;:&quot;szplus&quot;,&quot;main_topic&quot;:&quot;fernsehen&quot;,&quot;object_id&quot;:&quot;li.3208488&quot;,&quot;pcat&quot;:&quot;paid&quot;,&quot;section&quot;:&quot;medien&quot;,&quot;teaser_type&quot;:&quot;article_teaser_top&quot;}}\" data-manual=\"teaser-url\" data-tb-link=\"\" aria-labelledby=\"teaser-httpswwwsueddeutschedemedienesc-vorentscheid-deutschland-baller-abor-tynna-sieg-esc-chefsache-raab-li3208488\" class=\"css-14tg8sh\" target=\"_blank\" rel=\"noopener\"><img decoding=\"async\" src=\"https:\/\/www.europesays.com\/de\/wp-content\/uploads\/2025\/05\/8b1940c9-27a1-4fb2-aa80-eeb0e2e5aa84.jpeg\"   alt=\"\" loading=\"lazy\" class=\"css-8atqhb\"\/><\/p>\n<p>\u201eChefsache ESC\u201c im Fernsehen<\/p>\n<p>:Das ballert so sch\u00f6n<\/p>\n<p class=\"css-a6ecqs\" data-manual=\"teaser-text\" data-tb-description=\"\" data-schema-org-speakable=\"true\">Deutschland schickt mit \u201eBaller\u201c von Abor &amp; Tynna nach fast 20 Jahren wieder ein deutschsprachiges Lied zum Eurovision Song Contest. In Stefan Raabs TV-Vorentscheid war erstaunlich vieles wie fr\u00fcher.<\/p>\n<p>SZ PlusVon Marie GundlachFavoriten auf den ESC-Sieg<\/p>\n<p data-manual=\"paragraph\" data-schema-org-speakable=\"true\" class=\"css-1ylqqlw\">Die Wettanbieter haben einen klaren Favoriten: <strong>Schweden<\/strong>. Die drei Finnen (KAJ), die f\u00fcr das Nachbarland antreten und eine kuriose Sauna-Tanzeinlage auff\u00fchren, liegen vor dem <strong>\u00f6sterreichischen Countertenor JJ<\/strong>. Geringe Chancen werden noch der Niederlande, Frankreich und Israel zugestanden. Deutschland bleibt unter ferner liefen und belegt Stand 15. Mai den 18. Rang.<\/p>\n<p>Wer ist der umstrittenste Act?<\/p>\n<p data-manual=\"paragraph\" data-schema-org-speakable=\"true\" class=\"css-1ylqqlw\">Wie im vergangenen Jahr in Malm\u00f6 polarisiert der Auftritt Israels. Wegen des Gazakriegs mit mehr als 50.000 Toten protestieren auch 2025 viele Menschen dagegen, dass Israel teilnimmt. Zuletzt schrieben 70 fr\u00fchere ESC-Teilnehmer in einem offenen Brief, Russland sei 2022 auch wegen des \u00dcberfalls auf die Ukraine ausgeschlossen worden. \u201eWir akzeptieren diese Doppelmoral gegen\u00fcber Israel nicht\u201c, schrieben sie. Spaniens Sender RTVE hatte eine Debatte \u00fcber die Teilnahme Israels gefordert. In Island und Slowenien regte sich auch Kritik. Israel warnte seine B\u00fcrger, die nach Basel fahren, wachsam zu sein.<\/p>\n<p data-manual=\"paragraph\" data-schema-org-speakable=\"true\" class=\"css-1ylqqlw\">Die S\u00e4ngerin Yuval Raphael hat die Terroranschl\u00e4ge auf Israel am 7. Oktober 2023 \u00fcberlebt. Sie war mit einer Freundin auf dem Nova-Musikfestival, auf dem Terroristen aus dem Gazastreifen ein Massaker anrichteten. Ihr Song hei\u00dft \u201eNew Day Will Rise\u201c, im Text geht es um Verlust und Hoffnung.<\/p>\n<p><a href=\"https:\/\/www.sueddeutsche.de\/kultur\/esc-israel-boykott-yuval-raphael-li.3249709\" aria-label=\"Artikelverlinkung:\" data-track-szde=\"{&quot;event&quot;:&quot;teaser_clicked&quot;,&quot;teaser_clicked&quot;:{&quot;article_title&quot;:&quot;ein_bisschen_hass&quot;,&quot;doctype&quot;:&quot;&quot;,&quot;label&quot;:&quot;szplus&quot;,&quot;main_topic&quot;:&quot;pop&quot;,&quot;object_id&quot;:&quot;li.3249709&quot;,&quot;pcat&quot;:&quot;paid&quot;,&quot;section&quot;:&quot;kultur&quot;,&quot;teaser_type&quot;:&quot;article_teaser_top&quot;}}\" data-manual=\"teaser-url\" data-tb-link=\"\" aria-labelledby=\"teaser-httpswwwsueddeutschedekulturesc-israel-boykott-yuval-raphael-li3249709\" class=\"css-14tg8sh\" target=\"_blank\" rel=\"noopener\"><img decoding=\"async\" src=\"https:\/\/www.europesays.com\/de\/wp-content\/uploads\/2025\/05\/b5c49761-854c-4ffe-9e42-9437eddd0561.jpeg\"   alt=\"\" loading=\"lazy\" class=\"css-8atqhb\"\/><\/p>\n<p>Eurovision Song Contest<\/p>\n<p>:Ein bisschen Hass<\/p>\n<p class=\"css-a6ecqs\" data-manual=\"teaser-text\" data-tb-description=\"\" data-schema-org-speakable=\"true\">Mehrere Organisationen und selbst Politiker fordern den Ausschluss Israels beim ESC. Mal wieder. Auch ansonsten wird der Antisemitismus in der Schweiz gerade zum ernsten Problem.<\/p>\n<p>SZ PlusVon Nicolas FreundModeratorinnen in Basel: Drei Frauen f\u00fchren durch die Show \u2013 warum fehlt Hunziker in den Halbfinals?<\/p>\n<p data-manual=\"paragraph\" data-schema-org-speakable=\"true\" class=\"css-1ylqqlw\">Drei Moderatorinnen gibt es: <strong>Hazel Brugger, Michelle Hunziker<\/strong> und <strong>Sandra Studer<\/strong>. Brugger, 31, ist in Deutschland als Stand-up Comedienne bekannt. Hunziker, 47, arbeitet vor allem als Moderatorin und wurde hierzulande unter anderem bekannt durch Deutschland sucht den Superstar oder Wetten, dass\u00a0&#8230;?. Studer nahm 1991 f\u00fcr die Schweiz beim ESC teil. Mit ihrem Lied \u201eCanzone Per Te\u201c wurde die heute 51-J\u00e4hrige F\u00fcnfte.<\/p>\n<p data-manual=\"paragraph\" data-schema-org-speakable=\"true\" class=\"css-1ylqqlw\">In den Halbfinals wird aus dem Trio nur ein Duo. <strong>Michelle Hunziker<\/strong> hat einen Vertrag mit dem italienischen Fernsehen, der sie an der Halbfinalteilnahme hindert. \u201eEin Nachteil, weil ich nat\u00fcrlich gerne die Halbfinals mit Hazel und Sandra moderiert h\u00e4tte. Ich habe einen Exklusivvertrag mit Mediaset und bin froh, wenigstens beim Finale dabei sein zu d\u00fcrfen. Aber es kann auch ein Vorteil f\u00fcr mich sein, weil die anderen beiden schon viel gearbeitet haben und ich dann mit neuer Energie dazusto\u00dfe\u201c, sagte die Moderatorin der Schweizer Illustrierten.<\/p>\n<p><a href=\"https:\/\/www.sueddeutsche.de\/medien\/eurovision-song-contest-esc-hazel-brugger-michelle-hunziker-sandra-studer-li.3186477\" aria-label=\"Artikelverlinkung:\" data-track-szde=\"{&quot;event&quot;:&quot;teaser_clicked&quot;,&quot;teaser_clicked&quot;:{&quot;article_title&quot;:&quot;moderatorinnen_trio_fuer_den_esc&quot;,&quot;doctype&quot;:&quot;&quot;,&quot;label&quot;:&quot;szplus&quot;,&quot;main_topic&quot;:&quot;fernsehen&quot;,&quot;object_id&quot;:&quot;li.3186477&quot;,&quot;pcat&quot;:&quot;paid&quot;,&quot;section&quot;:&quot;medien&quot;,&quot;teaser_type&quot;:&quot;article_teaser_top&quot;}}\" data-manual=\"teaser-url\" data-tb-link=\"\" aria-labelledby=\"teaser-httpswwwsueddeutschedemedieneurovision-song-contest-esc-hazel-brugger-michelle-hunziker-sandra-studer-li3186477\" class=\"css-14tg8sh\" target=\"_blank\" rel=\"noopener\"><img decoding=\"async\" src=\"https:\/\/www.europesays.com\/de\/wp-content\/uploads\/2025\/05\/8ce72de5-d402-4d24-a210-1f35097fe6df.jpeg\"   alt=\"\" loading=\"lazy\" class=\"css-8atqhb\"\/><\/p>\n<p>Eurovision Song Contest 2025<\/p>\n<p>:Moderatorinnen-Trio f\u00fcr den ESC<\/p>\n<p class=\"css-a6ecqs\" data-manual=\"teaser-text\" data-tb-description=\"\" data-schema-org-speakable=\"true\">Sandra Studer, Michelle Hunziker und Hazel Brugger sollen den diesj\u00e4hrigen ESC moderieren. M\u00f6glicherweise keine ganz einfache Aufgabe.<\/p>\n<p>SZ PlusVon Nicolas FreundWer kommentiert in der ARD?<\/p>\n<p data-manual=\"paragraph\" data-schema-org-speakable=\"true\" class=\"css-1ylqqlw\"><strong>Thorsten Schorn <\/strong>wird auch 2025 wieder den ESC f\u00fcr die ARD kommentieren. Er feierte im vergangenen Jahr sein Deb\u00fct beim Song Contest und beerbte die Ikone Peter Urban.<\/p>\n<p><a href=\"https:\/\/www.sueddeutsche.de\/projekte\/artikel\/panorama\/eurovision-song-contest-esc-peter-urban-kommentator-fernsehen-portraet-e984074\/\" aria-label=\"Artikelverlinkung:\" data-track-szde=\"{&quot;event&quot;:&quot;teaser_clicked&quot;,&quot;teaser_clicked&quot;:{&quot;article_title&quot;:&quot;ende_legende&quot;,&quot;doctype&quot;:&quot;&quot;,&quot;label&quot;:&quot;szplus&quot;,&quot;main_topic&quot;:&quot;fernsehen&quot;,&quot;object_id&quot;:&quot;er.e984074&quot;,&quot;pcat&quot;:&quot;paid&quot;,&quot;section&quot;:&quot;panorama&quot;,&quot;teaser_type&quot;:&quot;article_teaser_top&quot;}}\" data-manual=\"teaser-url\" data-tb-link=\"\" aria-labelledby=\"teaser-httpswwwsueddeutschedeprojekteartikelpanoramaeurovision-song-contest-esc-peter-urban-kommentator-fernsehen-portraet-e984074\" class=\"css-14tg8sh\" target=\"_blank\" rel=\"noopener\"><img decoding=\"async\" src=\"https:\/\/www.europesays.com\/de\/wp-content\/uploads\/2025\/05\/c34d1f70-41da-4324-92a8-c726a141bd72.jpeg\"   alt=\"\" loading=\"lazy\" class=\"css-8atqhb\"\/><\/p>\n<p>ESC-Kommentator Peter Urban<\/p>\n<p>:Ende Legende<\/p>\n<p class=\"css-a6ecqs\" data-manual=\"teaser-text\" data-tb-description=\"\" data-schema-org-speakable=\"true\">Peter Urban kommentiert zum letzten Mal den Eurovision Song Contest. F\u00fcr ein Interview mit Lena k\u00e4mpfte er sich durch eine Mauer Betrunkener, in Tel Aviv musste er zum falschen Zeitpunkt aufs Klo, und einmal bekam er ein Sonderlob aus Kasachstan. Warum er trotzdem sagt: \u201eEin richtiger ESC-Fan war ich nie.\u201c<\/p>\n<p>Wer oder was ist Lumo?<\/p>\n<p data-manual=\"paragraph\" data-schema-org-speakable=\"true\" class=\"css-1ylqqlw\">Erstmals seit 2002 gibt es wieder ein <strong>ESC-Maskottchen<\/strong>. Es hei\u00dft Lumo und soll die \u201eunaufhaltsame Kraft der <a href=\"https:\/\/www.sueddeutsche.de\/thema\/Musik\" target=\"_blank\" rel=\"noopener\">Musik<\/a> verk\u00f6rpern\u201c, wie der ausf\u00fchrende Sender SRG mitteilte. Die Idee zu Lumo hatte eine 20-j\u00e4hrige Designstudentin aus Basel.<\/p>\n<p><img decoding=\"async\" alt=\"Lumo ist das Maskottchen des 69. Eurovision Song Contests.\" data-manual=\"overline, headerImageCaption, headerImageSrc, headerImageSrcSet\" data-testid=\"responsive-image\" loading=\"lazy\"  src=\"https:\/\/www.europesays.com\/de\/wp-content\/uploads\/2025\/05\/70b7f2b7-acb9-4b97-ae42-ea60ecebad9e.jpeg\"  role=\"button\" tabindex=\"0\" class=\"css-y4bre2\"\/>Lumo ist das Maskottchen des 69. Eurovision Song Contests. (Foto: Georgios Kefalas\/Georgios Kefalas\/KEYSTONE\/dpa)Wie ist die Punktevergabe?<\/p>\n<p data-manual=\"paragraph\" data-schema-org-speakable=\"true\" class=\"css-1ylqqlw\">Jedes teilnehmende Land vergibt f\u00fcr die Beitr\u00e4ge im Finale einen bis zw\u00f6lf Punkte. Seit 2016 stimmen pro Land je eine Jury sowie die Zuschauer per Telefonvoting ab. Somit kann ein Beitrag maximal 24 Punkte aus einem Land erhalten. In den Halbfinals z\u00e4hlen ausschlie\u00dflich die Punkte des Publikums.<\/p>\n<p data-manual=\"paragraph\" data-schema-org-speakable=\"true\" class=\"css-1ylqqlw\">2023 gab es eine weitere Neuerung. Erstmals durften auch Zuschauer aus L\u00e4ndern abstimmen, die nicht am ESC teilnehmen, wie die USA, Brasilien oder T\u00fcrkei. Diese Ergebnisse wurden in der Kategorie \u201eRest der Welt\u201c zusammengefasst.<\/p>\n<p>Warum nehmen einige L\u00e4nder aus der EBU und Europa nicht teil?<\/p>\n<p data-manual=\"paragraph\" data-schema-org-speakable=\"true\" class=\"css-1ylqqlw\">Rum\u00e4nien, Bulgarien oder auch Ungarn oder die T\u00fcrkei: zahlreiche Mitgliedsl\u00e4nder der EBU nehmen 2025 nicht am ESC teil. Das hat verschiedene Gr\u00fcnde. Die TV-Stationen aus Rum\u00e4nien und Bulgarien haben schlichtweg finanzielle Schwierigkeiten, beim ESC dabei zu sein. So mussten auch die zuletzt erfolgreichen Moldauer die Teilnahme zur\u00fcckziehen.<\/p>\n<p data-manual=\"paragraph\" data-schema-org-speakable=\"true\" class=\"css-1ylqqlw\">Ungarn und die T\u00fcrkei verzichten freiwillig, weil den L\u00e4ndern die Veranstaltung zu queer ist und gegen die konservativen Anspr\u00fcche der \u00f6ffentlich-rechtlichen TV-Stationen und deren Regierungen spricht. Russland ist 2022 nach dem Angriffskrieg gegen die Ukraine vom ESC ausgeschlossen worden, daraufhin haben die russischen TV-Anstalten die EBU verlassen.<\/p>\n","protected":false},"excerpt":{"rendered":"Schrille Outfits, kuriose Auftritte und teils mittelm\u00e4\u00dfiger Gesang: Der 69. Eurovision Song Contest findet 2025 nach dem Sieg&hellip;\n","protected":false},"author":2,"featured_media":113494,"comment_status":"","ping_status":"","sticky":false,"template":"","format":"standard","meta":{"footnotes":""},"categories":[5],"tags":[331,332,147,3364,29,4631,441,30,13,62,810,14,15,1703,12,293,13527,149],"class_list":{"0":"post-113493","1":"post","2":"type-post","3":"status-publish","4":"format-standard","5":"has-post-thumbnail","7":"category-nachrichten","8":"tag-aktuelle-nachrichten","9":"tag-aktuelle-news","10":"tag-ausland","11":"tag-de","12":"tag-deutschland","13":"tag-eurovision-song-contest","14":"tag-fernsehen","15":"tag-germany","16":"tag-headlines","17":"tag-medien","18":"tag-musik","19":"tag-nachrichten","20":"tag-news","21":"tag-pop","22":"tag-schlagzeilen","23":"tag-schweiz","24":"tag-stefan-raab","25":"tag-sueddeutsche-zeitung"},"share_on_mastodon":{"url":"https:\/\/pubeurope.com\/@de\/114513960390626036","error":""},"_links":{"self":[{"href":"https:\/\/www.europesays.com\/de\/wp-json\/wp\/v2\/posts\/113493","targetHints":{"allow":["GET"]}}],"collection":[{"href":"https:\/\/www.europesays.com\/de\/wp-json\/wp\/v2\/posts"}],"about":[{"href":"https:\/\/www.europesays.com\/de\/wp-json\/wp\/v2\/types\/post"}],"author":[{"embeddable":true,"href":"https:\/\/www.europesays.com\/de\/wp-json\/wp\/v2\/users\/2"}],"replies":[{"embeddable":true,"href":"https:\/\/www.europesays.com\/de\/wp-json\/wp\/v2\/comments?post=113493"}],"version-history":[{"count":0,"href":"https:\/\/www.europesays.com\/de\/wp-json\/wp\/v2\/posts\/113493\/revisions"}],"wp:featuredmedia":[{"embeddable":true,"href":"https:\/\/www.europesays.com\/de\/wp-json\/wp\/v2\/media\/113494"}],"wp:attachment":[{"href":"https:\/\/www.europesays.com\/de\/wp-json\/wp\/v2\/media?parent=113493"}],"wp:term":[{"taxonomy":"category","embeddable":true,"href":"https:\/\/www.europesays.com\/de\/wp-json\/wp\/v2\/categories?post=113493"},{"taxonomy":"post_tag","embeddable":true,"href":"https:\/\/www.europesays.com\/de\/wp-json\/wp\/v2\/tags?post=113493"}],"curies":[{"name":"wp","href":"https:\/\/api.w.org\/{rel}","templated":true}]}}