{"id":1134951,"date":"2026-07-01T10:10:27","date_gmt":"2026-07-01T10:10:27","guid":{"rendered":"https:\/\/www.europesays.com\/de\/1134951\/"},"modified":"2026-07-01T10:10:27","modified_gmt":"2026-07-01T10:10:27","slug":"angelsportverein-laedt-zum-fischerfest-ein-hagenbach","status":"publish","type":"post","link":"https:\/\/www.europesays.com\/de\/1134951\/","title":{"rendered":"Angelsportverein l\u00e4dt zum Fischerfest ein &#8211; Hagenbach"},"content":{"rendered":"<p class=\"rhp-dpa-teaser\"><b>Der Angelsportverein l\u00e4dt vom 4. bis 6. Juli  wieder zu seinem traditionellen Fischerfest an der Grillh\u00fctte ein. Gleichzeitig feiert der Verein sein 80. Jubil\u00e4um.<\/b><\/p>\n<p> An drei Tagen erwartet die Besucher ein abwechslungsreiches Programm mit kulinarischen Spezialit\u00e4ten aus der Fischb\u00e4ckerei, Musik, Vereinswettbewerben und Angeboten f\u00fcr die ganze Familie. Den Auftakt bildet am Samstag das beliebte Freundschaftsangeln der \u00f6rtlichen Vereine und Gruppen am Baggersee Willersinn. Nach der Fester\u00f6ffnung um 17 Uhr sorgen unter anderem die Tanzschule Danzante, die Siegerehrung des Freundschaftsfischens sowie ein Partyabend mit DJ Franco Schinko f\u00fcr Unterhaltung. In Vereinskooperation mit dem Sportverein und den Hagenbacher W\u00f6lfen \u00f6ffnet die Bar.<\/p>\n<p>Der Sonntag steht ganz im Zeichen der Familie. Neben dem traditionellen Fr\u00fchschoppen und musikalischer Unterhaltung durch die S\u00fcdpfalzmusikanten zum Mittagessen erwartet die Besucher am Nachmittag ein vielseitiges Programm mit Kinderschminken, XXL-Fu\u00dfballdart, einer Jugendvorf\u00fchrung \u201eModernes Angeln\u201c mit Drillsimulator von Waldi\u2019s Angelsport sowie Kaffee, Kuchen und Eis. Au\u00dferdem werden am Abend die langj\u00e4hrigen Vereinsjubilare geehrt.<\/p>\n<p>Zum Ausklang des Fischerfestes findet am Montag der \u201eHagenbacher Gaudi- und Schlagerabend\u201c mit Unterhaltungsmusik von \u201eJo Paul\u201c statt. H\u00f6hepunkt des Abends ist um 20 Uhr der 1. Karpfen-K\u00e4nguru-Cup. Ein Sackh\u00fcpfwettbewerb f\u00fcr Spa\u00dfgruppen. Bis Mitternacht darf geschunkelt werden.<\/p>\n<p>W\u00e4hrend des gesamten Festwochenendes bietet der ASV <a class=\"rtr-entity\" data-rtr-entity=\"Hagenbach\" data-rtr-id=\"7ab45704a4a4556c2b53c1515c2875f91737017d\" data-rtr-score=\"61.6280964797914\" data-rtr-etype=\"location\" data-rtr-index=\"9\" href=\"https:\/\/www.rheinpfalz.de\/themen\/hagenbach\" rel=\"nofollow noopener\" target=\"_blank\">Hagenbach<\/a> seine traditionelle Fischbraterei sowie weitere Speisen und Getr\u00e4nke und Kaffee, Kuchen und Eis an. Der 1946 gegr\u00fcndete Verein freut sich anl\u00e4sslich seines Jubil\u00e4ums auf zahlreiche Besucher und ein geselliges Miteinander.<\/p>\n<p class=\"rhp-closing-headline\">Das Programm<\/p>\n<p class=\"rhp-closing-credits\">Samstag, 4. Juli<br \/>15 Uhr<\/p>\n<td>: Fischen der \u00f6rtlichen Vereine am Baggersee Willersinn<br \/>17 Uhr<\/td>\n<td>: Fester\u00f6ffnung an der Grillh\u00fctte<br \/>17 Uhr<\/td>\n<td>: Beginn der Fischbraterei<br \/>18:30 Uhr: Showtanz Tanzschule Danzante<br \/>19 Uhr:Barbetrieb Sportverein &amp; Hagenbach W\u00f6lfe<br \/>19 Uhr:Siegerehrung Freundschaftsfischen <br \/>19:30 Uhr: Partyabend mit DJ Franco Schinko <\/p>\n<p class=\"rhp-closing-credits\">Sonntag, 5. Juli <\/p>\n<\/td>\n<td>07:30 Uhr:K\u00f6nigsfischen der Vereinsmitglieder am Baggersee Willersinn<br \/>10:30 Uhr: Traditioneller Fr\u00fchschoppen<br \/>11 Uhr<\/td>\n<td>: Beginn der Fischbraterei und musikalischem Mittagstisch<br \/>11:30 Uhr: S\u00fcdpfalzmusikanten<br \/>12 Uhr<\/td>\n<td>: Eis von Eis-Caf\u00e9 Barbarossa<br \/>14:30 Uhr: Siegerehrung K\u00f6nigsfischen<br \/>15 Uhr: Jugendvorf\u00fchrung \u201eModernes Angeln\u201c mit Drillsimulator von \u201eWaldi\u2019s Angelsport\u201c<br \/>15 Uhr: Kinderschminken und XXL-Fu\u00dfballdart<br \/>17 Uhr<\/td>\n<td>: Barbetrieb Sportverein &amp; Hagenbach W\u00f6lfe<br \/>19 Uhr: Ehrung langj\u00e4hriger Vereinsjubilare<\/p>\n<p class=\"rhp-closing-credits\">Montag, 6. Juli<\/p>\n<\/td>\n<td>11:30 Uhr: Start der Fischbraterei mit Mittagstisch<br \/>18 Uhr<\/td>\n<td>: Barbetrieb Sportverein &amp; Hagenbach W\u00f6lfe<br \/>18:30 Uhr: Hagenbacher Gaudi- und Schlagerabend mit \u201eJo Paul\u201c<br \/>20  Uhr<\/td>\n<td>: Karpfen-K\u00e4nguru-Cup: Gaudi-Wettbewerb mit Sackh\u00fcpfen und anschlie\u00dfendem Angel-Zielwurf<\/td>\n<p><img decoding=\"async\" loading=\"lazy\" src=\"https:\/\/www.europesays.com\/de\/wp-content\/uploads\/2026\/07\/7046440_2_articledetail_img_20260620_223000.webp\" alt=\"Nach dem Ausscheiden der Nationalmannschaft wird es keine WM-\u00dcbertragung geben. \" title=\"Nach dem Ausscheiden der Nationalmannschaft wird es keine WM-\u00dcbertragung geben. \" width=\"753\" height=\"502\" class=\"nfy-mobile-first\"\/> Nach dem Ausscheiden der Nationalmannschaft wird es keine WM-\u00dcbertragung geben.Foto: Angelsportverein Hagenbach\/Tobias Zimmermann<\/p>\n","protected":false},"excerpt":{"rendered":"Der Angelsportverein l\u00e4dt vom 4. bis 6. Juli wieder zu seinem traditionellen Fischerfest an der Grillh\u00fctte ein. Gleichzeitig&hellip;\n","protected":false},"author":2,"featured_media":1134952,"comment_status":"","ping_status":"","sticky":false,"template":"","format":"standard","meta":{"footnotes":"","_share_on_mastodon":"0"},"categories":[1844],"tags":[1634,3364,29,88023,238890,30,32742,40895,8903,4060],"class_list":["post-1134951","post","type-post","status-publish","format-standard","has-post-thumbnail","category-karlsruhe","tag-baden-wuerttemberg","tag-de","tag-deutschland","tag-fischerfest","tag-franco-schinko","tag-germany","tag-hagenbach","tag-jo-paul","tag-karlsruhe","tag-lokal"],"share_on_mastodon":{"url":"https:\/\/pubeurope.com\/@de\/116844183589922011","error":""},"_links":{"self":[{"href":"https:\/\/www.europesays.com\/de\/wp-json\/wp\/v2\/posts\/1134951","targetHints":{"allow":["GET"]}}],"collection":[{"href":"https:\/\/www.europesays.com\/de\/wp-json\/wp\/v2\/posts"}],"about":[{"href":"https:\/\/www.europesays.com\/de\/wp-json\/wp\/v2\/types\/post"}],"author":[{"embeddable":true,"href":"https:\/\/www.europesays.com\/de\/wp-json\/wp\/v2\/users\/2"}],"replies":[{"embeddable":true,"href":"https:\/\/www.europesays.com\/de\/wp-json\/wp\/v2\/comments?post=1134951"}],"version-history":[{"count":0,"href":"https:\/\/www.europesays.com\/de\/wp-json\/wp\/v2\/posts\/1134951\/revisions"}],"wp:featuredmedia":[{"embeddable":true,"href":"https:\/\/www.europesays.com\/de\/wp-json\/wp\/v2\/media\/1134952"}],"wp:attachment":[{"href":"https:\/\/www.europesays.com\/de\/wp-json\/wp\/v2\/media?parent=1134951"}],"wp:term":[{"taxonomy":"category","embeddable":true,"href":"https:\/\/www.europesays.com\/de\/wp-json\/wp\/v2\/categories?post=1134951"},{"taxonomy":"post_tag","embeddable":true,"href":"https:\/\/www.europesays.com\/de\/wp-json\/wp\/v2\/tags?post=1134951"}],"curies":[{"name":"wp","href":"https:\/\/api.w.org\/{rel}","templated":true}]}}