{"id":1135027,"date":"2026-07-01T10:50:23","date_gmt":"2026-07-01T10:50:23","guid":{"rendered":"https:\/\/www.europesays.com\/de\/1135027\/"},"modified":"2026-07-01T10:50:23","modified_gmt":"2026-07-01T10:50:23","slug":"kernen-vhs-bietet-erstmalig-ganzwoechiges-ferienprogramm-an-was-ist-geboten-nachrichten-aus-kernen","status":"publish","type":"post","link":"https:\/\/www.europesays.com\/de\/1135027\/","title":{"rendered":"Kernen: VHS bietet erstmalig ganzw\u00f6chiges Ferienprogramm an \u2013 was ist geboten? &#8211; Nachrichten aus Kernen"},"content":{"rendered":"<p><strong>Kernen.<\/strong>  Dieses Jahr bietet die  VHS-Au\u00dfenstelle Kernen zum ersten Mal ein ausf\u00fchrliches Ferienprogramm an. Anders als beim  Auftakt 2025 l\u00e4sst sich das Kursangebot, das gleichzeitig eine M\u00f6glichkeit zur Kinderbetreuung darstellen soll, nicht nur an f\u00fcnf verschiedenen Tagen buchen \u2013 es wird an jedem Datum etwas anderes geboten. Alle Programmpunkte finden im VHS-Himbeerbau (Kirchstra\u00dfe 12\/1) statt und gehen von 9.30 bis 13.30 Uhr. Was ist geplant?<\/p>\n<p>Tag 1: Insektenhotel <\/p>\n","protected":false},"excerpt":{"rendered":"Kernen. Dieses Jahr bietet die VHS-Au\u00dfenstelle Kernen zum ersten Mal ein ausf\u00fchrliches Ferienprogramm an. Anders als beim Auftakt&hellip;\n","protected":false},"author":2,"featured_media":1135028,"comment_status":"","ping_status":"","sticky":false,"template":"","format":"standard","meta":{"footnotes":"","_share_on_mastodon":"0"},"categories":[1830],"tags":[238904,238905,1634,3364,29,238906,92276,6042,30,238907,14435,238908,1441,193537,238909],"class_list":["post-1135027","post","type-post","status-publish","format-standard","has-post-thumbnail","category-stuttgart","tag-anke-engelmann","tag-aud_familien","tag-baden-wuerttemberg","tag-de","tag-deutschland","tag-eva-katrin-fenrich","tag-ferienbetreuung","tag-ferienprogramm","tag-germany","tag-himbeerbau","tag-kernen","tag-kirchstrasse-12-1","tag-stuttgart","tag-un_hilf-mir-im-alltag","tag-vhs-aussenstelle"],"share_on_mastodon":{"url":"https:\/\/pubeurope.com\/@de\/116844339431817815","error":""},"_links":{"self":[{"href":"https:\/\/www.europesays.com\/de\/wp-json\/wp\/v2\/posts\/1135027","targetHints":{"allow":["GET"]}}],"collection":[{"href":"https:\/\/www.europesays.com\/de\/wp-json\/wp\/v2\/posts"}],"about":[{"href":"https:\/\/www.europesays.com\/de\/wp-json\/wp\/v2\/types\/post"}],"author":[{"embeddable":true,"href":"https:\/\/www.europesays.com\/de\/wp-json\/wp\/v2\/users\/2"}],"replies":[{"embeddable":true,"href":"https:\/\/www.europesays.com\/de\/wp-json\/wp\/v2\/comments?post=1135027"}],"version-history":[{"count":0,"href":"https:\/\/www.europesays.com\/de\/wp-json\/wp\/v2\/posts\/1135027\/revisions"}],"wp:featuredmedia":[{"embeddable":true,"href":"https:\/\/www.europesays.com\/de\/wp-json\/wp\/v2\/media\/1135028"}],"wp:attachment":[{"href":"https:\/\/www.europesays.com\/de\/wp-json\/wp\/v2\/media?parent=1135027"}],"wp:term":[{"taxonomy":"category","embeddable":true,"href":"https:\/\/www.europesays.com\/de\/wp-json\/wp\/v2\/categories?post=1135027"},{"taxonomy":"post_tag","embeddable":true,"href":"https:\/\/www.europesays.com\/de\/wp-json\/wp\/v2\/tags?post=1135027"}],"curies":[{"name":"wp","href":"https:\/\/api.w.org\/{rel}","templated":true}]}}