{"id":1135084,"date":"2026-07-01T11:21:28","date_gmt":"2026-07-01T11:21:28","guid":{"rendered":"https:\/\/www.europesays.com\/de\/1135084\/"},"modified":"2026-07-01T11:21:28","modified_gmt":"2026-07-01T11:21:28","slug":"ausbildungstag-2026-euregio-aktuell","status":"publish","type":"post","link":"https:\/\/www.europesays.com\/de\/1135084\/","title":{"rendered":"Ausbildungstag 2026 &#8211; Euregio Aktuell"},"content":{"rendered":"<p>Die Stadt Aachen l\u00e4dt am 8. Juli von 10 bis 16 Uhr zum Ausbildungstag 2026 ein. Am Elisenbrunnen, stellen sich einige Fachbereiche und Eigenbetriebe vor. Vor Ort sein wird das Ausbildungsteam des Fachbereichs Personal und Organisation, der Aachener Stadtbetrieb, die Feuerwehr, der Ordnungs- und Sicherheitsdienst sowie Mitarbeitende aus dem Kita-Bereich.\u00a0<\/p>\n<p>An verschiedenen St\u00e4nden kann man sich direkt mit den Kolleginnen und Kollegen austauschen und spannende Einblicke in verschiedene Berufsfelder erhalten. Die Stadt Aachen bietet \u00fcber 45 Ausbildungsm\u00f6glichkeiten in den unterschiedlichsten Bereichen an. Von Verwaltung und Gesundheit \u00fcber Handwerk und Technik bis hin zu sozialen und kulturellen Berufen ist alles dabei. Auch bei den Ausbildungswegen gibt es zahlreiche M\u00f6glichkeiten \u2013 von der klassischen Ausbildung bis zum dualen Studium, dazu vielf\u00e4ltige Einsatz- und Entwicklungsm\u00f6glichkeiten.<\/p>\n","protected":false},"excerpt":{"rendered":"Die Stadt Aachen l\u00e4dt am 8. Juli von 10 bis 16 Uhr zum Ausbildungstag 2026 ein. Am Elisenbrunnen,&hellip;\n","protected":false},"author":2,"featured_media":1135085,"comment_status":"","ping_status":"","sticky":false,"template":"","format":"standard","meta":{"footnotes":"","_share_on_mastodon":"0"},"categories":[1853],"tags":[30837,1424,238924,9945,3364,29,139042,548,663,3934,30,13,1942,1710,14,15,1209,12],"class_list":["post-1135084","post","type-post","status-publish","format-standard","has-post-thumbnail","category-aachen","tag-azubis","tag-aachen","tag-ausbildungstag-2026","tag-berufsausbildung","tag-de","tag-deutschland","tag-elisenbrunnen","tag-eu","tag-europa","tag-europe","tag-germany","tag-headlines","tag-job","tag-karriere","tag-nachrichten","tag-news","tag-nordrhein-westfalen","tag-schlagzeilen"],"share_on_mastodon":{"url":"https:\/\/pubeurope.com\/@de\/116844461271911747","error":""},"_links":{"self":[{"href":"https:\/\/www.europesays.com\/de\/wp-json\/wp\/v2\/posts\/1135084","targetHints":{"allow":["GET"]}}],"collection":[{"href":"https:\/\/www.europesays.com\/de\/wp-json\/wp\/v2\/posts"}],"about":[{"href":"https:\/\/www.europesays.com\/de\/wp-json\/wp\/v2\/types\/post"}],"author":[{"embeddable":true,"href":"https:\/\/www.europesays.com\/de\/wp-json\/wp\/v2\/users\/2"}],"replies":[{"embeddable":true,"href":"https:\/\/www.europesays.com\/de\/wp-json\/wp\/v2\/comments?post=1135084"}],"version-history":[{"count":0,"href":"https:\/\/www.europesays.com\/de\/wp-json\/wp\/v2\/posts\/1135084\/revisions"}],"wp:featuredmedia":[{"embeddable":true,"href":"https:\/\/www.europesays.com\/de\/wp-json\/wp\/v2\/media\/1135085"}],"wp:attachment":[{"href":"https:\/\/www.europesays.com\/de\/wp-json\/wp\/v2\/media?parent=1135084"}],"wp:term":[{"taxonomy":"category","embeddable":true,"href":"https:\/\/www.europesays.com\/de\/wp-json\/wp\/v2\/categories?post=1135084"},{"taxonomy":"post_tag","embeddable":true,"href":"https:\/\/www.europesays.com\/de\/wp-json\/wp\/v2\/tags?post=1135084"}],"curies":[{"name":"wp","href":"https:\/\/api.w.org\/{rel}","templated":true}]}}