{"id":1135177,"date":"2026-07-01T12:12:17","date_gmt":"2026-07-01T12:12:17","guid":{"rendered":"https:\/\/www.europesays.com\/de\/1135177\/"},"modified":"2026-07-01T12:12:17","modified_gmt":"2026-07-01T12:12:17","slug":"dragos-oprea-geht-vom-tvb-stuttgart-in-dritte-liga-u19-coach-uebernimmt-wuerzburg-tvb-stuttgart-news-aus-der-handball-bundesliga","status":"publish","type":"post","link":"https:\/\/www.europesays.com\/de\/1135177\/","title":{"rendered":"Dragos Oprea geht vom TVB Stuttgart in Dritte Liga: U19-Coach \u00fcbernimmt W\u00fcrzburg &#8211; TVB Stuttgart: News aus der Handball-Bundesliga"},"content":{"rendered":"<p><strong>Waiblingen-Bittenfeld.<\/strong> Dragos Oprea trainiert ab der kommenden Handball-Saison den Drittligisten W\u00f6lfe W\u00fcrzburg. Wie die Unterfranken am Wochenende mitteilten, \u00fcbernimmt der 43-J\u00e4hrige das Traineramt von Heiko Karrer, von dem sich die W\u00fcrzburger im selben Atemzug \u00fcberraschend trennten. Dragos Oprea hatte seit Februar 2024 die U19 des Bundesligisten TVB Stuttgart trainiert.<\/p>\n<p>Im Februar 2025 hatte er bereits seinen Abschied  aus dem Talent Hub des TVB angek\u00fcndigt, um<\/p>\n","protected":false},"excerpt":{"rendered":"Waiblingen-Bittenfeld. Dragos Oprea trainiert ab der kommenden Handball-Saison den Drittligisten W\u00f6lfe W\u00fcrzburg. Wie die Unterfranken am Wochenende mitteilten,&hellip;\n","protected":false},"author":2,"featured_media":1135178,"comment_status":"","ping_status":"","sticky":false,"template":"","format":"standard","meta":{"footnotes":"","_share_on_mastodon":"0"},"categories":[1830],"tags":[1634,3364,29,238955,30,1391,120540,74607,265,1441,4667,7401,190824,238956],"class_list":["post-1135177","post","type-post","status-publish","format-standard","has-post-thumbnail","category-stuttgart","tag-baden-wuerttemberg","tag-de","tag-deutschland","tag-dragos-oprea","tag-germany","tag-handball","tag-rems-murr-handball","tag-rems-murr-sport","tag-sport","tag-stuttgart","tag-trainerwechsel","tag-tvb-stuttgart","tag-un_kein-userneed","tag-woelfe-wuerzburg"],"share_on_mastodon":{"url":"https:\/\/pubeurope.com\/@de\/116844661738177588","error":""},"_links":{"self":[{"href":"https:\/\/www.europesays.com\/de\/wp-json\/wp\/v2\/posts\/1135177","targetHints":{"allow":["GET"]}}],"collection":[{"href":"https:\/\/www.europesays.com\/de\/wp-json\/wp\/v2\/posts"}],"about":[{"href":"https:\/\/www.europesays.com\/de\/wp-json\/wp\/v2\/types\/post"}],"author":[{"embeddable":true,"href":"https:\/\/www.europesays.com\/de\/wp-json\/wp\/v2\/users\/2"}],"replies":[{"embeddable":true,"href":"https:\/\/www.europesays.com\/de\/wp-json\/wp\/v2\/comments?post=1135177"}],"version-history":[{"count":0,"href":"https:\/\/www.europesays.com\/de\/wp-json\/wp\/v2\/posts\/1135177\/revisions"}],"wp:featuredmedia":[{"embeddable":true,"href":"https:\/\/www.europesays.com\/de\/wp-json\/wp\/v2\/media\/1135178"}],"wp:attachment":[{"href":"https:\/\/www.europesays.com\/de\/wp-json\/wp\/v2\/media?parent=1135177"}],"wp:term":[{"taxonomy":"category","embeddable":true,"href":"https:\/\/www.europesays.com\/de\/wp-json\/wp\/v2\/categories?post=1135177"},{"taxonomy":"post_tag","embeddable":true,"href":"https:\/\/www.europesays.com\/de\/wp-json\/wp\/v2\/tags?post=1135177"}],"curies":[{"name":"wp","href":"https:\/\/api.w.org\/{rel}","templated":true}]}}