{"id":1135189,"date":"2026-07-01T12:18:15","date_gmt":"2026-07-01T12:18:15","guid":{"rendered":"https:\/\/www.europesays.com\/de\/1135189\/"},"modified":"2026-07-01T12:18:15","modified_gmt":"2026-07-01T12:18:15","slug":"oez-attentat-in-muenchen-zum-gedenken-kommt-erstmals-auch-der-bundespraesident-muenchen","status":"publish","type":"post","link":"https:\/\/www.europesays.com\/de\/1135189\/","title":{"rendered":"OEZ-Attentat in M\u00fcnchen: Zum Gedenken kommt erstmals auch der Bundespr\u00e4sident &#8211; M\u00fcnchen"},"content":{"rendered":"<p data-manual=\"paragraph\" data-schema-org-speakable=\"true\" class=\"css-1eosz7k\">Lange war da dieses Gef\u00fchl, \u00fcbersehen zu werden, allein zu sein mit der Trauer und auch der Wut. Die Angeh\u00f6rigen der neun Menschen, die am 22. Juli 2016 beim rechtsterroristischen Attentat am <a href=\"https:\/\/www.sueddeutsche.de\/thema\/Olympia-Einkaufszentrum\" rel=\"nofollow noopener\" target=\"_blank\">Olympia-Einkaufszentrum<\/a> (OEZ) ermordet wurden, w\u00fcnschen sich seither mehr Anteilnahme. Zum Beispiel, dass <a href=\"https:\/\/www.sueddeutsche.de\/thema\/M%C3%BCnchen\" rel=\"nofollow noopener\" target=\"_blank\">M\u00fcnchen<\/a> und das OEZ in Reden von Politikern in einer Reihe genannt werden mit anderen Anschl\u00e4gen, etwa in Hanau und Halle.<\/p>\n<p data-manual=\"paragraph\" data-schema-org-speakable=\"true\" class=\"css-1eosz7k\">Zehn Jahre ist es nun her, was an jenem fr\u00fchen Abend an der Hanauer Stra\u00dfe geschah. Ein 18-J\u00e4hriger schoss am Olympia-Einkaufszentrum gezielt auf Menschen, die meisten von ihnen mit Migrationshintergrund. Da das Geschehen an jenem Abend lange unklar war und viele M\u00fcnchner weitere vermeintliche Sch\u00fcsse an anderen Orten meldeten, l\u00f6ste die Tat gro\u00dfe Unsicherheit in der Bev\u00f6lkerung aus. Erst nach Stunden gab es Entwarnung.<\/p>\n<p data-manual=\"paragraph\" data-schema-org-speakable=\"true\" class=\"css-1eosz7k\">Zun\u00e4chst hatten Polizei und Politik den Anschlag als Amoktat gewertet, erst 2019 wurde er als rassistisch motiviert eingestuft. Zum zehnten Jahrestag beteiligen sich einige Institutionen und Gruppen am Gedenken und erf\u00fcllen so den Wunsch der Angeh\u00f6rigen, nach dem sie ihre Initiative benannt haben: \u201e<a href=\"https:\/\/muenchen-erinnern.de\/\" target=\"_blank\" rel=\"nofollow noopener\">OEZ M\u00fcnchen erinnern!<\/a>\u201c<\/p>\n<p data-manual=\"paragraph\" data-schema-org-speakable=\"true\" class=\"css-1eosz7k\">Am Jahrestag des Anschlags, dem 22. Juli, wird es wieder eine Gedenkfeier am Ort des Anschlags geben. Bundespr\u00e4sident Frank-Walter Steinmeier wird sprechen, die Veranstaltung beginnt um 16 Uhr. \u201eEndlich\u201c, sagt Sibel Leyla, zeige jemand von der bundespolitischen Ebene Interesse. \u201eEndlich, nach so vielen Jahren Kampf.\u201c Es bedeute ihr und den anderen Angeh\u00f6rigen viel, \u201edass wir gesehen werden\u201c.<\/p>\n<p data-manual=\"paragraph\" data-schema-org-speakable=\"true\" class=\"css-1eosz7k\">Doch auch im Vorfeld des Jahrestags erinnern im Juli verschiedene Veranstaltungen und Aktionen an den OEZ-Anschlag\u00a0\u2013 hier eine Auswahl:<\/p>\n<p data-manual=\"paragraph\" data-schema-org-speakable=\"true\" class=\"css-1eosz7k\">Zwei der gro\u00dfen M\u00fcnchner Theater beteiligen sich am Erinnern. \u201eWelche Formen k\u00f6nnen wir f\u00fcr das Erinnern an Akte rechter Gewalt finden? Welche Rolle k\u00f6nnen Kunst und Musik dabei spielen?\u201c Das fragen die Kammerspiele und veranstalten am Freitag, 3. Juli, einen Workshop zu Musik und Erinnern. Am Abend desselben Tages wird der Film \u201eR\u00fcckblickend betrachtet\u201c gezeigt, er handelt vom Bau des OEZ zu Olympia 1972.<\/p>\n<p data-manual=\"paragraph\" data-schema-org-speakable=\"true\" class=\"css-1eosz7k\">Im Marstall des Residenztheaters findet am Mittwoch, 8. Juli, ein Gespr\u00e4ch \u00fcber das Weiterleben nach dem Anschlag, die Kontinuit\u00e4t rechter Gewalt in M\u00fcnchen statt. Auf dem Podium werden unter anderem die Angeh\u00f6rigen Sibel und Hasan Leyla sitzen.<\/p>\n<p>\u201eWir geh\u00f6ren zu dieser Stadt\u201c, sagt die Mutter des ermordeten Can Leyla<\/p>\n<p data-manual=\"paragraph\" data-schema-org-speakable=\"true\" class=\"css-1eosz7k\">Von 4. bis 31. Juli ist die Installation \u201eNach:Leben\u201c der K\u00fcnstlerin Cana Bilir-Meier an verschiedenen Orten in der Stadt zu sehen. Eine \u201eSpurensuche zu Orten rechter Gewalt und Stimmen der Resilienz\u201c.<\/p>\n<p data-manual=\"paragraph\" data-schema-org-speakable=\"true\" class=\"css-1eosz7k\">\u201eCarrying memory\u201c: So ist ein Treffen am Sonntag, 5. Juli, im Bellevue di Monaco \u00fcberschrieben. Amnesty International l\u00e4dt ein, mit Live-Musik und textbasierter Kunstausstellung soll ein Raum entstehen f\u00fcr Begegnung, Solidarit\u00e4t und Erinnerung.<\/p>\n<p data-manual=\"paragraph\" data-schema-org-speakable=\"true\" class=\"css-1eosz7k\">Am Sonntagnachmittag, 19. Juli, ist eine Demonstration geplant, vom G\u00e4rtnerplatz zum Landtag: \u201eZehn Jahre offene Fragen.\u201c Die Gruppe der Angeh\u00f6rigen will mehrere, aus ihrer Sicht noch immer offene Fragen zum Landtag tragen, etwa: \u201eWie viele Einzelt\u00e4ter sind ein Netzwerk?\u201c<\/p>\n<p data-manual=\"paragraph\" data-schema-org-speakable=\"true\" class=\"css-1eosz7k\">Im Lenbachhaus wird vom 22. Juli bis 30. August die Soundinstallation von Talya Feldman und des Sounddesigners Carlos \u00c1ngel Luppi zu h\u00f6ren sein: \u201eNamen, Stimmen. Herzen.\u201c<\/p>\n<p data-manual=\"paragraph\" data-schema-org-speakable=\"true\" class=\"css-1eosz7k\">\u201eKraft\u201c g\u00e4ben die zahlreichen Veranstaltungen und Aktionen zum zehnten Jahrestag ihnen, den Angeh\u00f6rigen, sagt Sibel Leyla. Diese Kraft habe sie dringend n\u00f6tig, jetzt, nach zehn Jahren ohne Can, ihren Sohn. Die Gruppe der Angeh\u00f6rigen w\u00fcnscht sich weiterhin, dass die McDonald\u2019s-Filiale, in der Can und mehrere andere erschossen wurden, zu einem Gedenkort werde. Und dass Stra\u00dfen nach den Get\u00f6teten benannt werden. Sibel Leyla sagt: \u201eWir geh\u00f6ren zu dieser Stadt.\u201c<\/p>\n","protected":false},"excerpt":{"rendered":"Lange war da dieses Gef\u00fchl, \u00fcbersehen zu werden, allein zu sein mit der Trauer und auch der Wut.&hellip;\n","protected":false},"author":2,"featured_media":1135190,"comment_status":"","ping_status":"","sticky":false,"template":"","format":"standard","meta":{"footnotes":"","_share_on_mastodon":"0"},"categories":[1827],"tags":[143545,772,29,30,6533,1268,67934,3661,149],"class_list":["post-1135189","post","type-post","status-publish","format-standard","has-post-thumbnail","category-muenchen","tag-anschlag-in-muenchen","tag-bayern","tag-deutschland","tag-germany","tag-moosach","tag-muenchen","tag-olympia-einkaufszentrum","tag-politik-muenchen","tag-sueddeutsche-zeitung"],"share_on_mastodon":{"url":"https:\/\/pubeurope.com\/@de\/116844685485834973","error":""},"_links":{"self":[{"href":"https:\/\/www.europesays.com\/de\/wp-json\/wp\/v2\/posts\/1135189","targetHints":{"allow":["GET"]}}],"collection":[{"href":"https:\/\/www.europesays.com\/de\/wp-json\/wp\/v2\/posts"}],"about":[{"href":"https:\/\/www.europesays.com\/de\/wp-json\/wp\/v2\/types\/post"}],"author":[{"embeddable":true,"href":"https:\/\/www.europesays.com\/de\/wp-json\/wp\/v2\/users\/2"}],"replies":[{"embeddable":true,"href":"https:\/\/www.europesays.com\/de\/wp-json\/wp\/v2\/comments?post=1135189"}],"version-history":[{"count":0,"href":"https:\/\/www.europesays.com\/de\/wp-json\/wp\/v2\/posts\/1135189\/revisions"}],"wp:featuredmedia":[{"embeddable":true,"href":"https:\/\/www.europesays.com\/de\/wp-json\/wp\/v2\/media\/1135190"}],"wp:attachment":[{"href":"https:\/\/www.europesays.com\/de\/wp-json\/wp\/v2\/media?parent=1135189"}],"wp:term":[{"taxonomy":"category","embeddable":true,"href":"https:\/\/www.europesays.com\/de\/wp-json\/wp\/v2\/categories?post=1135189"},{"taxonomy":"post_tag","embeddable":true,"href":"https:\/\/www.europesays.com\/de\/wp-json\/wp\/v2\/tags?post=1135189"}],"curies":[{"name":"wp","href":"https:\/\/api.w.org\/{rel}","templated":true}]}}