{"id":1135325,"date":"2026-07-01T13:32:28","date_gmt":"2026-07-01T13:32:28","guid":{"rendered":"https:\/\/www.europesays.com\/de\/1135325\/"},"modified":"2026-07-01T13:32:28","modified_gmt":"2026-07-01T13:32:28","slug":"pol-s-rollstuhlfahrer-faehrt-seniorin-an-zeugen-gesucht-blicklokal","status":"publish","type":"post","link":"https:\/\/www.europesays.com\/de\/1135325\/","title":{"rendered":"POL-S: Rollstuhlfahrer f\u00e4hrt Seniorin an \u2013 Zeugen gesucht \u2013 BlickLokal"},"content":{"rendered":"<p><a data-category=\"citylink-story-view\" data-action=\"click\" data-label=\"Citylink in Meldungsansicht\" class=\"story-city event-trigger\" href=\"https:\/\/www.presseportal.de\/regional\/Stuttgart-Ost\" title=\"News aus Stuttgart-Ost\" rel=\"nofollow noopener\" target=\"_blank\">Stuttgart-Ost<\/a> (ots)<\/p>\n<p>Ein bislang unbekannter Fahrer eines elektrischen Krankenfahrstuhls hat am Dienstagvormittag (31.06.2026) eine 93 Jahre alte Seniorin angefahren und ist davongefahren. Der Unbekannte fuhr mit seinem Rollstuhl gegen 10.20 Uhr auf dem Gehweg an der Fuchseckstra\u00dfe Richtung Wagenburgstra\u00dfe. Auf H\u00f6he der Hausnummer 14 stie\u00df er mit der 93 Jahre alten Frau zusammen, die sich mit ihrem Rollator am Hauseingang befand. Die Frau st\u00fcrzte und zog sich schwere Verletzungen zu. Der Rollstuhlfahrer machte zwei Passanten auf die gest\u00fcrzte Frau aufmerksam und fuhr Richtung Wagenburgstra\u00dfe und weiter Richtung Ostendstra\u00dfe davon. Die beiden Passanten k\u00fcmmerten sich um die Frau und alarmierten die Rettungskr\u00e4fte, welche die Seniorin in ein Krankenhaus brachten. Der Unbekannte ist etwa 70 bis 75 Jahre alt und zirka 170 bis 175 Zentimeter gro\u00df. Er hat eine kr\u00e4ftige Statur, eine Glatze sowie einen Schnurrbart und tr\u00e4gt eine Brille. Zeugen werden gebeten, sich unter der Rufnummer +4971189904100 bei der Verkehrspolizei zu melden.<\/p>\n<p class=\"contact-headline\">R\u00fcckfragen bitte an:<\/p>\n<p class=\"contact-text\">Polizeipr\u00e4sidium Stuttgart<br \/>Pressestelle<br \/>Telefon: 0711 \/ 8990 \u2013 1111<br \/>E-Mail: <a href=\"https:\/\/www.blicklokal.de\/pol-s-rollstuhlfahrer-faehrt-seniorin-an-zeugen-gesucht-2\/mailto:stuttgart.pressestelle@polizei.bwl.de\" class=\"uri-mailto\" rel=\"nofollow noopener\" target=\"_blank\">stuttgart.pressestelle@polizei.bwl.de<\/a><br \/>B\u00fcrozeiten: Montag bis Freitag 06.30 Uhr bis 18.00 Uhr<\/p>\n<p>Au\u00dferhalb der B\u00fcrozeiten:<br \/>Telefon: 0711 8990-3333<br \/>E-Mail: <a href=\"https:\/\/www.blicklokal.de\/pol-s-rollstuhlfahrer-faehrt-seniorin-an-zeugen-gesucht-2\/mailto:stuttgart.pp@polizei.bwl.de\" class=\"uri-mailto\" rel=\"nofollow noopener\" target=\"_blank\">stuttgart.pp@polizei.bwl.de<\/a><\/p>\n<p><a target=\"_blank\" class=\"uri-ext outbound\" rel=\"noopener nofollow\" href=\"https:\/\/ppstuttgart.polizei-bw.de\/\">https:\/\/ppstuttgart.polizei-bw.de\/<\/a><\/p>\n<p class=\"originator\">Original-Content von: Polizeipr\u00e4sidium Stuttgart, \u00fcbermittelt durch news aktuell<\/p>\n","protected":false},"excerpt":{"rendered":"Stuttgart-Ost (ots) Ein bislang unbekannter Fahrer eines elektrischen Krankenfahrstuhls hat am Dienstagvormittag (31.06.2026) eine 93 Jahre alte Seniorin&hellip;\n","protected":false},"author":2,"featured_media":1107092,"comment_status":"","ping_status":"","sticky":false,"template":"","format":"standard","meta":{"footnotes":"","_share_on_mastodon":"0"},"categories":[1830],"tags":[40332,40331,12277,1634,40330,40337,3364,29,4447,30,40333,14,15,40335,40329,40334,23879,1441,3866,40336,40328],"class_list":["post-1135325","post","type-post","status-publish","format-standard","has-post-thumbnail","category-stuttgart","tag-anzeigenblatt-main-tauber","tag-anzeigenblatt-neckar-odenwald","tag-anzeigenwerbung","tag-baden-wuerttemberg","tag-beilagenwerbung-wertheim","tag-blicklokal","tag-de","tag-deutschland","tag-events","tag-germany","tag-kleinanzeigen-main-tauber","tag-nachrichten","tag-news","tag-printwerbung-main-tauber","tag-prospektbeilage-tauberbischofsheim","tag-prospektverteilung-tauberbischofsheim","tag-rothenburg-ob-der-tauber","tag-stuttgart","tag-veranstaltungen","tag-wertheim","tag-wochenzeitung-main-tauber"],"share_on_mastodon":{"url":"https:\/\/pubeurope.com\/@de\/116844976420112943","error":""},"_links":{"self":[{"href":"https:\/\/www.europesays.com\/de\/wp-json\/wp\/v2\/posts\/1135325","targetHints":{"allow":["GET"]}}],"collection":[{"href":"https:\/\/www.europesays.com\/de\/wp-json\/wp\/v2\/posts"}],"about":[{"href":"https:\/\/www.europesays.com\/de\/wp-json\/wp\/v2\/types\/post"}],"author":[{"embeddable":true,"href":"https:\/\/www.europesays.com\/de\/wp-json\/wp\/v2\/users\/2"}],"replies":[{"embeddable":true,"href":"https:\/\/www.europesays.com\/de\/wp-json\/wp\/v2\/comments?post=1135325"}],"version-history":[{"count":0,"href":"https:\/\/www.europesays.com\/de\/wp-json\/wp\/v2\/posts\/1135325\/revisions"}],"wp:featuredmedia":[{"embeddable":true,"href":"https:\/\/www.europesays.com\/de\/wp-json\/wp\/v2\/media\/1107092"}],"wp:attachment":[{"href":"https:\/\/www.europesays.com\/de\/wp-json\/wp\/v2\/media?parent=1135325"}],"wp:term":[{"taxonomy":"category","embeddable":true,"href":"https:\/\/www.europesays.com\/de\/wp-json\/wp\/v2\/categories?post=1135325"},{"taxonomy":"post_tag","embeddable":true,"href":"https:\/\/www.europesays.com\/de\/wp-json\/wp\/v2\/tags?post=1135325"}],"curies":[{"name":"wp","href":"https:\/\/api.w.org\/{rel}","templated":true}]}}