{"id":1135643,"date":"2026-07-01T16:27:14","date_gmt":"2026-07-01T16:27:14","guid":{"rendered":"https:\/\/www.europesays.com\/de\/1135643\/"},"modified":"2026-07-01T16:27:14","modified_gmt":"2026-07-01T16:27:14","slug":"berlintrend-linke-staerkste-kraft-cdu-verliert-weiter","status":"publish","type":"post","link":"https:\/\/www.europesays.com\/de\/1135643\/","title":{"rendered":"BerlinTrend: Linke st\u00e4rkste Kraft, CDU verliert weiter"},"content":{"rendered":"<p>Knapp drei Monate vor der Abgeordnetenhauswahl ist die Linke st\u00e4rkste politische Kraft in Berlin. Das geht aus dem aktuellen Berlin-Trend von Infratest dimap im Auftrag der rbb24 Abendschau und von rbb 88.8 hervor.<\/p>\n<p>Wenn am Sonntag gew\u00e4hlt w\u00fcrde, k\u00e4me die Linke der Umfrage zufolge auf 20 Prozent, gefolgt von den Gr\u00fcnen mit 19 und der AfD mit 18 Prozent. Die CDU verliert weiter und k\u00e4me mit 17 Prozent nur noch auf Platz vier, vor der SPD mit 13 Prozent. FDP und BSW w\u00fcrden es mit jeweils 3 Prozent nicht ins Abgeordnetenhaus schaffen.<\/p>\n<p>Bei der Wiederholungswahl 2023 gewann die CDU mit 28,2 Prozent der Stimmen vor SPD und Gr\u00fcnen mit jeweils 18,4 Prozent.<\/p>\n","protected":false},"excerpt":{"rendered":"Knapp drei Monate vor der Abgeordnetenhauswahl ist die Linke st\u00e4rkste politische Kraft in Berlin. Das geht aus dem&hellip;\n","protected":false},"author":2,"featured_media":1135644,"comment_status":"","ping_status":"","sticky":false,"template":"","format":"standard","meta":{"footnotes":"","_share_on_mastodon":"0"},"categories":[1825],"tags":[296,29,30,141515,164239,134296],"class_list":["post-1135643","post","type-post","status-publish","format-standard","has-post-thumbnail","category-berlin","tag-berlin","tag-deutschland","tag-germany","tag-rbb24berlin-trend","tag-rbb24berlin-wahl","tag-rbb24tagesschau"],"share_on_mastodon":{"url":"https:\/\/pubeurope.com\/@de\/116845664483578305","error":""},"_links":{"self":[{"href":"https:\/\/www.europesays.com\/de\/wp-json\/wp\/v2\/posts\/1135643","targetHints":{"allow":["GET"]}}],"collection":[{"href":"https:\/\/www.europesays.com\/de\/wp-json\/wp\/v2\/posts"}],"about":[{"href":"https:\/\/www.europesays.com\/de\/wp-json\/wp\/v2\/types\/post"}],"author":[{"embeddable":true,"href":"https:\/\/www.europesays.com\/de\/wp-json\/wp\/v2\/users\/2"}],"replies":[{"embeddable":true,"href":"https:\/\/www.europesays.com\/de\/wp-json\/wp\/v2\/comments?post=1135643"}],"version-history":[{"count":0,"href":"https:\/\/www.europesays.com\/de\/wp-json\/wp\/v2\/posts\/1135643\/revisions"}],"wp:featuredmedia":[{"embeddable":true,"href":"https:\/\/www.europesays.com\/de\/wp-json\/wp\/v2\/media\/1135644"}],"wp:attachment":[{"href":"https:\/\/www.europesays.com\/de\/wp-json\/wp\/v2\/media?parent=1135643"}],"wp:term":[{"taxonomy":"category","embeddable":true,"href":"https:\/\/www.europesays.com\/de\/wp-json\/wp\/v2\/categories?post=1135643"},{"taxonomy":"post_tag","embeddable":true,"href":"https:\/\/www.europesays.com\/de\/wp-json\/wp\/v2\/tags?post=1135643"}],"curies":[{"name":"wp","href":"https:\/\/api.w.org\/{rel}","templated":true}]}}