{"id":1135653,"date":"2026-07-01T16:32:14","date_gmt":"2026-07-01T16:32:14","guid":{"rendered":"https:\/\/www.europesays.com\/de\/1135653\/"},"modified":"2026-07-01T16:32:14","modified_gmt":"2026-07-01T16:32:14","slug":"moenchengladbach-ulrike-schroeter-gibt-kuenstlerischen-einblick-in-ihr-haus-auf-mallorca","status":"publish","type":"post","link":"https:\/\/www.europesays.com\/de\/1135653\/","title":{"rendered":"M\u00f6nchengladbach: Ulrike Schr\u00f6ter gibt k\u00fcnstlerischen Einblick in ihr Haus auf Mallorca"},"content":{"rendered":"<p class=\"text_ohne_einzug richtext text-em-55 !leading-serif mx-6 desktop:mx-0\">Die K\u00fcnstlerin Kostenpflichtiger Inhalt <a href=\"https:\/\/rp-online.de\/nrw\/staedte\/moenchengladbach\/ausstellung-im-e71-ulrike-schroeter-beschaeftigt-sich-in-el-beso-transformado-mit-dem-musenkuss_aid-129388543\" rel=\"nofollow noopener\" target=\"_blank\">Ulrike Schr\u00f6ter<\/a> l\u00e4dt die G\u00e4ste ihrer Ausstellung in der Galerie im Atelierhaus E71 zu einem frei choreografierten \u201eTanz\u201c ein: Im Slalom k\u00f6nnen sie sich zwischen den von der Decke herabh\u00e4ngenden Objekten entlangschl\u00e4ngeln. Dann k\u00f6nnen sie in die Hocke gehen, um ein auf der Fensterbank liegendes Objekt zu betrachten, und wieder aufstehen, um weiter oben Fotografien zu betrachten. Genannt hat Schr\u00f6ter die Ausstellung \u201eDas K\u00fcnstlerhaus S\u00f3ller. Fotografische Choreografie architektonischer Augenblicke\u201c.<\/p>\n","protected":false},"excerpt":{"rendered":"Die K\u00fcnstlerin Kostenpflichtiger Inhalt Ulrike Schr\u00f6ter l\u00e4dt die G\u00e4ste ihrer Ausstellung in der Galerie im Atelierhaus E71 zu&hellip;\n","protected":false},"author":2,"featured_media":1135654,"comment_status":"","ping_status":"","sticky":false,"template":"","format":"standard","meta":{"footnotes":"","_share_on_mastodon":"0"},"categories":[1775],"tags":[1793,61485,2076,239068,239066,16105,239065,239067,29,61484,214,239069,1885,56503,30,5213,1794,67569,474,15956,75230,6907,39571,215,13199],"class_list":["post-1135653","post","type-post","status-publish","format-standard","has-post-thumbnail","category-kunst-und-design","tag-art-and-design","tag-atelierhaus","tag-ausstellung","tag-ausstellungspraesentation","tag-ausstellungstages","tag-choreografie","tag-choreografierten","tag-choreografierter","tag-deutschland","tag-e71","tag-entertainment","tag-farbfotografien","tag-fotografie","tag-fotografiert","tag-germany","tag-haus","tag-kunst-und-design","tag-kuenstlerhaus","tag-mallorca","tag-praesentation","tag-schroeter","tag-tanz","tag-ulrike","tag-unterhaltung","tag-wand"],"share_on_mastodon":{"url":"https:\/\/pubeurope.com\/@de\/116845684453124575","error":""},"_links":{"self":[{"href":"https:\/\/www.europesays.com\/de\/wp-json\/wp\/v2\/posts\/1135653","targetHints":{"allow":["GET"]}}],"collection":[{"href":"https:\/\/www.europesays.com\/de\/wp-json\/wp\/v2\/posts"}],"about":[{"href":"https:\/\/www.europesays.com\/de\/wp-json\/wp\/v2\/types\/post"}],"author":[{"embeddable":true,"href":"https:\/\/www.europesays.com\/de\/wp-json\/wp\/v2\/users\/2"}],"replies":[{"embeddable":true,"href":"https:\/\/www.europesays.com\/de\/wp-json\/wp\/v2\/comments?post=1135653"}],"version-history":[{"count":0,"href":"https:\/\/www.europesays.com\/de\/wp-json\/wp\/v2\/posts\/1135653\/revisions"}],"wp:featuredmedia":[{"embeddable":true,"href":"https:\/\/www.europesays.com\/de\/wp-json\/wp\/v2\/media\/1135654"}],"wp:attachment":[{"href":"https:\/\/www.europesays.com\/de\/wp-json\/wp\/v2\/media?parent=1135653"}],"wp:term":[{"taxonomy":"category","embeddable":true,"href":"https:\/\/www.europesays.com\/de\/wp-json\/wp\/v2\/categories?post=1135653"},{"taxonomy":"post_tag","embeddable":true,"href":"https:\/\/www.europesays.com\/de\/wp-json\/wp\/v2\/tags?post=1135653"}],"curies":[{"name":"wp","href":"https:\/\/api.w.org\/{rel}","templated":true}]}}