{"id":1135688,"date":"2026-07-01T16:52:18","date_gmt":"2026-07-01T16:52:18","guid":{"rendered":"https:\/\/www.europesays.com\/de\/1135688\/"},"modified":"2026-07-01T16:52:18","modified_gmt":"2026-07-01T16:52:18","slug":"wiesbaden-awk-startet-ooh-vermarktung-invidis","status":"publish","type":"post","link":"https:\/\/www.europesays.com\/de\/1135688\/","title":{"rendered":"Wiesbaden: AWK startet OoH-Vermarktung | invidis"},"content":{"rendered":"<p><a href=\"https:\/\/invidis.de\/2025\/12\/aussenwerbung-awk-gewinnt-wiesbaden\/\" rel=\"nofollow noopener\" target=\"_blank\">Im Dezember 2025<\/a> gewann die AWK Aussenwerbung die Ausschreibung f\u00fcr den Werbenutzungsvertrag f\u00fcr Wiesbaden. Seit dem 1. Juli 2026 vermarktet das Unternehmen offiziell die OoH- und DooH-Medien der hessischen Landeshauptstadt. Die Dienstleistungskonzession l\u00e4uft \u00fcber 15 Jahre und umfasst s\u00e4mtliche Werbetr\u00e4ger auf st\u00e4dtischem Grund und Boden.<\/p>\n<p>Der Au\u00dfenwerber bringt Gro\u00dffl\u00e4chen, Citylight-Poster, Citylight-S\u00e4ulen, Ganzs\u00e4ulen, Allgemeinstellen sowie Dauerwerbung und Hinweismedien in die Stadt ein. Auf privatem Grund vermarktet das Unternehmen in Wiesbaden bereits mehr als 200 Gro\u00dffl\u00e4chen und Citystar-Anlagen. Hinzu kommen 229 Citylight-Poster sowie ein Netz aus 34 Citylight-S\u00e4ulen mit 102 Fl\u00e4chen.<\/p>\n<p><a href=\"https:\/\/invidis.de\/wp-content\/uploads\/2026\/07\/cls_wiesbaden_awk.jpg\" data-lbwps-width=\"1200\" data-lbwps-height=\"750\" data-lbwps-srcsmall=\"https:\/\/invidis.de\/wp-content\/uploads\/2026\/07\/cls_wiesbaden_awk-375x234.jpg\" rel=\"nofollow noopener\" target=\"_blank\"><img loading=\"lazy\" decoding=\"async\" class=\"size-large wp-image-338878\" src=\"https:\/\/www.europesays.com\/de\/wp-content\/uploads\/2026\/07\/cls_wiesbaden_awk-1024x640.jpg\" alt=\"Auch OoH-Fl\u00e4chen k\u00f6nnen gebucht werden. (Foto: awk AUSSENWERBUNG)\" width=\"1024\" height=\"640\"  \/><\/a>Auch OoH-Fl\u00e4chen k\u00f6nnen gebucht werden. (Foto: awk AUSSENWERBUNG)<\/p>\n<p>Zu den bestehenden 20 digitalen Citylights baut AWK 23 analoge City-Light-Boards zu digitalen Gro\u00dffl\u00e4chen um. Diese Standorte stehen k\u00fcnftig auch f\u00fcr den programmatischen Einkauf zur Verf\u00fcgung.<\/p>\n<p>\u201eWiesbaden hat enormes Potenzial\u201c, sagt Jochen Gutzeit, Gesch\u00e4ftsf\u00fchrer der AWK Au\u00dfenwerbung. Gemeinsam mit den st\u00e4dtischen Partnern wolle das Unternehmen die Stadt zu einer Musterstadt f\u00fcr Au\u00dfenwerbung machen.<\/p>\n<blockquote class=\"wp-embedded-content\" data-secret=\"GHM5Sc5KwW\">\n<p><a href=\"https:\/\/invidis.de\/2025\/12\/aussenwerbung-awk-gewinnt-wiesbaden\/\" rel=\"nofollow noopener\" target=\"_blank\">Au\u00dfenwerbung: AWK gewinnt Wiesbaden<\/a><\/p>\n<\/blockquote>\n","protected":false},"excerpt":{"rendered":"Im Dezember 2025 gewann die AWK Aussenwerbung die Ausschreibung f\u00fcr den Werbenutzungsvertrag f\u00fcr Wiesbaden. Seit dem 1. Juli&hellip;\n","protected":false},"author":2,"featured_media":1135689,"comment_status":"","ping_status":"","sticky":false,"template":"","format":"standard","meta":{"footnotes":"","_share_on_mastodon":"0"},"categories":[1847],"tags":[3364,29,10976,548,663,3934,30,13,2052,14,15,12,4544],"class_list":["post-1135688","post","type-post","status-publish","format-standard","has-post-thumbnail","category-wiesbaden","tag-de","tag-deutschland","tag-dooh","tag-eu","tag-europa","tag-europe","tag-germany","tag-headlines","tag-hessen","tag-nachrichten","tag-news","tag-schlagzeilen","tag-wiesbaden"],"share_on_mastodon":{"url":"https:\/\/pubeurope.com\/@de\/116845764095243161","error":""},"_links":{"self":[{"href":"https:\/\/www.europesays.com\/de\/wp-json\/wp\/v2\/posts\/1135688","targetHints":{"allow":["GET"]}}],"collection":[{"href":"https:\/\/www.europesays.com\/de\/wp-json\/wp\/v2\/posts"}],"about":[{"href":"https:\/\/www.europesays.com\/de\/wp-json\/wp\/v2\/types\/post"}],"author":[{"embeddable":true,"href":"https:\/\/www.europesays.com\/de\/wp-json\/wp\/v2\/users\/2"}],"replies":[{"embeddable":true,"href":"https:\/\/www.europesays.com\/de\/wp-json\/wp\/v2\/comments?post=1135688"}],"version-history":[{"count":0,"href":"https:\/\/www.europesays.com\/de\/wp-json\/wp\/v2\/posts\/1135688\/revisions"}],"wp:featuredmedia":[{"embeddable":true,"href":"https:\/\/www.europesays.com\/de\/wp-json\/wp\/v2\/media\/1135689"}],"wp:attachment":[{"href":"https:\/\/www.europesays.com\/de\/wp-json\/wp\/v2\/media?parent=1135688"}],"wp:term":[{"taxonomy":"category","embeddable":true,"href":"https:\/\/www.europesays.com\/de\/wp-json\/wp\/v2\/categories?post=1135688"},{"taxonomy":"post_tag","embeddable":true,"href":"https:\/\/www.europesays.com\/de\/wp-json\/wp\/v2\/tags?post=1135688"}],"curies":[{"name":"wp","href":"https:\/\/api.w.org\/{rel}","templated":true}]}}