{"id":1135762,"date":"2026-07-01T17:36:17","date_gmt":"2026-07-01T17:36:17","guid":{"rendered":"https:\/\/www.europesays.com\/de\/1135762\/"},"modified":"2026-07-01T17:36:17","modified_gmt":"2026-07-01T17:36:17","slug":"duesseldorf-wieder-unfaelle-mit-autos-und-stadtbahnen","status":"publish","type":"post","link":"https:\/\/www.europesays.com\/de\/1135762\/","title":{"rendered":"D\u00fcsseldorf: Wieder Unf\u00e4lle mit Autos und Stadtbahnen\u00a0"},"content":{"rendered":"<p class=\"text_ohne_einzug richtext text-em-55 !leading-serif mx-6 desktop:mx-0\"> Die Serie an Unf\u00e4llen im Stadtgebiet, an denen Stadtbahnen beteiligt sind, rei\u00dft nicht ab. Gestern Nachmittag kam es gegen 17 Uhr zu einer Kollision einer U76 und einem Auto in H\u00f6he des Provinzialplatzes in Wersten, offenbar war einmal mehr ein misslungenes Wendeman\u00f6ver Grund f\u00fcr die Kollision. Die Polizei best\u00e4tigte den Unfall, konnte am Abend aber noch keine genauen Angaben zu dem Unfallhergang machen. Zwei Personen wurden leicht verletzt, die <a href=\"https:\/\/rp-online.de\/thema\/rheinbahn\/\" rel=\"nofollow noopener\" target=\"_blank\">Rheinbahn<\/a> teilte mit, dass die Sperrung nach rund einer Stunde wieder aufgehoben werden konnte.<\/p>\n<p class=\"richtext text-em-55 !leading-serif mx-6 desktop:mx-0\">Bereits am Mittag gab es eine Bahnst\u00f6rung an der Haltestelle Poststra\u00dfe, die Linien 706 und 709 waren betroffen, f\u00fcr l\u00e4ngere Zeit fuhren keine Bahnen mehr. Die Hintergr\u00fcnde sind noch nicht abschlie\u00dfend gekl\u00e4rt. Am Dienstag kam es zudem zu einem Zusammensto\u00df zwischen einer Bahn und einem Pkw in H\u00f6he des Martin-Luther-Platzes.<\/p>\n","protected":false},"excerpt":{"rendered":"Die Serie an Unf\u00e4llen im Stadtgebiet, an denen Stadtbahnen beteiligt sind, rei\u00dft nicht ab. Gestern Nachmittag kam es&hellip;\n","protected":false},"author":2,"featured_media":1135763,"comment_status":"","ping_status":"","sticky":false,"template":"","format":"standard","meta":{"footnotes":"","_share_on_mastodon":"0"},"categories":[1831],"tags":[1739,2895,3364,29,3405,30,5463,4905,1209,23148,4102,1806,11238,1284,2624,32679,20010,9426],"class_list":["post-1135762","post","type-post","status-publish","format-standard","has-post-thumbnail","category-duesseldorf","tag-bahn","tag-bahnstoerung","tag-de","tag-deutschland","tag-duesseldorf","tag-germany","tag-hohe","tag-kollision","tag-nordrhein-westfalen","tag-personen","tag-rheinbahn","tag-serie","tag-stadtbahn","tag-unfall","tag-unfaelle","tag-unfaellen","tag-unfallhergang","tag-zusammenstoss"],"share_on_mastodon":{"url":"","error":""},"_links":{"self":[{"href":"https:\/\/www.europesays.com\/de\/wp-json\/wp\/v2\/posts\/1135762","targetHints":{"allow":["GET"]}}],"collection":[{"href":"https:\/\/www.europesays.com\/de\/wp-json\/wp\/v2\/posts"}],"about":[{"href":"https:\/\/www.europesays.com\/de\/wp-json\/wp\/v2\/types\/post"}],"author":[{"embeddable":true,"href":"https:\/\/www.europesays.com\/de\/wp-json\/wp\/v2\/users\/2"}],"replies":[{"embeddable":true,"href":"https:\/\/www.europesays.com\/de\/wp-json\/wp\/v2\/comments?post=1135762"}],"version-history":[{"count":0,"href":"https:\/\/www.europesays.com\/de\/wp-json\/wp\/v2\/posts\/1135762\/revisions"}],"wp:featuredmedia":[{"embeddable":true,"href":"https:\/\/www.europesays.com\/de\/wp-json\/wp\/v2\/media\/1135763"}],"wp:attachment":[{"href":"https:\/\/www.europesays.com\/de\/wp-json\/wp\/v2\/media?parent=1135762"}],"wp:term":[{"taxonomy":"category","embeddable":true,"href":"https:\/\/www.europesays.com\/de\/wp-json\/wp\/v2\/categories?post=1135762"},{"taxonomy":"post_tag","embeddable":true,"href":"https:\/\/www.europesays.com\/de\/wp-json\/wp\/v2\/tags?post=1135762"}],"curies":[{"name":"wp","href":"https:\/\/api.w.org\/{rel}","templated":true}]}}