{"id":1135849,"date":"2026-07-01T18:23:23","date_gmt":"2026-07-01T18:23:23","guid":{"rendered":"https:\/\/www.europesays.com\/de\/1135849\/"},"modified":"2026-07-01T18:23:23","modified_gmt":"2026-07-01T18:23:23","slug":"re47-erste-regulaere-verbindungen-zwischen-hilden-solingen-und-duesseldorf","status":"publish","type":"post","link":"https:\/\/www.europesays.com\/de\/1135849\/","title":{"rendered":"RE47: Erste regul\u00e4re Verbindungen zwischen Hilden, Solingen und D\u00fcsseldorf"},"content":{"rendered":"<p class=\"text_ohne_einzug richtext text-em-55 !leading-serif mx-6 desktop:mx-0\"> Die Stimmung bei den Fahrg\u00e4sten und dem Zugbegleiter im RE47 zwischen <a href=\"https:\/\/rp-online.de\/thema\/duesseldorf\/\" rel=\"nofollow noopener\" target=\"_blank\">D\u00fcsseldorf<\/a> und Remscheid-Lennep ist gel\u00f6st am Mittwochmorgen (1. Juli). Kostenpflichtiger Inhalt <a href=\"https:\/\/rp-online.de\/nrw\/staedte\/solingen\/re47-duesseldorf-hilden-solingen-remscheid-faehrt-ab-172026_aid-149558163\" target=\"_blank\" rel=\"nofollow noopener\">Erstmals seit drei Jahren wird die Linie, die auch in Hilden und Solingen h\u00e4lt, an diesem Tag wieder bedient.<\/a> Mehrere der Mitfahrer sind so gut gelaunt, dass sie dem Kontrolleur freiwillig ihr Ticket zeigen und sich f\u00fcr die angenehme Fahrt bedanken. \u201eWir freuen uns \u00fcber das positive Feedback. So macht uns die Arbeit nat\u00fcrlich auch mehr Spa\u00df\u201c, sagt Zugbegleiter Nurdin Elkartit mit einem Lachen. Im Gegenzug verteilen die Zugbegleiter kleine Schokoladentafeln mit der Aufschrift \u201eDer RE47 ist zur\u00fcck\u201c an die Fahrg\u00e4ste.<\/p>\n","protected":false},"excerpt":{"rendered":"Die Stimmung bei den Fahrg\u00e4sten und dem Zugbegleiter im RE47 zwischen D\u00fcsseldorf und Remscheid-Lennep ist gel\u00f6st am Mittwochmorgen&hellip;\n","protected":false},"author":2,"featured_media":1135850,"comment_status":"","ping_status":"","sticky":false,"template":"","format":"standard","meta":{"footnotes":"","_share_on_mastodon":"0"},"categories":[1840],"tags":[82133,3364,29,30,13313,1209,21537,7223,2898,4418,26113],"class_list":["post-1135849","post","type-post","status-publish","format-standard","has-post-thumbnail","category-wuppertal","tag-re47","tag-de","tag-deutschland","tag-germany","tag-hilden","tag-nordrhein-westfalen","tag-remscheid","tag-solingen","tag-verspaetung","tag-wuppertal","tag-zugbegleiter"],"share_on_mastodon":{"url":"","error":""},"_links":{"self":[{"href":"https:\/\/www.europesays.com\/de\/wp-json\/wp\/v2\/posts\/1135849","targetHints":{"allow":["GET"]}}],"collection":[{"href":"https:\/\/www.europesays.com\/de\/wp-json\/wp\/v2\/posts"}],"about":[{"href":"https:\/\/www.europesays.com\/de\/wp-json\/wp\/v2\/types\/post"}],"author":[{"embeddable":true,"href":"https:\/\/www.europesays.com\/de\/wp-json\/wp\/v2\/users\/2"}],"replies":[{"embeddable":true,"href":"https:\/\/www.europesays.com\/de\/wp-json\/wp\/v2\/comments?post=1135849"}],"version-history":[{"count":0,"href":"https:\/\/www.europesays.com\/de\/wp-json\/wp\/v2\/posts\/1135849\/revisions"}],"wp:featuredmedia":[{"embeddable":true,"href":"https:\/\/www.europesays.com\/de\/wp-json\/wp\/v2\/media\/1135850"}],"wp:attachment":[{"href":"https:\/\/www.europesays.com\/de\/wp-json\/wp\/v2\/media?parent=1135849"}],"wp:term":[{"taxonomy":"category","embeddable":true,"href":"https:\/\/www.europesays.com\/de\/wp-json\/wp\/v2\/categories?post=1135849"},{"taxonomy":"post_tag","embeddable":true,"href":"https:\/\/www.europesays.com\/de\/wp-json\/wp\/v2\/tags?post=1135849"}],"curies":[{"name":"wp","href":"https:\/\/api.w.org\/{rel}","templated":true}]}}