{"id":1135975,"date":"2026-07-01T19:37:15","date_gmt":"2026-07-01T19:37:15","guid":{"rendered":"https:\/\/www.europesays.com\/de\/1135975\/"},"modified":"2026-07-01T19:37:15","modified_gmt":"2026-07-01T19:37:15","slug":"viersen-zwei-maenner-nach-schlaegerei-am-bahnhof-festgenommen","status":"publish","type":"post","link":"https:\/\/www.europesays.com\/de\/1135975\/","title":{"rendered":"Viersen: Zwei M\u00e4nner nach Schl\u00e4gerei am Bahnhof festgenommen"},"content":{"rendered":"<p class=\"text_ohne_einzug richtext text-em-55 !leading-serif mx-6 desktop:mx-0\"> Die <a href=\"https:\/\/rp-online.de\/thema\/polizei\/\" rel=\"nofollow noopener\" target=\"_blank\">Polizei<\/a> hat am Dienstag zwei M\u00e4nner in Gewahrsam genommen, die zwei gef\u00e4hrliche K\u00f6rperverletzungen begangen haben sollen. Gegen 14 Uhr hatten sich laut Polizei zwei M\u00e4nner in einem Wohngeb\u00e4ude an der Heinz-Luhnen-Stra\u00dfe in <a href=\"https:\/\/rp-online.de\/thema\/viersen\/\" rel=\"nofollow noopener\" target=\"_blank\">Viersen<\/a> gestritten. Als ein Unbeteiligter seine Wohnungst\u00fcr \u00f6ffnete, wurde er unvermittelt von einem der M\u00e4nner ins Gesicht geschlagen. Anschlie\u00dfend wurde er in seinem B\u00fcro von beiden M\u00e4nnern weiter geschlagen und zu Boden getreten. Trotz der Angriffe konnte sich der Gesch\u00e4digte auf den Dachboden fl\u00fcchten. Daraufhin wurde die Polizei informiert.<\/p>\n<p class=\"richtext text-em-55 !leading-serif mx-6 desktop:mx-0\">Die zwei Unbekannten sind in der Zeit mit einer weiteren Person in Richtung Bahnhof gegangen. Dort stand ein Firmenwagen mit zwei m\u00e4nnlichen Insassen. Dieses Auto wurde von den gleichen zwei Tatverd\u00e4chtigen mit Gewalt besch\u00e4digt, sodass eine Scheibe des Fahrzeugs zu Bruch ging und einer der Insassen verletzt wurde. Die Polizei traf beide Tatverd\u00e4chtigen dort noch an und nahm sie in Gewahrsam. Zudem wurde ihnen aufgrund der Alkoholisierung eine Blutprobe entnommen.<\/p>\n","protected":false},"excerpt":{"rendered":"Die Polizei hat am Dienstag zwei M\u00e4nner in Gewahrsam genommen, die zwei gef\u00e4hrliche K\u00f6rperverletzungen begangen haben sollen. Gegen&hellip;\n","protected":false},"author":2,"featured_media":1135976,"comment_status":"","ping_status":"","sticky":false,"template":"","format":"standard","meta":{"footnotes":"","_share_on_mastodon":"0"},"categories":[1849],"tags":[2037,30707,3364,29,548,663,3934,30,18252,6057,1000,13,18350,5402,4455,14,15,1209,12,16335,18183,239123],"class_list":["post-1135975","post","type-post","status-publish","format-standard","has-post-thumbnail","category-moenchengladbach","tag-bahnhof","tag-beschaedigt","tag-de","tag-deutschland","tag-eu","tag-europa","tag-europe","tag-germany","tag-geschlagen","tag-gewahrsam","tag-gewalt","tag-headlines","tag-insassen","tag-maenner","tag-moenchengladbach","tag-nachrichten","tag-news","tag-nordrhein-westfalen","tag-schlagzeilen","tag-tatverdaechtigen","tag-viersen","tag-weitergeschlagen"],"share_on_mastodon":{"url":"https:\/\/pubeurope.com\/@de\/116846411686890017","error":""},"_links":{"self":[{"href":"https:\/\/www.europesays.com\/de\/wp-json\/wp\/v2\/posts\/1135975","targetHints":{"allow":["GET"]}}],"collection":[{"href":"https:\/\/www.europesays.com\/de\/wp-json\/wp\/v2\/posts"}],"about":[{"href":"https:\/\/www.europesays.com\/de\/wp-json\/wp\/v2\/types\/post"}],"author":[{"embeddable":true,"href":"https:\/\/www.europesays.com\/de\/wp-json\/wp\/v2\/users\/2"}],"replies":[{"embeddable":true,"href":"https:\/\/www.europesays.com\/de\/wp-json\/wp\/v2\/comments?post=1135975"}],"version-history":[{"count":0,"href":"https:\/\/www.europesays.com\/de\/wp-json\/wp\/v2\/posts\/1135975\/revisions"}],"wp:featuredmedia":[{"embeddable":true,"href":"https:\/\/www.europesays.com\/de\/wp-json\/wp\/v2\/media\/1135976"}],"wp:attachment":[{"href":"https:\/\/www.europesays.com\/de\/wp-json\/wp\/v2\/media?parent=1135975"}],"wp:term":[{"taxonomy":"category","embeddable":true,"href":"https:\/\/www.europesays.com\/de\/wp-json\/wp\/v2\/categories?post=1135975"},{"taxonomy":"post_tag","embeddable":true,"href":"https:\/\/www.europesays.com\/de\/wp-json\/wp\/v2\/tags?post=1135975"}],"curies":[{"name":"wp","href":"https:\/\/api.w.org\/{rel}","templated":true}]}}