{"id":1135993,"date":"2026-07-01T19:48:29","date_gmt":"2026-07-01T19:48:29","guid":{"rendered":"https:\/\/www.europesays.com\/de\/1135993\/"},"modified":"2026-07-01T19:48:29","modified_gmt":"2026-07-01T19:48:29","slug":"entspannung-beim-wasser-bielefelder-trinkwasserampel-wieder-auf-gruen","status":"publish","type":"post","link":"https:\/\/www.europesays.com\/de\/1135993\/","title":{"rendered":"Entspannung beim Wasser: Bielefelder Trinkwasserampel wieder auf Gr\u00fcn"},"content":{"rendered":"<p id=\"absatz1\" class=\"em_text\">Bielefeld. Die Trinkwasserampel der Stadtwerke Bielefeld ist von Gelb auf Gr\u00fcn zur\u00fcckgestellt worden. Das geht aus einer Mitteilung der Stadtwerke hervor. Damit signalisiert der Versorger, dass sich die Trinkwasserversorgung wieder stabilisiert hat und Wasser in ausreichender Menge und Qualit\u00e4t zur Verf\u00fcgung steht.<\/p>\n<p id=\"absatz2\" class=\"em_text\">Ausschlaggebend f\u00fcr die R\u00fcckstellung waren unter anderem ein r\u00fcckl\u00e4ufiger Verbrauch, eine positive Wettervorhersage sowie eine insgesamt entspanntere Nachfrageentwicklung. \u201eDie R\u00fcckkehr auf Gr\u00fcn zeigt, dass das Zusammenspiel aus technischen Ma\u00dfnahmen und dem verantwortungsvollen Verhalten vieler B\u00fcrgerinnen und B\u00fcrger wirkt\u201c, sagt Dr. Nils Neusel-Lange, Gesch\u00e4ftsbereichsleiter Netze und Infrastruktur bei den Stadtwerken Bielefeld.<\/p>\n<p id=\"absatz3\" class=\"em_text\">Auch in der gr\u00fcnen Phase bitten die Stadtwerke weiterhin um einen bewussten Umgang mit Trinkwasser. Ein sparsamer Einsatz tr\u00e4gt dazu bei, die Grundwasservorr\u00e4te zu schonen und die Versorgung langfristig abzusichern, insbesondere vor dem Hintergrund sich ver\u00e4ndernder klimatischer Rahmenbedingungen. Nils Neusel-Lange: \u201eWir werden die Situation weiter genau im Blick behalten. Es ist nicht auszuschlie\u00dfen, dass wir den Ampelstatus im Verlauf des Sommers noch mal \u00e4ndern m\u00fcssen.\u201c<\/p>\n<p id=\"absatz4\" class=\"em_text\">Die Trinkwasserampel ist Teil eines umfassenden Trinkwassersparkonzepts der Stadt Bielefeld und dient als dauerhaftes Informationsinstrument. Aktuelle Informationen sind jederzeit online abrufbar unter <a href=\"https:\/\/www.stadtwerke-bielefeld.de\/privatkunden\/wasser\/trinkwasser\/trinkwasserampel\" rel=\"nofollow noopener\" target=\"_blank\">https:\/\/www.stadtwerke-bielefeld.de\/privatkunden\/wasser\/trinkwasser\/trinkwasserampel.<\/a><\/p>\n<p id=\"absatz5\"><b class=\"bold\">Mehr zum Thema:<\/b> <a href=\"https:\/\/www.nw.de\/lokal\/bielefeld\/mitte\/24360838_Angespannte-Lage-Was-passiert-wenn-Bielefelds-Trinkwasserampel-auf-Rot-springt.html\" rel=\"nofollow noopener\" target=\"_blank\">Angespannte Lage \u2013 Was passiert, wenn Bielefelds Trinkwasserampel auf Rot springt?<\/a> <\/p>\n","protected":false},"excerpt":{"rendered":"Bielefeld. Die Trinkwasserampel der Stadtwerke Bielefeld ist von Gelb auf Gr\u00fcn zur\u00fcckgestellt worden. Das geht aus einer Mitteilung&hellip;\n","protected":false},"author":2,"featured_media":1135994,"comment_status":"","ping_status":"","sticky":false,"template":"","format":"standard","meta":{"footnotes":"","_share_on_mastodon":"0"},"categories":[1841],"tags":[1605,3364,29,17030,30,198079,736,164252,10127,1613,109076,1209,6397,27793,224297,14152],"class_list":["post-1135993","post","type-post","status-publish","format-standard","has-post-thumbnail","category-bielefeld","tag-bielefeld","tag-de","tag-deutschland","tag-entspannung","tag-germany","tag-meta_artikelklasse_seo","tag-meta_copyrights_nw","tag-meta_eo_zusammenfassung","tag-meta_themen_natur_klima_umwelt","tag-meta_userneeds_informieremich","tag-nils-neusel-lange","tag-nordrhein-westfalen","tag-stadtwerke","tag-stadtwerke-bielefeld","tag-trinkwasserampel","tag-verbrauch"],"share_on_mastodon":{"url":"https:\/\/pubeurope.com\/@de\/116846454824000775","error":""},"_links":{"self":[{"href":"https:\/\/www.europesays.com\/de\/wp-json\/wp\/v2\/posts\/1135993","targetHints":{"allow":["GET"]}}],"collection":[{"href":"https:\/\/www.europesays.com\/de\/wp-json\/wp\/v2\/posts"}],"about":[{"href":"https:\/\/www.europesays.com\/de\/wp-json\/wp\/v2\/types\/post"}],"author":[{"embeddable":true,"href":"https:\/\/www.europesays.com\/de\/wp-json\/wp\/v2\/users\/2"}],"replies":[{"embeddable":true,"href":"https:\/\/www.europesays.com\/de\/wp-json\/wp\/v2\/comments?post=1135993"}],"version-history":[{"count":0,"href":"https:\/\/www.europesays.com\/de\/wp-json\/wp\/v2\/posts\/1135993\/revisions"}],"wp:featuredmedia":[{"embeddable":true,"href":"https:\/\/www.europesays.com\/de\/wp-json\/wp\/v2\/media\/1135994"}],"wp:attachment":[{"href":"https:\/\/www.europesays.com\/de\/wp-json\/wp\/v2\/media?parent=1135993"}],"wp:term":[{"taxonomy":"category","embeddable":true,"href":"https:\/\/www.europesays.com\/de\/wp-json\/wp\/v2\/categories?post=1135993"},{"taxonomy":"post_tag","embeddable":true,"href":"https:\/\/www.europesays.com\/de\/wp-json\/wp\/v2\/tags?post=1135993"}],"curies":[{"name":"wp","href":"https:\/\/api.w.org\/{rel}","templated":true}]}}