{"id":1136053,"date":"2026-07-01T20:23:16","date_gmt":"2026-07-01T20:23:16","guid":{"rendered":"https:\/\/www.europesays.com\/de\/1136053\/"},"modified":"2026-07-01T20:23:16","modified_gmt":"2026-07-01T20:23:16","slug":"gekommen-um-zu-bleiben-selina-haeusser-folgt-marcel-schindler-in-kernen-nach-nachrichten-aus-kernen","status":"publish","type":"post","link":"https:\/\/www.europesays.com\/de\/1136053\/","title":{"rendered":"Gekommen, um zu bleiben: Selina H\u00e4u\u00dfer folgt Marcel Schindler in Kernen nach &#8211; Nachrichten aus Kernen"},"content":{"rendered":"<p><strong>Kernen. <\/strong> Marcel Schindler, bis vor kurzem noch Leiter des  Amts f\u00fcr zentrale Aufgaben im Rathaus in Kernen, hat j\u00fcngst sein  Amt als B\u00fcrgermeister in Urbach angetreten. Damit ist in Kernen eines der wichtigsten \u00c4mter frei \u2013 und das hat die Gemeinde nun intern neu besetzen k\u00f6nnen. Selina H\u00e4u\u00dfer kommt aus Backnang, arbeitet seit einem Jahr in der Kernener Verwaltung \u2013 und nimmt die neue Herausforderung mit gr\u00f6\u00dfter Motivation an. Wer ist die 24-J\u00e4hrige?<\/p>\n<p>Im Studium <\/p>\n","protected":false},"excerpt":{"rendered":"Kernen. Marcel Schindler, bis vor kurzem noch Leiter des Amts f\u00fcr zentrale Aufgaben im Rathaus in Kernen, hat&hellip;\n","protected":false},"author":2,"featured_media":1136054,"comment_status":"","ping_status":"","sticky":false,"template":"","format":"standard","meta":{"footnotes":"","_share_on_mastodon":"0"},"categories":[1830],"tags":[85549,239140,1634,3364,29,30,14435,2218,42114,239141,239142,1441,232602],"class_list":["post-1136053","post","type-post","status-publish","format-standard","has-post-thumbnail","category-stuttgart","tag-amtsleiter","tag-amtsleiterin","tag-baden-wuerttemberg","tag-de","tag-deutschland","tag-germany","tag-kernen","tag-rathaus","tag-rathaus-kernen","tag-rathausspitze","tag-selina-haeusser","tag-stuttgart","tag-un_beruehre-mich"],"share_on_mastodon":{"url":"https:\/\/pubeurope.com\/@de\/116846592612063566","error":""},"_links":{"self":[{"href":"https:\/\/www.europesays.com\/de\/wp-json\/wp\/v2\/posts\/1136053","targetHints":{"allow":["GET"]}}],"collection":[{"href":"https:\/\/www.europesays.com\/de\/wp-json\/wp\/v2\/posts"}],"about":[{"href":"https:\/\/www.europesays.com\/de\/wp-json\/wp\/v2\/types\/post"}],"author":[{"embeddable":true,"href":"https:\/\/www.europesays.com\/de\/wp-json\/wp\/v2\/users\/2"}],"replies":[{"embeddable":true,"href":"https:\/\/www.europesays.com\/de\/wp-json\/wp\/v2\/comments?post=1136053"}],"version-history":[{"count":0,"href":"https:\/\/www.europesays.com\/de\/wp-json\/wp\/v2\/posts\/1136053\/revisions"}],"wp:featuredmedia":[{"embeddable":true,"href":"https:\/\/www.europesays.com\/de\/wp-json\/wp\/v2\/media\/1136054"}],"wp:attachment":[{"href":"https:\/\/www.europesays.com\/de\/wp-json\/wp\/v2\/media?parent=1136053"}],"wp:term":[{"taxonomy":"category","embeddable":true,"href":"https:\/\/www.europesays.com\/de\/wp-json\/wp\/v2\/categories?post=1136053"},{"taxonomy":"post_tag","embeddable":true,"href":"https:\/\/www.europesays.com\/de\/wp-json\/wp\/v2\/tags?post=1136053"}],"curies":[{"name":"wp","href":"https:\/\/api.w.org\/{rel}","templated":true}]}}