{"id":1136411,"date":"2026-07-02T00:50:17","date_gmt":"2026-07-02T00:50:17","guid":{"rendered":"https:\/\/www.europesays.com\/de\/1136411\/"},"modified":"2026-07-02T00:50:17","modified_gmt":"2026-07-02T00:50:17","slug":"moenchengladbach-fuer-44-auszubildende-bei-truetzschler-ist-schnell-schluss","status":"publish","type":"post","link":"https:\/\/www.europesays.com\/de\/1136411\/","title":{"rendered":"M\u00f6nchengladbach: F\u00fcr 44 Auszubildende bei Tr\u00fctzschler ist schnell Schluss"},"content":{"rendered":"<p class=\"text_ohne_einzug richtext text-em-55 !leading-serif mx-6 desktop:mx-0\">Bis heute nach gut zwei Wochen gibt es keine offizielle Mitteilung des Textilmaschinenherstellers Tr\u00fctzschler. Lediglich eine Betriebsversammlung und eine interne Nachricht im Intranet des Unternehmens informierten die Mitarbeitenden \u00fcber das Ende der Produktion in <a href=\"https:\/\/rp-online.de\/thema\/moenchengladbach\/\" rel=\"nofollow noopener\" target=\"_blank\">M\u00f6nchengladbach<\/a>. Kostenpflichtiger Inhalt <a href=\"https:\/\/rp-online.de\/nrw\/staedte\/moenchengladbach\/truetzschler-stellt-produktion-in-moenchengladbach-ein-riesenkatastrophe_aid-150095649\" target=\"_blank\" rel=\"nofollow noopener\">Dar\u00fcber hatte unsere Redaktion exklusiv berichtet<\/a>.<\/p>\n","protected":false},"excerpt":{"rendered":"Bis heute nach gut zwei Wochen gibt es keine offizielle Mitteilung des Textilmaschinenherstellers Tr\u00fctzschler. Lediglich eine Betriebsversammlung und&hellip;\n","protected":false},"author":2,"featured_media":1136412,"comment_status":"","ping_status":"","sticky":false,"template":"","format":"standard","meta":{"footnotes":"","_share_on_mastodon":"0"},"categories":[1849],"tags":[30837,3364,29,548,663,3934,30,96533,13,4455,14,15,1209,12,38383,39269,184878],"class_list":["post-1136411","post","type-post","status-publish","format-standard","has-post-thumbnail","category-moenchengladbach","tag-azubis","tag-de","tag-deutschland","tag-eu","tag-europa","tag-europe","tag-germany","tag-globales","tag-headlines","tag-moenchengladbach","tag-nachrichten","tag-news","tag-nordrhein-westfalen","tag-schlagzeilen","tag-schluss","tag-textilunternehmen","tag-truetzschler"],"share_on_mastodon":{"url":"https:\/\/pubeurope.com\/@de\/116847642440516427","error":""},"_links":{"self":[{"href":"https:\/\/www.europesays.com\/de\/wp-json\/wp\/v2\/posts\/1136411","targetHints":{"allow":["GET"]}}],"collection":[{"href":"https:\/\/www.europesays.com\/de\/wp-json\/wp\/v2\/posts"}],"about":[{"href":"https:\/\/www.europesays.com\/de\/wp-json\/wp\/v2\/types\/post"}],"author":[{"embeddable":true,"href":"https:\/\/www.europesays.com\/de\/wp-json\/wp\/v2\/users\/2"}],"replies":[{"embeddable":true,"href":"https:\/\/www.europesays.com\/de\/wp-json\/wp\/v2\/comments?post=1136411"}],"version-history":[{"count":0,"href":"https:\/\/www.europesays.com\/de\/wp-json\/wp\/v2\/posts\/1136411\/revisions"}],"wp:featuredmedia":[{"embeddable":true,"href":"https:\/\/www.europesays.com\/de\/wp-json\/wp\/v2\/media\/1136412"}],"wp:attachment":[{"href":"https:\/\/www.europesays.com\/de\/wp-json\/wp\/v2\/media?parent=1136411"}],"wp:term":[{"taxonomy":"category","embeddable":true,"href":"https:\/\/www.europesays.com\/de\/wp-json\/wp\/v2\/categories?post=1136411"},{"taxonomy":"post_tag","embeddable":true,"href":"https:\/\/www.europesays.com\/de\/wp-json\/wp\/v2\/tags?post=1136411"}],"curies":[{"name":"wp","href":"https:\/\/api.w.org\/{rel}","templated":true}]}}