{"id":1136419,"date":"2026-07-02T00:57:28","date_gmt":"2026-07-02T00:57:28","guid":{"rendered":"https:\/\/www.europesays.com\/de\/1136419\/"},"modified":"2026-07-02T00:57:28","modified_gmt":"2026-07-02T00:57:28","slug":"neueroeffnung-karlsruhe-universum-city-kino-startet-am-1-juli-erneut-am-europaplatz-2","status":"publish","type":"post","link":"https:\/\/www.europesays.com\/de\/1136419\/","title":{"rendered":"Neuer\u00f6ffnung Karlsruhe: Universum-City-Kino startet am 1. Juli erneut am Europaplatz"},"content":{"rendered":"<p class=\"mb-6 text-xs-varying md:text-m lg:text-l font-serif group-[.font-sans]:font-sans \">\n    Im Fr\u00fchjahr hat die <a href=\"https:\/\/www.ka-news.de\/karlsruhe\/freizeit-und-veranstaltungen\/universum-city-kino-karlsruhe-kinopolis-schliesst-filiale-wer-folgt-nach-13-2-26-113361885\" target=\"_self\" class=\"underline \" rel=\"nofollow noopener\">Kinopolis-Gruppe ihren<strong class=\"font-bold\"> R\u00fcckzug aus dem Universum-City-Kino<\/strong><\/a> in <a href=\"https:\/\/www.ka-news.de\/promis\/karlsruhe-kulturlandschaft-technologieregion-und-residenz-des-rechts-die-faecherstadt-im-ueberblick-art-2783253\" target=\"_self\" class=\"underline \" rel=\"nofollow noopener\">Karlsruhe<\/a> angek\u00fcndigt. Bis Ende Mai wurde das Kino noch betrieben. Nach einer einmonatigen Schlie\u00dfung kehrt nun wieder Leben in das Lichtspielhaus am Europaplatz ein: <strong class=\"font-bold\">Bereits am 1. Juli empf\u00e4ngt es wieder G\u00e4ste.<\/strong>\n  <\/p>\n<p>            \u00dcberraschungspremiere im Juli<\/p>\n<p class=\"mb-6 text-xs-varying md:text-m lg:text-l font-serif group-[.font-sans]:font-sans \">\n    Am Freitag, 19. Juni, ver\u00f6ffentlichte das Universum-City-Kino auf seiner neuen Website das Programm f\u00fcr Anfang Juli. <strong class=\"font-bold\">Tickets k\u00f6nnen bereits reserviert werden:<\/strong> Ein Sitzplatz kostet 9,50 Euro f\u00fcr Erwachsene und 6,50 Euro f\u00fcr Kinder. Zudem sind am 6. und 7. Juli zwei OV-Sneak Previews \u2013 <strong class=\"font-bold\">\u00dcberraschungspremieren eines Films in Originalversion<\/strong> \u2013 vorgesehen.\n  <\/p>\n<p>    <img decoding=\"async\" src=\"https:\/\/images.mgpd.de\/img\/113381469\/crop\/c16_9-w100\/1825505696\/226402030\/screenshot-2026-02-05-150629.png\" alt=\"&quot;Universum-City&quot;-Kino am Karlsruher Europaplatz, 4. Februar 2026.\" title=\"&quot;Universum-City&quot;-Kino am Karlsruher Europaplatz, 4. Februar 2026.\" loading=\"lazy\" class=\"h-full w-full object-cover\"\/><\/p>\n<p>      Icon vergr\u00f6\u00dfern<\/p>\n<p>    &#8222;Universum-City&#8220;-Kino am Karlsruher Europaplatz, 4. Februar 2026.<br \/>\n    Foto: Viviane Turhan<\/p>\n<p>        Schlie\u00dfen <\/p>\n<p>      Icon Schlie\u00dfen<\/p>\n<p>        Icon vergr\u00f6\u00dfern<\/p>\n<p>        Icon verkleinern<\/p>\n<p>      Icon Pfeil bewegen<\/p>\n<p>    &#8222;Universum-City&#8220;-Kino am Karlsruher Europaplatz, 4. Februar 2026.<br \/>\n    Foto: Viviane Turhan<\/p>\n<p>            Kinopolis-R\u00fcckzug aus wirtschaftlichen Gr\u00fcnden<\/p>\n<p class=\"mb-6 text-xs-varying md:text-m lg:text-l font-serif group-[.font-sans]:font-sans \">\n    Die Kinopolis-Gruppe, die zuletzt das Universum-City-Kino betrieben hatte, gab ihren Standort in <a href=\"https:\/\/www.ka-news.de\/karlsruhe\" target=\"_self\" class=\"underline \" rel=\"nofollow noopener\">Karlsruhe<\/a> aus wirtschaftlichen Gr\u00fcnden auf. Gegen\u00fcber ka-news erkl\u00e4rte Gregory Theile, gesch\u00e4ftsf\u00fchrender Gesellschafter der Kinopolis-Gruppe, im Februar, dass im vergangenen Jahr 2025 rund 65.000 Besucher gez\u00e4hlt wurden \u2013 2019 waren es noch knapp 120.000.\n  <\/p>\n<p>    <img decoding=\"async\" src=\"https:\/\/images.mgpd.de\/img\/113413387\/crop\/c9_16-w100\/710997763\/1280077786\/2025-portrait-gregory-theile.jpg\" alt=\"Gregory Theile, gesch\u00e4ftsf\u00fchrender Gesellschafter der Kinopolis-Gruppe.\" title=\"Gregory Theile, gesch\u00e4ftsf\u00fchrender Gesellschafter der Kinopolis-Gruppe.\" loading=\"lazy\" class=\"h-full w-full object-cover\"\/><\/p>\n<p>      Icon vergr\u00f6\u00dfern<\/p>\n<p>    Gregory Theile, gesch\u00e4ftsf\u00fchrender Gesellschafter der Kinopolis-Gruppe.<br \/>\n    Foto: Kinopolis Management Multiplex GmbH<\/p>\n<p>        Schlie\u00dfen <\/p>\n<p>      Icon Schlie\u00dfen<\/p>\n<p>        Icon vergr\u00f6\u00dfern<\/p>\n<p>        Icon verkleinern<\/p>\n<p>      Icon Pfeil bewegen<\/p>\n<p>    Gregory Theile, gesch\u00e4ftsf\u00fchrender Gesellschafter der Kinopolis-Gruppe.<br \/>\n    Foto: Kinopolis Management Multiplex GmbH<\/p>\n<p class=\"mb-6 text-xs-varying md:text-m lg:text-l font-serif group-[.font-sans]:font-sans \">\n    Aufgrund des deutlichen Besucherr\u00fcckgangs sei das Kino f\u00fcr die Kinopolis-Gruppe zu einem Zuschussgesch\u00e4ft geworden, das die Kinopolis-Gruppe laut Theile nicht dauerhaft aufrechterhalten konnte.\n  <\/p>\n<p>            Wiederer\u00f6ffnung unter neuer Leitung<\/p>\n<p class=\"mb-6 text-xs-varying md:text-m lg:text-l font-serif group-[.font-sans]:font-sans \">\n    Eine Anfrage der Redaktion an die neue Gesch\u00e4ftsf\u00fchrung zu den Hintergr\u00fcnden des Wechsels und m\u00f6glichen Neuerungen ist bislang unbeantwortet geblieben.\n  <\/p>\n<p class=\"mb-6 text-xs-varying md:text-m lg:text-l font-serif group-[.font-sans]:font-sans \">\n    Den Link zur neuen Website f\u00fcr Reservierungen findet Ihr hier: <a href=\"https:\/\/www.universum-city.de\/de\" rel=\"nofollow noopener\" target=\"_blank\" class=\"underline \">universum-city.de<\/a>\n  <\/p>\n","protected":false},"excerpt":{"rendered":"Im Fr\u00fchjahr hat die Kinopolis-Gruppe ihren R\u00fcckzug aus dem Universum-City-Kino in Karlsruhe angek\u00fcndigt. Bis Ende Mai wurde das&hellip;\n","protected":false},"author":2,"featured_media":1136420,"comment_status":"","ping_status":"","sticky":false,"template":"","format":"standard","meta":{"footnotes":"","_share_on_mastodon":"0"},"categories":[1844],"tags":[1634,3364,29,34754,30,177448,8903,1896,87866],"class_list":["post-1136419","post","type-post","status-publish","format-standard","has-post-thumbnail","category-karlsruhe","tag-baden-wuerttemberg","tag-de","tag-deutschland","tag-europaplatz","tag-germany","tag-gregory-theile","tag-karlsruhe","tag-kinofilm","tag-lichtspielhaus"],"share_on_mastodon":{"url":"https:\/\/pubeurope.com\/@de\/116847670395149853","error":""},"_links":{"self":[{"href":"https:\/\/www.europesays.com\/de\/wp-json\/wp\/v2\/posts\/1136419","targetHints":{"allow":["GET"]}}],"collection":[{"href":"https:\/\/www.europesays.com\/de\/wp-json\/wp\/v2\/posts"}],"about":[{"href":"https:\/\/www.europesays.com\/de\/wp-json\/wp\/v2\/types\/post"}],"author":[{"embeddable":true,"href":"https:\/\/www.europesays.com\/de\/wp-json\/wp\/v2\/users\/2"}],"replies":[{"embeddable":true,"href":"https:\/\/www.europesays.com\/de\/wp-json\/wp\/v2\/comments?post=1136419"}],"version-history":[{"count":0,"href":"https:\/\/www.europesays.com\/de\/wp-json\/wp\/v2\/posts\/1136419\/revisions"}],"wp:featuredmedia":[{"embeddable":true,"href":"https:\/\/www.europesays.com\/de\/wp-json\/wp\/v2\/media\/1136420"}],"wp:attachment":[{"href":"https:\/\/www.europesays.com\/de\/wp-json\/wp\/v2\/media?parent=1136419"}],"wp:term":[{"taxonomy":"category","embeddable":true,"href":"https:\/\/www.europesays.com\/de\/wp-json\/wp\/v2\/categories?post=1136419"},{"taxonomy":"post_tag","embeddable":true,"href":"https:\/\/www.europesays.com\/de\/wp-json\/wp\/v2\/tags?post=1136419"}],"curies":[{"name":"wp","href":"https:\/\/api.w.org\/{rel}","templated":true}]}}