{"id":1136500,"date":"2026-07-02T02:38:01","date_gmt":"2026-07-02T02:38:01","guid":{"rendered":"https:\/\/www.europesays.com\/de\/1136500\/"},"modified":"2026-07-02T02:38:01","modified_gmt":"2026-07-02T02:38:01","slug":"mit-dem-auto-zum-flughafen-frankfurt-wie-kann-man-beim-parken-sparen","status":"publish","type":"post","link":"https:\/\/www.europesays.com\/de\/1136500\/","title":{"rendered":"Mit dem Auto zum Flughafen Frankfurt: Wie kann man beim Parken sparen?"},"content":{"rendered":"<p class=\"mb-6 text-xs-varying md:text-m lg:text-l font-serif group-[.font-sans]:font-sans \">\n    An keinem anderen Flughafen in Deutschland starten und landen so viele Passagiere wie am <a href=\"https:\/\/www.mainpost.de\/panorama\/flughafen-frankfurt-zwei-neue-direktverbindungen-diese-staedte-werden-bald-angeflogen-23-3-26-113782112\" target=\"_self\" class=\"underline \" rel=\"nofollow noopener\">Flughafen Frankfurt<\/a>. Und k\u00fcnftig k\u00f6nnten es sogar noch mehr werden. Denn das Flughafenareal wurde im April 2026 durch das <a href=\"https:\/\/www.mainpost.de\/panorama\/flughafen-frankfurt-wann-wird-terminal-3-eroeffnet-das-sind-die-auswirkungen-fuer-reisende-28-4-26-113679559\" target=\"_self\" class=\"underline \" rel=\"nofollow noopener\">neu gebaute Terminal 3<\/a> erweitert, <a href=\"https:\/\/www.mainpost.de\/panorama\/flughafen-frankfurt-diese-airlines-starten-ab-dem-19-mai-vom-neuen-terminal-3-2-114203750\" target=\"_self\" class=\"underline \" rel=\"nofollow noopener\">von dem bereits einige Airlines starten<\/a>. Viele Flugg\u00e4ste entscheiden sich daf\u00fcr, mit dem <a href=\"https:\/\/www.ka-news.de\/auto\" target=\"_self\" class=\"underline \" rel=\"nofollow noopener\">Auto<\/a> zum Flughafen anzureisen und ihr Fahrzeug f\u00fcr die Dauer der Reise dort abzustellen. Doch das kann schnell teuer werden. Am <a href=\"https:\/\/www.mainpost.de\/orte\/flughafen-frankfurt\" target=\"_self\" class=\"underline \" rel=\"nofollow noopener\">Flughafen Frankfurt<\/a> fallen besonders hohe <a href=\"https:\/\/www.mainpost.de\/orte\/mp-parkplaetze\" target=\"_self\" class=\"underline \" rel=\"nofollow noopener\">Parkgeb\u00fchren<\/a> an, wie ein deutschlandweiter Preisvergleich des Online-Portals <a href=\"https:\/\/www.billiger-mietwagen.de\/presse\/20260505-parken-am-flughafen.html\" rel=\"nofollow noopener\" target=\"_blank\" class=\"underline \">billiger-mietwagen.de<\/a> zeigt. Doch ein gro\u00dfer Teil der Kosten l\u00e4sst sich auf einfachem Wege einsparen. Wie das funktioniert, erfahren Sie in diesem Artikel.\n  <\/p>\n<p>            Welche Parkm\u00f6glichkeiten gibt es am Flughafen Frankfurt?<\/p>\n<p class=\"mb-6 text-xs-varying md:text-m lg:text-l font-serif group-[.font-sans]:font-sans \">\n    Wer mit dem Auto zum Frankfurter Flughafen anreist, erreicht ihn nach Angaben der offiziellen <a href=\"https:\/\/www.frankfurt-airport.com\/de\/anreise-parken\/an-und-abreise\/mit-dem-auto.html#FAQs_Parken-tab\" rel=\"nofollow noopener\" target=\"_blank\" class=\"underline \">Airport-Website<\/a> \u00fcber die Autobahnen <a href=\"https:\/\/www.mainpost.de\/orte\/mp-a3\" target=\"_self\" class=\"underline \" rel=\"nofollow noopener\">A3<\/a>, A5 und A67. Von dort leiten Beschilderungen den Weg zum Flughafenareal und den verschiedenen Terminals.\n  <\/p>\n<p class=\"mb-6 text-xs-varying md:text-m lg:text-l font-serif group-[.font-sans]:font-sans \">\n    Autofahrer, die lediglich Passagiere zum Flughafen bringen oder von dort abholen wollen, k\u00f6nnen hierf\u00fcr die <strong class=\"font-bold\">Drop-Off-Zone<\/strong> direkt vor den Terminals nutzen. In diesen Bereichen kann pro Kalendertag zweimal f\u00fcr bis zu zehn Minuten kostenlos gehalten werden. Die maximale Parkdauer betr\u00e4gt drei Stunden. Da die Haltem\u00f6glichkeiten \u2013 insbesondere am Terminal 1 \u2013 begrenzt sind, empfiehlt der Flughafenbetreiber jedoch, die verschiedenen Parkh\u00e4user oder Tiefgaragen zu nutzen. Hier k\u00f6nnen auch Flugreisende ihr Fahrzeug f\u00fcr l\u00e4ngere Zeit abstellen. Die <a href=\"https:\/\/www.frankfurt-airport.com\/de\/anreise-parken\/parkangebot.html\" rel=\"nofollow noopener\" target=\"_blank\" class=\"underline \">Flughafen-Website<\/a> informiert \u00fcber die verschiedenen Parkoptionen:\n  <\/p>\n<ul rel=\"\" class=\"[&amp;&gt;li]:relative list-none  [&amp;&gt;li]:pl-[1.2em] [&amp;&gt;li]:marker:text-[0] [&amp;&gt;li]:relative [&amp;&gt;li]:before:absolute [&amp;&gt;li]:before:w-3 [&amp;&gt;li]:before:h-3 [&amp;&gt;li]:before:bg-brand [&amp;&gt;li]:before:left-0 [&amp;&gt;li]:before:rounded-full [&amp;&gt;li]:before:top-[8px] md:[&amp;&gt;li]:before:top-[9px] lg:[&amp;&gt;li]:before:top-[11px]  my-5\">\n<li class=\" mb-3 text-xs-varying md:text-m lg:text-l\">Kurze Wege zum Check-in und den Ankunftsebenen bieten die drei Terminal-Parkh\u00e4user, in denen insgesamt bis zu 15.000 Fahrzeuge Platz finden. Auch E-Auto-Stellpl\u00e4tze mit Ladestationen stehen hier zur Verf\u00fcgung.<\/li>\n<li class=\" mb-3 text-xs-varying md:text-m lg:text-l\">Wer viel Wert auf Schnelligkeit und Komfort legt, kann in den Terminal-Parkh\u00e4usern T1 und T3 das sogenannte Business Parking in Anspruch nehmen. Dabei handelt es sich um breitere Stellpl\u00e4tze, die besonders nah am jeweiligen Terminal gelegen sind.<\/li>\n<li class=\" mb-3 text-xs-varying md:text-m lg:text-l\">Im Terminal-Parkhaus T3 steht ab einer Parkdauer von drei Tagen das Economy Parking zur Verf\u00fcgung, das verg\u00fcnstigte Parkgeb\u00fchren verspricht. Der Stellplatz muss allerdings vorab online gebucht werden.<\/li>\n<li class=\" mb-3 text-xs-varying md:text-m lg:text-l\">Auch das Holiday Parking bietet preiswerte Parkm\u00f6glichkeiten f\u00fcr Reisende, die ihr Auto f\u00fcr mindestens drei Tage am Flughafen abstellen wollen. Die entsprechenden Stellpl\u00e4tze befinden sich im etwas weiter von den Flughafenterminals entfernten Parkhaus Gateway Gardens und m\u00fcssen ebenfalls vorab online reserviert werden. Mit der S-Bahn gelangt man von dort aus rund um die Uhr zum Terminal 1.<\/li>\n<\/ul>\n<p class=\"mb-6 text-xs-varying md:text-m lg:text-l font-serif group-[.font-sans]:font-sans \">\n    \u00dcbrigens: Das Angebot an Flugverbindungen vom und zum Frankfurter Flughafen w\u00e4chst. Zum Beginn der Sommersaison 2026 sind <a href=\"https:\/\/www.mainpost.de\/panorama\/flughafen-frankfurt-diese-drei-beliebten-urlaubsorte-koennen-reisende-ab-jetzt-anfliegen-2-114231411\" target=\"_self\" class=\"underline \" rel=\"nofollow noopener\">drei neue beliebte Urlaubsziele<\/a> dazugekommen.\n  <\/p>\n<p>            Parken am Flughafen Frankfurt: Wie viel kostet es \u2013 und wie l\u00e4sst sich Geld sparen?<\/p>\n<p class=\"mb-6 text-xs-varying md:text-m lg:text-l font-serif group-[.font-sans]:font-sans \">\n    Wie hoch die Parkgeb\u00fchren am <a href=\"https:\/\/www.mainpost.de\/panorama\/kennen-sie-die-groessten-flughaefen-deutschlands-102576503\" target=\"_self\" class=\"underline \" rel=\"nofollow noopener\">gr\u00f6\u00dften Flughafen Deutschlands<\/a> ausfallen, h\u00e4ngt zum einen von der gew\u00e4hlten Parkoption und der Abstelldauer ab. Dar\u00fcber hinaus macht es einen Unterschied, ob Reisende ohne Vorausbuchung vor Ort einen Parkplatz suchen und bezahlen oder ihn bereits vorab \u00fcber das <a href=\"https:\/\/parken.frankfurt-airport.com\/?utm_source=anreise-und-parken&amp;utm_medium=rhp&amp;utm_term=rd&amp;utm_content=offer-teaser&amp;utm_campaign=awareness\" rel=\"nofollow noopener\" target=\"_blank\" class=\"underline \">Online-Buchungssystem<\/a> reservieren und bezahlen.\n  <\/p>\n<p class=\"mb-6 text-xs-varying md:text-m lg:text-l font-serif group-[.font-sans]:font-sans \">\n    Laut einer <a href=\"https:\/\/www.frankfurt-airport.com\/content\/dam\/fraport-travel\/airport\/dokumente\/anreise-und-parken\/Parken\/de\/parkpreisuebersicht-fra.pdf\/_jcr_content\/renditions\/original.media_file.download_attachment.file\/parkpreisuebersicht-fra.pdf\" rel=\"nofollow noopener\" target=\"_blank\" class=\"underline \">Infobrosch\u00fcre des Flughafens Frankfurt<\/a> stellen sich die aktuellen <strong class=\"font-bold\">Parkpreise ohne Vorausbuchung<\/strong> (Stand: 19. Mai 2026) wie folgt dar:\n  <\/p>\n<tr>\n        ParkdauerTerminal ParkingBusiness ParkingTerminal Parking mit E-Auto (exklusive Ladekosten)<br \/>\n      <\/tr>\n<tr>\n      Bis 30 Minuten<\/p>\n<td class=\"px-5 align-top py-4 border-s border-gray-2-warm\">4 Euro<\/td>\n<td class=\"px-5 align-top py-4 border-s border-gray-2-warm\">4 Euro<\/td>\n<td class=\"px-5 align-top py-4 border-s border-gray-2-warm\">4 Euro<\/td>\n<\/tr>\n<tr>\n      Bis 60 Minuten<\/p>\n<td class=\"px-5 align-top py-4 border-s border-gray-2-warm\">7,50 Euro<\/td>\n<td class=\"px-5 align-top py-4 border-s border-gray-2-warm\">8,50 Euro<\/td>\n<td class=\"px-5 align-top py-4 border-s border-gray-2-warm\">8,50 Euro<\/td>\n<\/tr>\n<tr>\n      Jede weitere angefangene Stunde<\/p>\n<td class=\"px-5 align-top py-4 border-s border-gray-2-warm\">7,50 Euro<\/td>\n<td class=\"px-5 align-top py-4 border-s border-gray-2-warm\">8,50 Euro<\/td>\n<td class=\"px-5 align-top py-4 border-s border-gray-2-warm\">8,50 Euro<\/td>\n<\/tr>\n<tr>\n      Erster Tag maximal<\/p>\n<td class=\"px-5 align-top py-4 border-s border-gray-2-warm\">43 Euro<\/td>\n<td class=\"px-5 align-top py-4 border-s border-gray-2-warm\">49 Euro<\/td>\n<td class=\"px-5 align-top py-4 border-s border-gray-2-warm\">49 Euro<\/td>\n<\/tr>\n<tr>\n      Jeder weitere Tag maximal<\/p>\n<td class=\"px-5 align-top py-4 border-s border-gray-2-warm\">43 Euro<\/td>\n<td class=\"px-5 align-top py-4 border-s border-gray-2-warm\">49 Euro<\/td>\n<td class=\"px-5 align-top py-4 border-s border-gray-2-warm\">49 Euro<\/td>\n<\/tr>\n<tr>\n      Bis zu 7 Tagen<\/p>\n<td class=\"px-5 align-top py-4 border-s border-gray-2-warm\">258 Euro<\/td>\n<td class=\"px-5 align-top py-4 border-s border-gray-2-warm\">294 Euro<\/td>\n<td class=\"px-5 align-top py-4 border-s border-gray-2-warm\">294 Euro<\/td>\n<\/tr>\n<tr>\n      Ab 8. Tag jeder weitere angefangene Tag<\/p>\n<td class=\"px-5 align-top py-4 border-s border-gray-2-warm\">13 Euro<\/td>\n<td class=\"px-5 align-top py-4 border-s border-gray-2-warm\">18 Euro<\/td>\n<td class=\"px-5 align-top py-4 border-s border-gray-2-warm\">18 Euro<\/td>\n<\/tr>\n<p class=\"mb-6 text-xs-varying md:text-m lg:text-l font-serif group-[.font-sans]:font-sans \">\n    Ab einer Parkdauer von einem Tag r\u00e4t der Flughafenbetreiber dazu, den <strong class=\"font-bold\">Parkplatz online im Voraus zu buchen<\/strong>. M\u00f6glich ist das bis zu 24 Stunden vor Abreise. Dabei k\u00f6nnen Reisende im Vergleich zu den regul\u00e4ren Preisen ohne Vorabbuchung Kosten sparen. Die Preise werden pro Tag berechnet:\n  <\/p>\n<tr>\n<td class=\"px-5 align-top py-4 border-s border-gray-2-warm\">Parkdauer<\/td>\n<td class=\"px-5 align-top py-4 border-s border-gray-2-warm\">Terminal Parking<\/td>\n<td class=\"px-5 align-top py-4 border-s border-gray-2-warm\">Business Parking<\/td>\n<td class=\"px-5 align-top py-4 border-s border-gray-2-warm\">Terminal Parking mit E-Auto (exklusive Ladekosten)<\/td>\n<\/tr>\n<tr>\n<td class=\"px-5 align-top py-4 border-s border-gray-2-warm\">1 Tag<\/td>\n<td class=\"px-5 align-top py-4 border-s border-gray-2-warm\">ab 36,60 Euro<\/td>\n<td class=\"px-5 align-top py-4 border-s border-gray-2-warm\">ab 46 Euro<\/td>\n<td class=\"px-5 align-top py-4 border-s border-gray-2-warm\">ab 45 Euro<\/td>\n<\/tr>\n<p class=\"mb-6 text-xs-varying md:text-m lg:text-l font-serif group-[.font-sans]:font-sans \">\n    Zudem k\u00f6nnen Flugpassagiere bei der Online-Buchung von exklusiven Angeboten profitieren, die insbesondere f\u00fcr Langzeit-Parker interessant sind:\n  <\/p>\n<ul rel=\"\" class=\"[&amp;&gt;li]:relative list-none  [&amp;&gt;li]:pl-[1.2em] [&amp;&gt;li]:marker:text-[0] [&amp;&gt;li]:relative [&amp;&gt;li]:before:absolute [&amp;&gt;li]:before:w-3 [&amp;&gt;li]:before:h-3 [&amp;&gt;li]:before:bg-brand [&amp;&gt;li]:before:left-0 [&amp;&gt;li]:before:rounded-full [&amp;&gt;li]:before:top-[8px] md:[&amp;&gt;li]:before:top-[9px] lg:[&amp;&gt;li]:before:top-[11px]  my-5\">\n<li class=\" mb-3 text-xs-varying md:text-m lg:text-l\">2 Tage Terminal Parking Weekend Special: ab 55 Euro<\/li>\n<li class=\" mb-3 text-xs-varying md:text-m lg:text-l\">3 Tage Terminal Parking Weekend Special: ab 69 Euro<\/li>\n<li class=\" mb-3 text-xs-varying md:text-m lg:text-l\">7 Tage Terminal Parking: ab 99 Euro<\/li>\n<li class=\" mb-3 text-xs-varying md:text-m lg:text-l\">7 Tage Economy Parking\/Holiday Parking: ab 68 Euro<\/li>\n<li class=\" mb-3 text-xs-varying md:text-m lg:text-l\">14 Tage Economy Parking\/Holiday Parking: ab 98 Euro<\/li>\n<\/ul>\n<p class=\"mb-6 text-xs-varying md:text-m lg:text-l font-serif group-[.font-sans]:font-sans \">\n    <strong class=\"font-bold\">F\u00fcr Flugreisende bedeutet das:<\/strong> Insbesondere bei mehrt\u00e4giger Parkdauer l\u00e4sst sich durch die Online-Buchung bares Geld sparen. Die Ersparnis im Vergleich zum regul\u00e4ren Vor-Ort-Preis betr\u00e4gt bei einem Tag bis zu 6,40 Euro. Bei einer Woche lassen sich bis zu 190 Euro und bei zwei Wochen sogar bis zu 251 Euro sparen. Es lohnt sich also, vorauszuplanen und rechtzeitig vor Reisebeginn online einen Stellplatz zu reservieren.\n  <\/p>\n<p class=\"mb-6 text-xs-varying md:text-m lg:text-l font-serif group-[.font-sans]:font-sans \">\n    Auch interessant: Eine <a href=\"https:\/\/www.mainpost.de\/panorama\/probleme-beim-rueckflug-diese-neue-regel-am-flughafen-frankfurt-soll-eigentlich-vorteile-bringen-30-4-26-114103807\" target=\"_self\" class=\"underline \" rel=\"nofollow noopener\">neue Handgep\u00e4ck-Regelung beim Sicherheitscheck am Frankfurter Flughafen<\/a> bringt Vorteile f\u00fcr Flugg\u00e4ste mit sich \u2013 beim R\u00fcckflug k\u00f6nnten sich dadurch jedoch Probleme ergeben.\n  <\/p>\n","protected":false},"excerpt":{"rendered":"An keinem anderen Flughafen in Deutschland starten und landen so viele Passagiere wie am Flughafen Frankfurt. Und k\u00fcnftig&hellip;\n","protected":false},"author":2,"featured_media":1136501,"comment_status":"","ping_status":"","sticky":false,"template":"","format":"standard","meta":{"footnotes":"","_share_on_mastodon":"0"},"categories":[1829],"tags":[90663,513,29,514,2109,3089,239203,2050,2051,30,2052,31809,4562],"class_list":["post-1136500","post","type-post","status-publish","format-standard","has-post-thumbnail","category-frankfurt-am-main","tag-a-3","tag-auto","tag-deutschland","tag-fahrzeug","tag-flughafen","tag-flughafen-frankfurt","tag-flughafenareal","tag-frankfurt","tag-frankfurt-am-main","tag-germany","tag-hessen","tag-parkgebuehr","tag-reise"],"share_on_mastodon":{"url":"https:\/\/pubeurope.com\/@de\/116848066988984054","error":""},"_links":{"self":[{"href":"https:\/\/www.europesays.com\/de\/wp-json\/wp\/v2\/posts\/1136500","targetHints":{"allow":["GET"]}}],"collection":[{"href":"https:\/\/www.europesays.com\/de\/wp-json\/wp\/v2\/posts"}],"about":[{"href":"https:\/\/www.europesays.com\/de\/wp-json\/wp\/v2\/types\/post"}],"author":[{"embeddable":true,"href":"https:\/\/www.europesays.com\/de\/wp-json\/wp\/v2\/users\/2"}],"replies":[{"embeddable":true,"href":"https:\/\/www.europesays.com\/de\/wp-json\/wp\/v2\/comments?post=1136500"}],"version-history":[{"count":0,"href":"https:\/\/www.europesays.com\/de\/wp-json\/wp\/v2\/posts\/1136500\/revisions"}],"wp:featuredmedia":[{"embeddable":true,"href":"https:\/\/www.europesays.com\/de\/wp-json\/wp\/v2\/media\/1136501"}],"wp:attachment":[{"href":"https:\/\/www.europesays.com\/de\/wp-json\/wp\/v2\/media?parent=1136500"}],"wp:term":[{"taxonomy":"category","embeddable":true,"href":"https:\/\/www.europesays.com\/de\/wp-json\/wp\/v2\/categories?post=1136500"},{"taxonomy":"post_tag","embeddable":true,"href":"https:\/\/www.europesays.com\/de\/wp-json\/wp\/v2\/tags?post=1136500"}],"curies":[{"name":"wp","href":"https:\/\/api.w.org\/{rel}","templated":true}]}}