{"id":1136610,"date":"2026-07-02T04:33:24","date_gmt":"2026-07-02T04:33:24","guid":{"rendered":"https:\/\/www.europesays.com\/de\/1136610\/"},"modified":"2026-07-02T04:33:24","modified_gmt":"2026-07-02T04:33:24","slug":"ausflug-ins-db-museum-geheimer-bunker-unter-nuernberg-oeffnet-fuer-besucher","status":"publish","type":"post","link":"https:\/\/www.europesays.com\/de\/1136610\/","title":{"rendered":"Ausflug ins DB Museum: Geheimer Bunker unter N\u00fcrnberg \u00f6ffnet f\u00fcr Besucher"},"content":{"rendered":"<p>Tief unter der Erde <\/p>\n<p>Geheimer DB-Bunker in N\u00fcrnberg \u00f6ffnet T\u00fcren f\u00fcr Besucher<\/p>\n<p>Aktualisiert am 02.07.2026 &#8211; 06:27 UhrLesedauer: 2 Min.<\/p>\n<p><a href=\"#focus-0\" class=\"transition-colors block text-current relative\" data-sctrack=\"FocusGalleryImage.Reference\"><img fetchpriority=\"high\" data-testid=\"Opener.Image\"   loading=\"eager\" src=\"https:\/\/www.europesays.com\/de\/wp-content\/uploads\/2026\/06\/db-museum-in-nuremberg-bavaria-museum-of-the-deutsche-bahn-in-nuremberg-bavaria-germany-museum-of-th.jpeg\" alt=\"DB Museum in Nuremberg, Bavaria\" title=\"DB Museum in Nuremberg, Bavaria\" width=\"5520\" height=\"3105\" class=\"bg-[url:var(--lqipURL)] bg-cover bg-center flex h-full w-full max-w-full\" style=\"--lqipURL:url('https:\/\/images.t-online.de\/2026\/06\/2gbSBuWUa8SF\/0x276:5520x3105\/fit-in\/150x0\/filters:blur(25)\/db-museum-in-nuremberg-bavaria-museum-of-the-deutsche-bahn-in-nuremberg-bavaria-germany-museum-of-the-deutsche-bahn-in-nuremberg-bavaria-germany-25-092022-copyright-xspitzi-fotox-panthermedia31943676-jpg.jpg')\" decoding=\"async\"\/><img loading=\"lazy\" src=\"https:\/\/nuernberg.t-online.de\/s\/paper\/_next\/static\/media\/zoom-in.f7dae02f.svg\" alt=\"Vergr\u00f6\u00dfern des Bildes\" title=\"Vergr\u00f6\u00dfern des Bildes\" class=\"block h-[calc(var(--height)_\/_16_*_1rem)] w-[calc(var(--width)_\/_16_*_1rem)] max-w-none absolute right-8 bottom-8 rounded-4 bg-snow p-8\" style=\"--width:32;--height:32\" decoding=\"async\"\/><\/a><\/p>\n<p>Das DB-Museum in N\u00fcrnberg: Es ist Anlaufstelle f\u00fcr gro\u00dfe und kleine Zug-Enthusiasten. (Quelle: Wolfgang Spitzbart\/imago)<\/p>\n<p><img loading=\"lazy\" src=\"https:\/\/nuernberg.t-online.de\/s\/paper\/_next\/static\/media\/audio-volume.6689034c.svg\" alt=\"\" title=\"\" class=\"block h-[calc(var(--height)_\/_16_*_1rem)] w-[calc(var(--width)_\/_16_*_1rem)] max-w-none group-hover:brightness-0 group-hover:invert\" style=\"--width:16;--height:16\" decoding=\"async\"\/>Vorlesen<\/p>\n<p>Aktuelle Zeit:0:00Gesamtdauer:0:00<\/p>\n<p>1x<\/p>\n<p class=\"text-center\">Jetzt neu bei t-online:<\/p>\n<p class=\"text-center\">Schriftgr\u00f6\u00dfe anpassen!<\/p>\n<p><img loading=\"lazy\" src=\"https:\/\/nuernberg.t-online.de\/s\/paper\/_next\/static\/media\/font-sizes.32942e33.svg\" alt=\"\" title=\"\" class=\"block h-[calc(var(--height)_\/_16_*_1rem)] w-[calc(var(--width)_\/_16_*_1rem)] max-w-none group-hover:hidden group-aria-expanded:hidden\" style=\"--width:16;--height:16\" decoding=\"async\"\/><img loading=\"lazy\" src=\"https:\/\/nuernberg.t-online.de\/s\/paper\/_next\/static\/media\/font-sizes-dark-mode.e382645c.svg\" alt=\"\" title=\"\" class=\"block h-[calc(var(--height)_\/_16_*_1rem)] w-[calc(var(--width)_\/_16_*_1rem)] max-w-none hidden group-hover:block group-aria-expanded:block\" style=\"--width:16;--height:16\" decoding=\"async\"\/><img loading=\"lazy\" src=\"https:\/\/nuernberg.t-online.de\/s\/paper\/_next\/static\/media\/sharing-menu-icon.1eb71368.svg\" alt=\"\" title=\"\" class=\"block h-[calc(var(--height)_\/_16_*_1rem)] w-[calc(var(--width)_\/_16_*_1rem)] max-w-none group-hover:brightness-0 group-hover:invert\" style=\"--width:16;--height:16\" decoding=\"async\"\/>Artikel teilen<\/p>\n<p class=\"font-bold text-18 leading-17 user-text-lg:text-22 user-text-xl:text-24\">Unter dem DB-Museum liegt ein Bau, der den meisten Besuchern verborgen bleibt. Im Juli nun gibt es Gelegenheit, einen einstigen Bunker zu Gesicht zu bekommen.<\/p>\n<p class=\"text-18 leading-17 user-text-lg:text-22 user-text-xl:text-24\">Am Samstag (11. Juli) und Sonntag (12. Juli) \u00f6ffnet das DB-Museum N\u00fcrnberg seine T\u00fcren f\u00fcr eine besondere F\u00fchrung. Besichtigt werden kann die fr\u00fchere Befehlsstelle unter dem Museumshof. Das hat das DB-Museum in einer Pressemitteilung angek\u00fcndigt. Das Besondere: Im Zweiten Weltkrieg diente diese als Luftschutzbunker, w\u00e4hrend des Kalten Krieges sogar als Zuflucht vor einem m\u00f6glichen atomaren Angriff.<\/p>\n<ul class=\"text-18 leading-17 block pl-24 *:pb-16 *:before:inline-block *:before:size-8 *:before:bg-magenta *:before:mt-0 *:before:mr-12 *:before:mb-2 *:before:-ml-[20px]\">\n<li><strong class=\"font-bold\">Aus N\u00fcrnberg:<\/strong> <a href=\"https:\/\/nuernberg.t-online.de\/region\/nuernberg\/id_101155458\/nuernberg-restaurierter-ddr-schnellzug-wieder-auf-deutschen-schienen.html\" class=\"transition-colors cursor-pointer no-underline md:hover:text-magenta md:focus:text-magenta border-b border-solid border-current text-salemsfur md:hover:border-magenta\" data-tracking=\"{&quot;action&quot;:&quot;click&quot;,&quot;category&quot;:&quot;intextLink&quot;,&quot;label&quot;:&quot;\/region\/nuernberg\/id_101155458\/nuernberg-restaurierter-ddr-schnellzug-wieder-auf-deutschen-schienen.html&quot;}\" data-sctrack=\"BodyAnchor\" rel=\"nofollow noopener\" target=\"_blank\">Legend\u00e4rer DDR-Schnellzug wieder auf Schienen unterwegs<\/a><\/li>\n<li><strong class=\"font-bold\">Ausflugstipp:<\/strong> <a href=\"https:\/\/nuernberg.t-online.de\/region\/nuernberg\/id_101208890\/eisenbahn-erste-deutsche-dampflok-adler-startet-1835-in-nuernberg.html\" class=\"transition-colors cursor-pointer no-underline md:hover:text-magenta md:focus:text-magenta border-b border-solid border-current text-salemsfur md:hover:border-magenta\" data-tracking=\"{&quot;action&quot;:&quot;click&quot;,&quot;category&quot;:&quot;intextLink&quot;,&quot;label&quot;:&quot;\/region\/nuernberg\/id_101208890\/eisenbahn-erste-deutsche-dampflok-adler-startet-1835-in-nuernberg.html&quot;}\" data-sctrack=\"BodyAnchor\" rel=\"nofollow noopener\" target=\"_blank\">Erste Eisenbahn Deutschlands fuhr in N\u00fcrnberg<\/a><\/li>\n<\/ul>\n<p class=\"text-18 leading-17 user-text-lg:text-22 user-text-xl:text-24\">Die einstige Befehlsstelle der Eisenbahndirektion N\u00fcrnberg wurde 1938 als Luftschutzbunker angelegt. W\u00e4hrend des Zweiten Weltkriegs sei von dort aus der Bahnverkehr in Nordbayern gesteuert worden, hei\u00dft es in der Mitteilung.<\/p>\n<p>F\u00fchrungen am Bunkerwochenende<\/p>\n<p class=\"text-18 leading-17 user-text-lg:text-22 user-text-xl:text-24\">Anfang der 1970er Jahre wurde der Bunker f\u00fcr einen m\u00f6glichen Kriegsfall weiter ausgebaut: Er sollte dann Schutz vor den Folgen eines Atomangriffs bieten. Damit erz\u00e4hlt der Ort nicht nur Eisenbahngeschichte, sondern auch ein St\u00fcck Sicherheitsgeschichte der Bundesrepublik.<\/p>\n<p><a href=\"#focus-1\" class=\"transition-colors block text-current relative\" data-sctrack=\"FocusGalleryImage.Reference\"><img   loading=\"lazy\" src=\"https:\/\/www.europesays.com\/de\/wp-content\/uploads\/2026\/06\/eingang-zu-den-toiletten-und-waschraeumen-im-stillgelegten-atombunker-gebaut-fuer-2400-personen-in-d.jpeg\" alt=\"imago 81985051\" title=\"imago 81985051\" width=\"4000\" height=\"2250\" class=\"h-full w-full max-w-full rounded-8\" decoding=\"async\"\/><img loading=\"lazy\" src=\"https:\/\/nuernberg.t-online.de\/s\/paper\/_next\/static\/media\/zoom-in.f7dae02f.svg\" alt=\"Vergr\u00f6\u00dfern des Bildes\" title=\"Vergr\u00f6\u00dfern des Bildes\" class=\"block h-[calc(var(--height)_\/_16_*_1rem)] w-[calc(var(--width)_\/_16_*_1rem)] max-w-none absolute right-8 bottom-8 rounded-4 bg-snow p-8\" style=\"--width:32;--height:32\" decoding=\"async\"\/>Eingang zu den Toiletten und Waschr\u00e4umen (Archivbild) im stillgelegten Atombunker, gebaut f\u00fcr 2.400 Personen in den 1970er Jahren unter dem N\u00fcrnberger Hauptbahnhof. (Quelle: imageBROKER\/Helmut Meyer zur Capellen\/imago)<\/a><\/p>\n<p class=\"text-18 leading-17 user-text-lg:text-22 user-text-xl:text-24\">Besichtigen l\u00e4sst sich der Bunker nur an einem Wochenende im Juli, und zwar am 11. und 12. Juli. An beiden Tagen bietet das Museum Kurzf\u00fchrungen sowie l\u00e4ngere Spezialtouren zur Bunkertechnik an. Die Technikf\u00fchrungen \u00fcbernehmen Mitglieder des Vereins &#8222;N\u00fcrnberger Unterwelten&#8220;.<\/p>\n<ul class=\"text-18 leading-17 block pl-24 *:pb-16 *:before:inline-block *:before:size-8 *:before:bg-magenta *:before:mt-0 *:before:mr-12 *:before:mb-2 *:before:-ml-[20px]\">\n<li><strong class=\"font-bold\">Termine:<\/strong> Samstag, 11. Juli und Sonntag, 12. Juli 2026;<\/li>\n<li><strong class=\"font-bold\">Kurzf\u00fchrungen<\/strong><strong class=\"font-bold\">:<\/strong> an beiden Tagen halbst\u00fcndlich von 10.30 bis 12.30 Uhr und von 14 bis 16.30 Uhr;<\/li>\n<li><strong class=\"font-bold\">Dauer:<\/strong> jeweils 30 Minuten;<\/li>\n<li><strong class=\"font-bold\">Kosten:<\/strong> 13 Euro (inkl. Museumseintritt);<\/li>\n<li><strong class=\"font-bold\">Technikf\u00fchrungen:<\/strong> an beiden Tagen um 13 und 17 Uhr;<\/li>\n<li><strong class=\"font-bold\">Dauer:<\/strong> jeweils 60 Minuten;<\/li>\n<li><strong class=\"font-bold\">Kosten:<\/strong> 16 Euro (inkl. Museumseintritt).<\/li>\n<\/ul>\n<p class=\"text-18 leading-17 user-text-lg:text-22 user-text-xl:text-24\">F\u00fcr das Bunkerwochenende ist eine <a href=\"https:\/\/dbmuseum.de\" target=\"_blank\" rel=\"nofollow noopener\" class=\"transition-colors cursor-pointer no-underline md:hover:text-magenta md:focus:text-magenta border-b border-solid border-current text-salemsfur md:hover:border-magenta\" data-tracking=\"{&quot;action&quot;:&quot;click&quot;,&quot;category&quot;:&quot;intextLink&quot;,&quot;label&quot;:&quot;https:\/\/dbmuseum.de&quot;}\" data-sctrack=\"BodyAnchor\">Buchung im Ticketshop<\/a> erforderlich. Erm\u00e4\u00dfigungen gelten f\u00fcr diese Veranstaltung nicht, au\u00dferdem ist das Angebot nicht barrierefrei.<\/p>\n<p>DB Museum: Ausstellung \u00fcber Tunnel<\/p>\n<p class=\"text-18 leading-17 user-text-lg:text-22 user-text-xl:text-24\">Ab dem 3. Juli widmet das Museum dem Tunnelbau sogar eine eigene Ausstellung. Unter dem Titel &#8222;Tunnel&#8220; beleuchtet sie die Geschichte und Gegenwart der unterirdischen Bauwerke \u2013 von den Anf\u00e4ngen des Eisenbahntunnelbaus bis hin zu aktuellen Gro\u00dfprojekten zwischen Ostsee und Alpen.<\/p>\n","protected":false},"excerpt":{"rendered":"Tief unter der Erde Geheimer DB-Bunker in N\u00fcrnberg \u00f6ffnet T\u00fcren f\u00fcr Besucher Aktualisiert am 02.07.2026 &#8211; 06:27 UhrLesedauer:&hellip;\n","protected":false},"author":2,"featured_media":1101785,"comment_status":"","ping_status":"","sticky":false,"template":"","format":"standard","meta":{"footnotes":"","_share_on_mastodon":"0"},"categories":[1837],"tags":[772,5219,3364,29,30,3982,3783,2657],"class_list":["post-1136610","post","type-post","status-publish","format-standard","has-post-thumbnail","category-nuernberg","tag-bayern","tag-db","tag-de","tag-deutschland","tag-germany","tag-kalter-krieg","tag-nuernberg","tag-zweiter-weltkrieg"],"share_on_mastodon":{"url":"https:\/\/pubeurope.com\/@de\/116848521283052471","error":""},"_links":{"self":[{"href":"https:\/\/www.europesays.com\/de\/wp-json\/wp\/v2\/posts\/1136610","targetHints":{"allow":["GET"]}}],"collection":[{"href":"https:\/\/www.europesays.com\/de\/wp-json\/wp\/v2\/posts"}],"about":[{"href":"https:\/\/www.europesays.com\/de\/wp-json\/wp\/v2\/types\/post"}],"author":[{"embeddable":true,"href":"https:\/\/www.europesays.com\/de\/wp-json\/wp\/v2\/users\/2"}],"replies":[{"embeddable":true,"href":"https:\/\/www.europesays.com\/de\/wp-json\/wp\/v2\/comments?post=1136610"}],"version-history":[{"count":0,"href":"https:\/\/www.europesays.com\/de\/wp-json\/wp\/v2\/posts\/1136610\/revisions"}],"wp:featuredmedia":[{"embeddable":true,"href":"https:\/\/www.europesays.com\/de\/wp-json\/wp\/v2\/media\/1101785"}],"wp:attachment":[{"href":"https:\/\/www.europesays.com\/de\/wp-json\/wp\/v2\/media?parent=1136610"}],"wp:term":[{"taxonomy":"category","embeddable":true,"href":"https:\/\/www.europesays.com\/de\/wp-json\/wp\/v2\/categories?post=1136610"},{"taxonomy":"post_tag","embeddable":true,"href":"https:\/\/www.europesays.com\/de\/wp-json\/wp\/v2\/tags?post=1136610"}],"curies":[{"name":"wp","href":"https:\/\/api.w.org\/{rel}","templated":true}]}}