{"id":113663,"date":"2025-05-15T23:03:15","date_gmt":"2025-05-15T23:03:15","guid":{"rendered":"https:\/\/www.europesays.com\/de\/113663\/"},"modified":"2025-05-15T23:03:15","modified_gmt":"2025-05-15T23:03:15","slug":"dach-in-essen-brennt-feuerwehr-rettet-hund","status":"publish","type":"post","link":"https:\/\/www.europesays.com\/de\/113663\/","title":{"rendered":"Dach in Essen brennt &#8211; Feuerwehr rettet Hund"},"content":{"rendered":"<p>Feuer in Essen in einer Sackgasse<\/p>\n<p>In Essen-Bredeney war die Feuerwehr am Donnerstagmittag (15. Mai) im Einsatz. Am Beckmannsbusch hat das Dach eines Mehrfamilienhauses in der Sackgasse gebrannt. Die Feuerwehr war mit zwei Drehleitern im Einsatz und hat versucht, das Feuer zu l\u00f6schen. Daf\u00fcr musste das Dach ge\u00f6ffnet werden. Durch das Feuer wurde keiner verletzt, einen Hund hat die Feuerwehrleuten aus der Dachgeschosswohnung gerettet. Einige Wagen der Feuerwehr, die noch nicht gebraucht wurden, hatten auf der Theodor-Althoff-Stra\u00dfe geparkt. Dadurch kam es zu Verkehrseinschr\u00e4nkungen. Die Einsatzkr\u00e4fte konnten den Brand l\u00f6schen. Am Abend m\u00fcssen die Feuerwehrleute kontrollieren, ob noch Glutnester im Dach sind. Die Dachgeschosswohnung ist aktuell nicht bewohnbar.<\/p>\n<p>Mehr Nachrichten aus Essen<\/p>\n","protected":false},"excerpt":{"rendered":"Feuer in Essen in einer Sackgasse In Essen-Bredeney war die Feuerwehr am Donnerstagmittag (15. Mai) im Einsatz. Am&hellip;\n","protected":false},"author":2,"featured_media":113664,"comment_status":"","ping_status":"","sticky":false,"template":"","format":"standard","meta":{"footnotes":"","_share_on_mastodon":"0"},"categories":[1834],"tags":[24582,3275,44135,2919,3364,29,3688,987,985,30,1209],"class_list":["post-113663","post","type-post","status-publish","format-standard","has-post-thumbnail","category-essen","tag-bredeney","tag-lokalnachrichten","tag-theodor-althoff-strae","tag-brand","tag-de","tag-deutschland","tag-essen","tag-feuer","tag-feuerwehr","tag-germany","tag-nordrhein-westfalen"],"share_on_mastodon":{"url":"https:\/\/pubeurope.com\/@de\/114514349665556964","error":""},"_links":{"self":[{"href":"https:\/\/www.europesays.com\/de\/wp-json\/wp\/v2\/posts\/113663","targetHints":{"allow":["GET"]}}],"collection":[{"href":"https:\/\/www.europesays.com\/de\/wp-json\/wp\/v2\/posts"}],"about":[{"href":"https:\/\/www.europesays.com\/de\/wp-json\/wp\/v2\/types\/post"}],"author":[{"embeddable":true,"href":"https:\/\/www.europesays.com\/de\/wp-json\/wp\/v2\/users\/2"}],"replies":[{"embeddable":true,"href":"https:\/\/www.europesays.com\/de\/wp-json\/wp\/v2\/comments?post=113663"}],"version-history":[{"count":0,"href":"https:\/\/www.europesays.com\/de\/wp-json\/wp\/v2\/posts\/113663\/revisions"}],"wp:featuredmedia":[{"embeddable":true,"href":"https:\/\/www.europesays.com\/de\/wp-json\/wp\/v2\/media\/113664"}],"wp:attachment":[{"href":"https:\/\/www.europesays.com\/de\/wp-json\/wp\/v2\/media?parent=113663"}],"wp:term":[{"taxonomy":"category","embeddable":true,"href":"https:\/\/www.europesays.com\/de\/wp-json\/wp\/v2\/categories?post=113663"},{"taxonomy":"post_tag","embeddable":true,"href":"https:\/\/www.europesays.com\/de\/wp-json\/wp\/v2\/tags?post=113663"}],"curies":[{"name":"wp","href":"https:\/\/api.w.org\/{rel}","templated":true}]}}