{"id":1136708,"date":"2026-07-02T05:30:16","date_gmt":"2026-07-02T05:30:16","guid":{"rendered":"https:\/\/www.europesays.com\/de\/1136708\/"},"modified":"2026-07-02T05:30:16","modified_gmt":"2026-07-02T05:30:16","slug":"schwarzwaldbahn-region-verliert-moeglicherweise-direktverbindung-nach-karlsruhe","status":"publish","type":"post","link":"https:\/\/www.europesays.com\/de\/1136708\/","title":{"rendered":"Schwarzwaldbahn: Region verliert m\u00f6glicherweise Direktverbindung nach Karlsruhe"},"content":{"rendered":"<p class=\"mb-6 text-xs-varying md:text-m lg:text-l font-serif group-[.font-sans]:font-sans \">\n    Eigentlich sollte die Suche schon auf Hochtouren laufen: Erst wollte das Land bis Ende M\u00e4rz, dann erst bis Ende Juni, die Ausschreibung daf\u00fcr starten, <a href=\"https:\/\/www.suedkurier.de\/baden-wuerttemberg\/bahn-deutsche-bahn-will-schwarzwaldbahn-nach-ausschreibung-weiter-betreiben-16-01-26-113087731\" target=\"_self\" class=\"underline \" rel=\"nofollow noopener\">welches Unternehmen ab sp\u00e4testens 2032 die Schwarzwaldbahn betreiben darf<\/a> &#8211; und nun wird es nach aktuellen Landesangaben erst im Laufe des zweiten Halbjahres so weit sein. Das klingt nach grauer B\u00fcrokratie, es geht aber um eine f\u00fcr Fahrg\u00e4ste hochrelevante Frage: Es ist offen, bis wohin die <a href=\"https:\/\/www.suedkurier.de\/schlagworte\/sk-schwarzwaldbahn\" target=\"_self\" class=\"underline \" rel=\"nofollow noopener\">Schwarzwaldbahn<\/a> nach der Neuvergabe noch fahren wird.\n  <\/p>\n","protected":false},"excerpt":{"rendered":"Eigentlich sollte die Suche schon auf Hochtouren laufen: Erst wollte das Land bis Ende M\u00e4rz, dann erst bis&hellip;\n","protected":false},"author":2,"featured_media":1136709,"comment_status":"","ping_status":"","sticky":false,"template":"","format":"standard","meta":{"footnotes":"","_share_on_mastodon":"0"},"categories":[1844],"tags":[1634,7885,3364,2030,29,30,8903,239230,122703,21135,23906,239229,169261,239231],"class_list":["post-1136708","post","type-post","status-publish","format-standard","has-post-thumbnail","category-karlsruhe","tag-baden-wuerttemberg","tag-bodensee","tag-de","tag-deutsche-bahn","tag-deutschland","tag-germany","tag-karlsruhe","tag-konstanz-karlsruhe","tag-neuausschreibung","tag-offenburg","tag-schwarzwald","tag-schwarzwaldbahn","tag-villingen","tag-zukunftsfahrplan"],"share_on_mastodon":{"url":"https:\/\/pubeurope.com\/@de\/116848743344965051","error":""},"_links":{"self":[{"href":"https:\/\/www.europesays.com\/de\/wp-json\/wp\/v2\/posts\/1136708","targetHints":{"allow":["GET"]}}],"collection":[{"href":"https:\/\/www.europesays.com\/de\/wp-json\/wp\/v2\/posts"}],"about":[{"href":"https:\/\/www.europesays.com\/de\/wp-json\/wp\/v2\/types\/post"}],"author":[{"embeddable":true,"href":"https:\/\/www.europesays.com\/de\/wp-json\/wp\/v2\/users\/2"}],"replies":[{"embeddable":true,"href":"https:\/\/www.europesays.com\/de\/wp-json\/wp\/v2\/comments?post=1136708"}],"version-history":[{"count":0,"href":"https:\/\/www.europesays.com\/de\/wp-json\/wp\/v2\/posts\/1136708\/revisions"}],"wp:featuredmedia":[{"embeddable":true,"href":"https:\/\/www.europesays.com\/de\/wp-json\/wp\/v2\/media\/1136709"}],"wp:attachment":[{"href":"https:\/\/www.europesays.com\/de\/wp-json\/wp\/v2\/media?parent=1136708"}],"wp:term":[{"taxonomy":"category","embeddable":true,"href":"https:\/\/www.europesays.com\/de\/wp-json\/wp\/v2\/categories?post=1136708"},{"taxonomy":"post_tag","embeddable":true,"href":"https:\/\/www.europesays.com\/de\/wp-json\/wp\/v2\/tags?post=1136708"}],"curies":[{"name":"wp","href":"https:\/\/api.w.org\/{rel}","templated":true}]}}