{"id":1136732,"date":"2026-07-02T05:44:24","date_gmt":"2026-07-02T05:44:24","guid":{"rendered":"https:\/\/www.europesays.com\/de\/1136732\/"},"modified":"2026-07-02T05:44:24","modified_gmt":"2026-07-02T05:44:24","slug":"prinzessin-kate-middleton-bestieg-innerhalb-von-24-stunden-erfolgreich-drei-berggipfel","status":"publish","type":"post","link":"https:\/\/www.europesays.com\/de\/1136732\/","title":{"rendered":"Prinzessin Kate Middleton bestieg innerhalb von 24 Stunden erfolgreich drei Berggipfel."},"content":{"rendered":"<p><img decoding=\"async\" data-author=\"\" src=\"https:\/\/www.europesays.com\/de\/wp-content\/uploads\/2026\/07\/1782967750361_edit-dm20260702110752001-1782967069747355104335.jpeg\" id=\"img_231605197973770240\" w=\"1080\" h=\"1186\" alt=\"Prinzessin Kate Middleton bestieg innerhalb von 24 Stunden drei Berge, um Krebspatienten Mut zu machen - Foto 2.\" rel=\"lightbox\" photoid=\"231605197973770240\" data-original=\"https:\/\/cdn2.tuoitre.vn\/471584752817336320\/2026\/7\/2\/edit-dm20260702110752001-1782967069747355104335.jpeg\" type=\"photo\" style=\"max-width:100%;;cursor:pointer\" width=\"1080\" height=\"1186\" fetchpriority=\"high\" data-nosnippet=\"\"\/><\/p>\n<p data-placeholder=\"Nh\u1eadp ch\u00fa th\u00edch \u1ea3nh\"> Kate Middleton strahlt nach erfolgreicher Besteigung dreier Berggipfel \u2013 Foto: Instagram<\/p>\n<p> Dieser Erfolg kommt nur 18 Monate, nachdem Kate Middleton in Remission gegangen ist.<\/p>\n<p> Prinzessin Catherine (44 Jahre) unternahm am 27. Juni eine anspruchsvolle Wander- und Bergsteigertour, die sie innerhalb von 24 Stunden erfolgreich abschloss. Sie erkl\u00e4rte, dies sei nicht nur ein Ziel f\u00fcr ihre k\u00f6rperliche Fitness gewesen, sondern auch eine Gelegenheit f\u00fcr sie, \u201edas Leben nach der Diagnose neu zu entdecken\u201c und einen Beitrag f\u00fcr die Gemeinschaft zu leisten, indem sie das Bewusstsein f\u00fcr die tiefgreifenden Auswirkungen schwerer Krankheiten sch\u00e4rfte.<\/p>\n<p> Die National Three Peaks Challenge verlangt von den Teilnehmern, innerhalb von genau 24 Stunden die h\u00f6chsten Gipfel in drei L\u00e4ndern des Vereinigten K\u00f6nigreichs \u2013 Schottland, England und Wales \u2013 zu bezwingen.<\/p>\n<p> Um diese Reise zu bew\u00e4ltigen, musste Kate insgesamt 23 Meilen (ca. 37 km) wandern und dabei einen H\u00f6henunterschied von \u00fcber 3.000 Metern \u00fcberwinden. Zus\u00e4tzlich musste sie 462 Meilen (ca. 743 km) mit dem Auto zwischen drei Orten zur\u00fccklegen.<\/p>\n<p> Die Prinzessin bezwang nacheinander drei legend\u00e4re Berggipfel:<\/p>\n<p> <b>Ben Nevis (Schottland)<\/b> : Der h\u00f6chste Berg Gro\u00dfbritanniens mit einer H\u00f6he von 1345 Metern \u00fcber dem Meeresspiegel. Dies war der erste Berg, den die Prinzessin besuchte.<\/p>\n<p>Das k\u00f6nnte Sie interessieren<\/p>\n<p> <b>Snowdon Peak (Wales)<\/b> : Der h\u00f6chste Berg in Wales mit einer H\u00f6he von 1.085 m.<\/p>\n<p> <b>Scafell Pike (England):<\/b> Der h\u00f6chste Berg Englands, gelegen im Lake District, mit einer H\u00f6he von 978 m.<\/p>\n<p> Bei Kate wurde Anfang 2024 eine nicht n\u00e4her bezeichnete Krebsart diagnostiziert. Sie unterzog sich einer Chemotherapie, bevor sie im Januar 2025 ihre Genesung verk\u00fcndete. Ihre Behandlung fand im Royal Marsden Hospital in <a class=\"data-link\" data-org-href=\"https:\/\/www.vietnam.vn\/tag\/chelsea\" href=\"https:\/\/www.vietnam.vn\/tag\/chelsea\" title=\"Chelsea\" target=\"_blank\" rel=\"nofollow noopener\">Chelsea<\/a> , Westlondon, statt. <\/p>\n<p><img decoding=\"async\" data-author=\"\" src=\"https:\/\/www.europesays.com\/de\/wp-content\/uploads\/2026\/07\/1782967750797_gettykatemiddletonprincessofwales-17829663471631978006886.jpeg\" id=\"img_231603992655781888\" w=\"1440\" h=\"810\" alt=\"Prinzessin Kate Middleton bestieg innerhalb von 24 Stunden drei Berge, um Krebspatienten Mut zu machen - Foto 3.\" rel=\"lightbox\" photoid=\"231603992655781888\" data-original=\"https:\/\/cdn2.tuoitre.vn\/471584752817336320\/2026\/7\/2\/gettykatemiddletonprincessofwales-17829663471631978006886.jpg\" type=\"photo\" style=\"max-width:100%;;cursor:pointer\" width=\"1440\" height=\"810\" loading=\"lazy\" data-nosnippet=\"\"\/><\/p>\n<p data-placeholder=\"Nh\u1eadp ch\u00fa th\u00edch \u1ea3nh\"> Kate Middleton erhielt 2024 die Diagnose Krebs \u2013 Foto: WireImage<\/p>\n<p> Die Prinzessin teilte ihre Erfahrungen im Kampf gegen die Krankheit in den sozialen Medien und schrieb: \u201eJedes Jahr h\u00f6ren Hunderttausende von Menschen in diesem Land Worte, die niemand h\u00f6ren will. Was folgt, ist ein Weg, der uns auf die Probe stellt: k\u00f6rperlich, emotional, psychisch und spirituell.\u201c<\/p>\n<p> Krebs greift nicht nur den K\u00f6rper an. Er ver\u00e4ndert die Art, wie man denkt und f\u00fchlt, und beeinflusst jeden Aspekt des Lebens tiefgreifend. Ich wei\u00df das aus eigener Erfahrung.<\/p>\n<p> Ihr Spendenziel ist es daher diesmal, Ans\u00e4tze der &#8222;ganzheitlichen Gesundheitsversorgung&#8220; zu f\u00f6rdern, die komplement\u00e4re Therapien mit klinischen Behandlungsprotokollen kombinieren, um Krebspatienten zu helfen, in schwierigen Zeiten eine bessere Lebensqualit\u00e4t und ein besseres seelisches Gleichgewicht zu bewahren.<\/p>\n<p> W\u00e4hrend ihrer gesamten Bergsteigertour wurde sie vom Bergrettungsteam betreut.<\/p>\n<p><a href=\"https:\/\/www.vietnam.vn\/de\/dai-su-nguyen-quoc-dung-tham-va-lam-viec-tai-bang-minnesota-hoa-ky\" class=\"shrink-0\" rel=\"nofollow noopener\" target=\"_blank\"><img alt=\"Botschafter Nguyen Quoc Dung besucht und arbeitet in Minnesota, USA.\" loading=\"lazy\" width=\"192\" height=\"108\" decoding=\"async\" data-nimg=\"1\" class=\"object-cover block rounded-lg\" style=\"color:transparent;width:192px;height:108px\" src=\"https:\/\/www.europesays.com\/de\/wp-content\/uploads\/2026\/07\/1782917031767_anh-320260701213449.jpeg\"\/><\/a><a href=\"https:\/\/www.vietnam.vn\/de\/viet-nam-khuyen-khich-doanh-nghiep-hoa-ky-mo-rong-dau-tu-vao-cong-nghe-cao\" class=\"shrink-0\" rel=\"nofollow noopener\" target=\"_blank\"><img alt=\"Vietnam ermutigt US-Unternehmen, ihre Investitionen in Hochtechnologie auszuweiten.\" loading=\"lazy\" width=\"192\" height=\"108\" decoding=\"async\" data-nimg=\"1\" class=\"object-cover block rounded-lg\" style=\"color:transparent;width:192px;height:108px\" src=\"https:\/\/www.europesays.com\/de\/wp-content\/uploads\/2026\/06\/1782467133057_320260626142646.jpeg\"\/><\/a><a href=\"https:\/\/www.vietnam.vn\/de\/viet-nam-khuyen-khich-doanh-nghiep-hoa-ky-mo-rong-dau-tu-vao-cong-nghe-cao\" class=\"font-inter-body v-link-title line-clamp-4 font-semibold\" rel=\"nofollow noopener\" target=\"_blank\">Vietnam ermutigt US-Unternehmen, ihre Investitionen in Hochtechnologie auszuweiten.<\/a>Am Morgen des 26. Juni empfing Vizepremierminister Ho Quoc Dung im Regierungssitz Herrn Jeff Place, Supply-Chain-Direktor der Coherent Group (USA). W\u00e4hrend des Treffens bekr\u00e4ftigte der Vizepremierminister, dass Vietnam US-Unternehmen zu verst\u00e4rkten Investitionen ermutigt, insbesondere in den Bereichen Hochtechnologie, Innovation und Halbleiterindustrie.<a href=\"https:\/\/www.vietnam.vn\/de\/khuyen-khich-cac-doanh-nghiep-hoa-ky-mo-rong-dau-tu-trong-linh-vuc-cong-nghe-cao\" class=\"shrink-0\" rel=\"nofollow noopener\" target=\"_blank\"><img alt=\"US-Unternehmen sollen ermutigt werden, ihre Investitionen in Hightech-Sektoren auszuweiten.\" loading=\"lazy\" width=\"192\" height=\"108\" decoding=\"async\" data-nimg=\"1\" class=\"object-cover block rounded-lg\" style=\"color:transparent;width:192px;height:108px\" src=\"https:\/\/www.europesays.com\/de\/wp-content\/uploads\/2026\/06\/1782456616394_ttxvn-pho-thu-tuong-ho-quoc-dung-tiep-tap-doan-cong-nghe-va-ban-dan-cohernet-hoa-ky-1-.webp\"\/><\/a><\/p>\n<p> Am Ende der Reise warteten Prinz William und seine drei Kinder \u2013 Prinz George, Prinzessin Charlotte und Prinz Louis \u2013 sowie ihre Eltern (Carole und Michael Middleton) und ihr j\u00fcngerer Bruder James Middleton auf Kate Middleton.<\/p>\n<p> Der Kensington-Palast best\u00e4tigte sp\u00e4ter, dass dies ein historischer Meilenstein sei, da zum ersten Mal ein Mitglied der britischen K\u00f6nigsfamilie die prestigetr\u00e4chtige Three Peaks Challenge erfolgreich absolviert habe.<\/p>\n<p> Alle Einnahmen aus der Spendenaktion der Prinzessin gehen an den Wohlt\u00e4tigkeitsfonds des Royal Marsden Hospital. Ziel ist es, mehr Krebspatienten den Zugang zu einer umfassenderen Gesundheitsversorgung zu erm\u00f6glichen. <\/p>\n<p class=\"mb-0\"> Quelle: https:\/\/tuoitre.vn\/vuong-phi-kate-middleton-chinh-phuc-thanh-cong-3-dinh-nui-trong-24-gio-100260702113114658.htm<\/p>\n","protected":false},"excerpt":{"rendered":"Kate Middleton strahlt nach erfolgreicher Besteigung dreier Berggipfel \u2013 Foto: Instagram Dieser Erfolg kommt nur 18 Monate, nachdem&hellip;\n","protected":false},"author":2,"featured_media":1136733,"comment_status":"","ping_status":"","sticky":false,"template":"","format":"standard","meta":{"footnotes":"","_share_on_mastodon":"0"},"categories":[3976],"tags":[16224,331,332,13,21374,14,15,239235,21376,12,3992,3993,3994,3995,3996,3997],"class_list":["post-1136732","post","type-post","status-publish","format-standard","has-post-thumbnail","category-vereinigtes-koenigreich","tag-klettern","tag-aktuelle-nachrichten","tag-aktuelle-news","tag-headlines","tag-kate-middleton","tag-nachrichten","tag-news","tag-prinzessin-kate-middleton","tag-prinzessin-von-wales","tag-schlagzeilen","tag-uk","tag-united-kingdom","tag-united-kingdom-of-great-britain-and-northern-ireland","tag-vereinigtes-koenigreich","tag-vereinigtes-koenigreich-grossbritannien-und-nordirland","tag-vereinigtes-koenigreich-von-grossbritannien-und-nordirland"],"share_on_mastodon":{"url":"https:\/\/pubeurope.com\/@de\/116848798776272136","error":""},"_links":{"self":[{"href":"https:\/\/www.europesays.com\/de\/wp-json\/wp\/v2\/posts\/1136732","targetHints":{"allow":["GET"]}}],"collection":[{"href":"https:\/\/www.europesays.com\/de\/wp-json\/wp\/v2\/posts"}],"about":[{"href":"https:\/\/www.europesays.com\/de\/wp-json\/wp\/v2\/types\/post"}],"author":[{"embeddable":true,"href":"https:\/\/www.europesays.com\/de\/wp-json\/wp\/v2\/users\/2"}],"replies":[{"embeddable":true,"href":"https:\/\/www.europesays.com\/de\/wp-json\/wp\/v2\/comments?post=1136732"}],"version-history":[{"count":0,"href":"https:\/\/www.europesays.com\/de\/wp-json\/wp\/v2\/posts\/1136732\/revisions"}],"wp:featuredmedia":[{"embeddable":true,"href":"https:\/\/www.europesays.com\/de\/wp-json\/wp\/v2\/media\/1136733"}],"wp:attachment":[{"href":"https:\/\/www.europesays.com\/de\/wp-json\/wp\/v2\/media?parent=1136732"}],"wp:term":[{"taxonomy":"category","embeddable":true,"href":"https:\/\/www.europesays.com\/de\/wp-json\/wp\/v2\/categories?post=1136732"},{"taxonomy":"post_tag","embeddable":true,"href":"https:\/\/www.europesays.com\/de\/wp-json\/wp\/v2\/tags?post=1136732"}],"curies":[{"name":"wp","href":"https:\/\/api.w.org\/{rel}","templated":true}]}}