{"id":1136758,"date":"2026-07-02T05:58:24","date_gmt":"2026-07-02T05:58:24","guid":{"rendered":"https:\/\/www.europesays.com\/de\/1136758\/"},"modified":"2026-07-02T05:58:24","modified_gmt":"2026-07-02T05:58:24","slug":"shows-auf-25-buehnen-kleines-fest-im-grossen-garten-startet","status":"publish","type":"post","link":"https:\/\/www.europesays.com\/de\/1136758\/","title":{"rendered":"Shows auf 25 B\u00fchnen: &#8222;Kleines Fest im Gro\u00dfen Garten&#8220; startet"},"content":{"rendered":"<p>        <img decoding=\"async\" src=\"https:\/\/www.europesays.com\/de\/wp-content\/uploads\/2026\/07\/kleinesfest-110.webp\" alt=\"Vier bunt verkleidete K\u00fcnstler auf Stelzen beim &quot;Kleinen Fest im Gro\u00dfen Garten&quot; in Hannover.\" title=\"Vier bunt verkleidete K\u00fcnstler auf Stelzen beim &quot;Kleinen Fest im Gro\u00dfen Garten&quot; in Hannover. | Herrenh\u00e4user G\u00e4rten, Marion Coers\" class=\"responsive\"\/><\/p>\n<p>AUDIO: Hannover: &#8222;Kleines Fest im Gro\u00dfen Garten&#8220; beginnt (1 Min)<\/p>\n<p>\n                Stand: 02.07.2026 05:51 Uhr<\/p>\n<p class=\"preface\">Heute beginnt in den Herrenh\u00e4user G\u00e4rten in Hannover das &#8222;Kleine Fest im Gro\u00dfen Garten&#8220;. Innerhalb von zwei Wochen treten auf 25 B\u00fchnen mehr als 100 K\u00fcnstlerinnen und K\u00fcnstler auf. <\/p>\n<p class=\"\">Laut Veranstalter umfasst das Programm unter anderem Shows aus den Bereichen Musik, Tanz, Comedy und Zirkus. Dabei liegt der Schwerpunkt den Angaben zufolge auf Produktionen aus Deutschland und den europ\u00e4ischen Nachbarl\u00e4ndern. So habe man den Eintrittspreis stabil halten k\u00f6nnen, hie\u00df es. Nach Jahren des Zuschauerr\u00fcckgangs hoffen die Organisatoren um den <a href=\"https:\/\/www.ndr.de\/nachrichten\/niedersachsen\/hannover_weser-leinegebiet\/kleines-fest-neuer-intendant-desimo-stellt-programm-fuer-2026-vor,kleinesfest-106.html\" title=\"Kleines Fest: Neuer Intendant Desimo stellt das Programm f\u00fcr 2026 vor\" rel=\"nofollow noopener\" target=\"_blank\">neuen Intendanten Desimo<\/a> auf ein erfolgreiches &#8222;Kleines Fest&#8220;.<\/p>\n<p>    B\u00fchnen wieder n\u00e4her am Schloss<\/p>\n<p class=\"\">Desimo sagte bei der Programmvorstellung im M\u00e4rz, er wolle eine Mischung aus den Dingen pr\u00e4sentieren, die unter seinen beiden Vorg\u00e4ngern beim Publikum gut ankamen. So r\u00fccken die B\u00fchnen wieder nach vorne in Richtung Schloss, wo sie auch unter &#8222;Kleines Fest&#8220;-Gr\u00fcnder Harald B\u00f6hlmann standen. Von Desimos direktem Vorg\u00e4nger Casper de Vries bleibt die &#8222;Font\u00e4nenbar&#8220; erhalten, ein Getr\u00e4nkestand mit beleuchtetem Springbrunnen auf dem Dach.<\/p>\n<p>                News aus deiner Region &#8211; jetzt auch direkt per WhatsApp<\/p>\n<p>In unseren f\u00fcnf neuen regionalen WhatsApp-Kan\u00e4len versorgen wir dich ab sofort wochent\u00e4glich mit den wichtigsten Nachrichten, Themen und Geschichten aus deiner Heimat. <\/p>\n<p>\u00dcber diese Links kommst du direkt zu den Kan\u00e4len:<\/p>\n<p><a href=\"https:\/\/www.ndr.de\/nachrichten\/niedersachsen\/ndr-niedersachsen-auf-whatsapp-abonniere-die-news-aus-deiner-region,whatsappniedersachsen-100.html\" title=\"NDR Niedersachsen auf WhatsApp: Abonniere die News aus deiner Region\" rel=\"nofollow noopener\" target=\"_blank\">Abonniere News aus deiner Region<\/a> und aktiviere die Glocke, damit du nichts verpasst.<\/p>\n<p>        <img decoding=\"async\" src=\"https:\/\/www.europesays.com\/de\/wp-content\/uploads\/2026\/07\/desimo-102.webp\" alt=\"Ein Mann hinter einer Br\u00fcstung auf der Statuen mit goldenen Beinen stehen.\" title=\"Ein Mann hinter einer Br\u00fcstung auf der Statuen mit goldenen Beinen stehen. | Helge Kr\u00fcckeberg\" class=\"responsive\" loading=\"lazy\"\/><\/p>\n<p>Das Fest in den Herrenh\u00e4user G\u00e4rten soll nach Zuschauerr\u00fcckg\u00e4ngen in den vergangenen Jahren wieder zur\u00fcck auf die Erfolgsspur.<\/p>\n<p>        <img decoding=\"async\" src=\"https:\/\/www.europesays.com\/de\/wp-content\/uploads\/2026\/07\/casperdevries100.webp\" alt=\"Ein Mann im gemusterten Hemd sitzt vor einem Brunnen.\" title=\"Der bisherige Intendant des &quot;Kleinen Fests im Gro\u00dfen Garten&quot; in Hannover, Casper de Vries, tritt zur\u00fcck.  | Landeshauptstadt Hannover \/ Helge Kr\u00fcckeberg, Helge Kr\u00fcckeberg\" class=\"responsive\" loading=\"lazy\"\/><\/p>\n<p>Er beklagt fehlende Unterst\u00fctzung der Stadt Hannover. Die weist das zur\u00fcck und nennt andere Gr\u00fcnde f\u00fcr das Zerw\u00fcrfnis.<\/p>\n<p>        <img decoding=\"async\" src=\"https:\/\/www.europesays.com\/de\/wp-content\/uploads\/2026\/07\/kleinkunst-100.webp\" alt=\"Artistin bei der Arbeit\" title=\"Artistin bei der Arbeit | Herrenh\u00e4user G\u00e4rten\" class=\"responsive\" loading=\"lazy\"\/><\/p>\n<p>Das &#8222;Kleine Fest im Gro\u00dfen Garten&#8220; in Hannover ist am Sonntag zu Ende gegangen. 50.000 Besucher wurden gez\u00e4hlt.<\/p>\n<p>Dieses Thema im Programm:<\/p>\n<p>                NDR.de | Hannover: &#8222;Kleines Fest im Gro\u00dfen Garten&#8220; beginnt | 01.07.2026 | 15.16 Uhr<\/p>\n<p>        Schlagw\u00f6rter zu diesem Artikel<\/p>\n<p>            <a href=\"https:\/\/www.ndr.de\/nachrichten\/niedersachsen\/hannover_weser-leinegebiet\/Hannover-Aktuelle-News-und-Nachrichten,hannover18518.html\" rel=\"nofollow noopener\" target=\"_blank\">Hannover<\/a><\/p>\n","protected":false},"excerpt":{"rendered":"AUDIO: Hannover: &#8222;Kleines Fest im Gro\u00dfen Garten&#8220; beginnt (1 Min) Stand: 02.07.2026 05:51 Uhr Heute beginnt in den&hellip;\n","protected":false},"author":2,"featured_media":1136759,"comment_status":"","ping_status":"","sticky":false,"template":"","format":"standard","meta":{"footnotes":"","_share_on_mastodon":"0"},"categories":[1836],"tags":[590,3364,29,30,16963,46,10688,87266,14,15,1411,3882],"class_list":["post-1136758","post","type-post","status-publish","format-standard","has-post-thumbnail","category-hannover","tag-aktuell","tag-de","tag-deutschland","tag-germany","tag-grosser-garten","tag-hannover","tag-herrenhaeuser-gaerten","tag-kleines-fest","tag-nachrichten","tag-news","tag-niedersachsen","tag-show"],"share_on_mastodon":{"url":"https:\/\/pubeurope.com\/@de\/116848855830115059","error":""},"_links":{"self":[{"href":"https:\/\/www.europesays.com\/de\/wp-json\/wp\/v2\/posts\/1136758","targetHints":{"allow":["GET"]}}],"collection":[{"href":"https:\/\/www.europesays.com\/de\/wp-json\/wp\/v2\/posts"}],"about":[{"href":"https:\/\/www.europesays.com\/de\/wp-json\/wp\/v2\/types\/post"}],"author":[{"embeddable":true,"href":"https:\/\/www.europesays.com\/de\/wp-json\/wp\/v2\/users\/2"}],"replies":[{"embeddable":true,"href":"https:\/\/www.europesays.com\/de\/wp-json\/wp\/v2\/comments?post=1136758"}],"version-history":[{"count":0,"href":"https:\/\/www.europesays.com\/de\/wp-json\/wp\/v2\/posts\/1136758\/revisions"}],"wp:featuredmedia":[{"embeddable":true,"href":"https:\/\/www.europesays.com\/de\/wp-json\/wp\/v2\/media\/1136759"}],"wp:attachment":[{"href":"https:\/\/www.europesays.com\/de\/wp-json\/wp\/v2\/media?parent=1136758"}],"wp:term":[{"taxonomy":"category","embeddable":true,"href":"https:\/\/www.europesays.com\/de\/wp-json\/wp\/v2\/categories?post=1136758"},{"taxonomy":"post_tag","embeddable":true,"href":"https:\/\/www.europesays.com\/de\/wp-json\/wp\/v2\/tags?post=1136758"}],"curies":[{"name":"wp","href":"https:\/\/api.w.org\/{rel}","templated":true}]}}