{"id":1136932,"date":"2026-07-02T07:35:15","date_gmt":"2026-07-02T07:35:15","guid":{"rendered":"https:\/\/www.europesays.com\/de\/1136932\/"},"modified":"2026-07-02T07:35:15","modified_gmt":"2026-07-02T07:35:15","slug":"cold-case-in-duesseldorf-zehn-jahre-nach-mord-polizei-fahndet-erneut-nach-taetern","status":"publish","type":"post","link":"https:\/\/www.europesays.com\/de\/1136932\/","title":{"rendered":"Cold Case in D\u00fcsseldorf: Zehn Jahre nach Mord \u2013 Polizei fahndet erneut nach T\u00e4tern"},"content":{"rendered":"<p class=\"text_ohne_einzug richtext text-em-55 !leading-serif mx-6 desktop:mx-0\"> Zehn Jahre nach einem Mord in D\u00fcsseldorf-Oberbilk haben die Ermittler noch immer keine Spur zu den T\u00e4tern. Die Mordkommission \u201eMK Mindener&#8220; und die Staatsanwaltschaft D\u00fcsseldorf wenden sich nun erneut an die \u00d6ffentlichkeit und suchen mithilfe eines Fahndungsplakats nach Zeugen, die Hinweise auf die Identit\u00e4t oder den Aufenthaltsort der zwei Tatverd\u00e4chtigen geben k\u00f6nnen.<\/p>\n<p class=\"text_ohne_einzug richtext text-em-55 !leading-serif mx-6 desktop:mx-0\">Am Freitag, 3. Juni 2016, wurde ein 68-j\u00e4hriger Mann in seiner Wohnung an der Mindener Stra\u00dfe schwer verletzt aufgefunden. Trotz des Einsatzes eines Notarztes starb er kurze Zeit sp\u00e4ter. Die Todesursache war schnell klar: Der Mann war get\u00f6tet worden. Es folgten umfangreiche Ermittlungen im Nahbereich des Opfers.<\/p>\n<p class=\"richtext text-em-55 !leading-serif mx-6 desktop:mx-0\">Die Beamten sicherten Spuren, werteten Videomaterial aus und gingen Zeugenhinweisen nach. Phantombilder der beiden mutma\u00dflichen T\u00e4ter wurden erstellt, der Fluchtweg wurde rekonstruiert, doch die Identit\u00e4t der T\u00e4ter blieb ungekl\u00e4rt.<\/p>\n<p>So werden die Tatverd\u00e4chtigen beschrieben      <\/p>\n<p class=\"richtext text-em-55 !leading-serif mx-6 desktop:mx-0\">Der erste Verd\u00e4chtige war zum Tatzeitpunkt etwa 25 bis 30 Jahre alt und rund 1,80 Meter gro\u00df. Er hat ein s\u00fcdl\u00e4ndisches Aussehen und eine schlanke Statur. Sein Haar war zwei bis drei Zentimeter kurz und dicht, nach hinten gegelt, die Seitenpartien deutlich k\u00fcrzer geschoren. Er trug ein schwarzes T-Shirt mit wei\u00df abgesetzten \u00c4rmeln, eine helle Hose sowie Turnschuhe oder sportliche Freizeitschuhe.<\/p>\n<p class=\"richtext text-em-55 !leading-serif mx-6 desktop:mx-0\">Der zweite Tatverd\u00e4chtige war damals 20 bis 30 Jahre alt, etwa 1,80 Meter gro\u00df und hat ebenfalls ein s\u00fcdl\u00e4ndisches Aussehen, allerdings eine deutlich untersetztere, kr\u00e4ftige Statur. Er trug einen dunklen Vollbart, sein Haar war mit einem schwarzen K\u00e4ppi bedeckt. Bekleidet war er mit dunkler Oberbekleidung mit einer auffallenden \u201ePosthorn&#8220;-Abbildung oder -Applikation sowie einer dunklen Cargohose. Zudem f\u00fchrte er eine dunkle Sporttasche mit sich. Nach Zeugenangaben soll er akzentfreies Hochdeutsch gesprochen haben.<\/p>\n<p>Fluchtweg konnte rekonstruiert werden      <\/p>\n<p class=\"richtext text-em-55 !leading-serif mx-6 desktop:mx-0\">Laut <a href=\"https:\/\/rp-online.de\/thema\/polizei\/\" rel=\"nofollow noopener\" target=\"_blank\">Polizei<\/a> verlie\u00dfen die Verd\u00e4chtigen das Haus und liefen die Mindener Stra\u00dfe nach rechts weiter. Dort \u00fcberquerten sie die Markenstra\u00dfe und fl\u00fcchteten anschlie\u00dfend entweder geradeaus in Richtung Heerstra\u00dfe und Im Liefeld oder folgten dem Stra\u00dfenverlauf nach links \u00fcber eine Br\u00fccke in Richtung Ronsdorfer Stra\u00dfe.<\/p>\n<p class=\"text_ohne_einzug richtext text-em-55 !leading-serif mx-6 desktop:mx-0\">Die Ermittler fragen nun: Wer kennt die M\u00e4nner und kann Angaben \u00fcber m\u00f6gliche Aufenthaltsorte machen? Wer hat die Tatverd\u00e4chtigen auf ihrer Flucht beobachtet? Die Polizei betont ausdr\u00fccklich, dass jeder Hinweis wichtig sein kann, auch wenn er im ersten Moment unerheblich erscheint. Vielleicht hat jemand damals geschwiegen, der heute bereit ist, zu reden. Hinweise nimmt die \u201eMK Mindener&#8220; unter der Telefonnummer 0211-8700 entgegen.<\/p>\n","protected":false},"excerpt":{"rendered":"Zehn Jahre nach einem Mord in D\u00fcsseldorf-Oberbilk haben die Ermittler noch immer keine Spur zu den T\u00e4tern. Die&hellip;\n","protected":false},"author":2,"featured_media":1136933,"comment_status":"","ping_status":"","sticky":false,"template":"","format":"standard","meta":{"footnotes":"","_share_on_mastodon":"0"},"categories":[1831],"tags":[3364,29,3405,22314,8036,94969,30,38310,165060,2183,2290,1209,37707,239297,5089,14810,14804,4996,239298],"class_list":["post-1136932","post","type-post","status-publish","format-standard","has-post-thumbnail","category-duesseldorf","tag-de","tag-deutschland","tag-duesseldorf","tag-ermittler","tag-flucht","tag-fluchtweg","tag-germany","tag-hinweis","tag-mindener","tag-mord","tag-mordkommission","tag-nordrhein-westfalen","tag-oberbilk","tag-suedlaendisches","tag-taeter","tag-tatverdaechtige","tag-verdaechtige","tag-zeugen","tag-zeugenhinweisen"],"share_on_mastodon":{"url":"https:\/\/pubeurope.com\/@de\/116849234839349554","error":""},"_links":{"self":[{"href":"https:\/\/www.europesays.com\/de\/wp-json\/wp\/v2\/posts\/1136932","targetHints":{"allow":["GET"]}}],"collection":[{"href":"https:\/\/www.europesays.com\/de\/wp-json\/wp\/v2\/posts"}],"about":[{"href":"https:\/\/www.europesays.com\/de\/wp-json\/wp\/v2\/types\/post"}],"author":[{"embeddable":true,"href":"https:\/\/www.europesays.com\/de\/wp-json\/wp\/v2\/users\/2"}],"replies":[{"embeddable":true,"href":"https:\/\/www.europesays.com\/de\/wp-json\/wp\/v2\/comments?post=1136932"}],"version-history":[{"count":0,"href":"https:\/\/www.europesays.com\/de\/wp-json\/wp\/v2\/posts\/1136932\/revisions"}],"wp:featuredmedia":[{"embeddable":true,"href":"https:\/\/www.europesays.com\/de\/wp-json\/wp\/v2\/media\/1136933"}],"wp:attachment":[{"href":"https:\/\/www.europesays.com\/de\/wp-json\/wp\/v2\/media?parent=1136932"}],"wp:term":[{"taxonomy":"category","embeddable":true,"href":"https:\/\/www.europesays.com\/de\/wp-json\/wp\/v2\/categories?post=1136932"},{"taxonomy":"post_tag","embeddable":true,"href":"https:\/\/www.europesays.com\/de\/wp-json\/wp\/v2\/tags?post=1136932"}],"curies":[{"name":"wp","href":"https:\/\/api.w.org\/{rel}","templated":true}]}}