{"id":1136981,"date":"2026-07-02T08:05:13","date_gmt":"2026-07-02T08:05:13","guid":{"rendered":"https:\/\/www.europesays.com\/de\/1136981\/"},"modified":"2026-07-02T08:05:13","modified_gmt":"2026-07-02T08:05:13","slug":"fotovoltaik-das-ende-des-privaten-solar-booms-in-deutschland-welt","status":"publish","type":"post","link":"https:\/\/www.europesays.com\/de\/1136981\/","title":{"rendered":"Fotovoltaik: Das Ende des privaten Solar-Booms in Deutschland &#8211; WELT"},"content":{"rendered":"<ol>\n<li><a href=\"https:\/\/news.google.com\/rss\/articles\/CBMiwwFBVV95cUxOSXd5V0JBdHRIZC1ra2FjWmd4djhhdjA5bEY3VFFNVVRjQmxMbGxySURkMW0tWjRuZ29MVmFlTzRLT25IRkc1cmhRZzlzUVpnU2ZfVVZ0V0ZucTFLOTYxQ210MFRZV1dqVFlDQVF5UzB2aldyMmJuR3dHQi1MN3FkYkROREk5RzRKNXBzcjNsQ2NTWHR0Wl9reGYxTUlmYWdNV0FRQUkxanZaVmprT0hCMG0tMHNHUXRMQlk4aWp3RlI4VW8?oc=5\" target=\"_blank\" rel=\"nofollow noopener\">Fotovoltaik: Das Ende des privaten Solar-Booms in Deutschland<\/a>&nbsp;&nbsp;WELT<\/li>\n<li><a href=\"https:\/\/news.google.com\/rss\/articles\/CBMitgFBVV95cUxNN3lxVmdTRFBqS0JJRE5MQ2RoZ1JJQS0tY2VOMkI0M0ZIcF8zVUcxdnJqQk00ajJMcGdHSlR6VEthS0hJaDdsTVNnci1CbXcxRWRQNnh1bnVtcmZYRDVqNm8xS3RWVFpxbUhlejJiTGtVV2ZGWm54M21kUldJVEh6d2ZTTFVJUEFiVUFkUmJwWWltd0MzbFRJUG9qM2lFcGh1WlVoLVQyMERHamVMZGdOZi11TnhIUQ?oc=5\" target=\"_blank\" rel=\"nofollow noopener\">Katherina Reiches Pl\u00e4ne zu Solarenergie werden in Glonn diskutiert<\/a>&nbsp;&nbsp;SZ.de<\/li>\n<li><a href=\"https:\/\/news.google.com\/rss\/articles\/CBMilAFBVV95cUxNVXYwdDNLMjBhdlhTeWxZMlQyREVSZUJFTTNmcVFNZXRha1ZBS1BXU1llRW4ySlppSTlCdm00REdrLUZwY3Vxa1RiQ3J0RTd2R2hhaEc1UE1mVzdjVzVFZmIwS3dtQXFUa2M1dmFiR0NrczFzMlNQNUtDVGZvR1dPT1lhdUZ1c2txUG1uRDRnN1NlT0xE?oc=5\" target=\"_blank\" rel=\"nofollow noopener\">Was das EEG 2027 f\u00fcr PV-Anlagen bis 25 kW bedeutet<\/a>&nbsp;&nbsp;Solarserver<\/li>\n<li><a href=\"https:\/\/news.google.com\/rss\/articles\/CBMiwAFBVV95cUxNTFB5Rm1Rd2ZjeUJJZFVnZnJxQ0hISWJfRlRmRElEaU8ySUFDSkhoWi1SdUhJTlo4cWtKU2NTNXpZbXl4QjZLdE5zZWtHbHZKUUdzU3R2cVlJU1BZdkVCU0hkUnJSRkh3UTNSaTZpbjRlTm5pMlRvVHV3TDVUMmpzVks5d0h2WDI4VjlNRU54OXlhVG00M3d0TnE3OVU4U0xOT0tZV0txU1BJUzk3SHRjQ3U3QWhsemM0WkxFQnNRTG0?oc=5\" target=\"_blank\" rel=\"nofollow noopener\">Kleine Photovoltaik-Anlagen: Agora macht Vorschl\u00e4ge f\u00fcr Ausstieg aus der Verg\u00fctung<\/a>&nbsp;&nbsp;pv magazine Deutschland<\/li>\n<li><a href=\"https:\/\/news.google.com\/rss\/articles\/CBMinAFBVV95cUxQWmtPUHloamlEeFpoTk8xMFp5bWV3WUs3dUNoVDJzeTlDUnBaVzhtd0s4cHkwYUExa1FRRE9sNzk3dlp2Wm1UdXVzZ1puelRyTjA4WWx6SWhZb1RmWUFUb2tETWJMak1wb0FWaUNjYXFBOHU3TW5GQXRucHR2bmkwWnFCMnp1Sml0cWpqWEZNSGcwSURQUHJkOElBNUw?oc=5\" target=\"_blank\" rel=\"nofollow noopener\">Bremsklotz f\u00fcr die private Energiewende: Laut einer Studie lohnen sich PV-Anlagen mit Katharina Reiches neuen Solarregeln f\u00fcr viele Haushalte nicht mehr<\/a>&nbsp;&nbsp;GameStar<\/li>\n<\/ol>\n","protected":false},"excerpt":{"rendered":"Fotovoltaik: Das Ende des privaten Solar-Booms in Deutschland&nbsp;&nbsp;WELT Katherina Reiches Pl\u00e4ne zu Solarenergie werden in Glonn diskutiert&nbsp;&nbsp;SZ.de Was&hellip;\n","protected":false},"author":2,"featured_media":1136982,"comment_status":"","ping_status":"","sticky":false,"template":"","format":"standard","meta":{"footnotes":"","_share_on_mastodon":"0"},"categories":[134],"tags":[175,170,169,29,64242,30,171,174,88717,88718,45,173,172,42309],"class_list":["post-1136981","post","type-post","status-publish","format-standard","has-post-thumbnail","category-unternehmen-maerkte","tag-business","tag-companies","tag-companies-markets","tag-deutschland","tag-energiewende-ks","tag-germany","tag-markets","tag-maerkte","tag-photovoltaikanlagen-ks","tag-solarstrom-ks","tag-texttospeech","tag-unternehmen","tag-unternehmen-maerkte","tag-wetzel-daniel"],"share_on_mastodon":{"url":"","error":""},"_links":{"self":[{"href":"https:\/\/www.europesays.com\/de\/wp-json\/wp\/v2\/posts\/1136981","targetHints":{"allow":["GET"]}}],"collection":[{"href":"https:\/\/www.europesays.com\/de\/wp-json\/wp\/v2\/posts"}],"about":[{"href":"https:\/\/www.europesays.com\/de\/wp-json\/wp\/v2\/types\/post"}],"author":[{"embeddable":true,"href":"https:\/\/www.europesays.com\/de\/wp-json\/wp\/v2\/users\/2"}],"replies":[{"embeddable":true,"href":"https:\/\/www.europesays.com\/de\/wp-json\/wp\/v2\/comments?post=1136981"}],"version-history":[{"count":0,"href":"https:\/\/www.europesays.com\/de\/wp-json\/wp\/v2\/posts\/1136981\/revisions"}],"wp:featuredmedia":[{"embeddable":true,"href":"https:\/\/www.europesays.com\/de\/wp-json\/wp\/v2\/media\/1136982"}],"wp:attachment":[{"href":"https:\/\/www.europesays.com\/de\/wp-json\/wp\/v2\/media?parent=1136981"}],"wp:term":[{"taxonomy":"category","embeddable":true,"href":"https:\/\/www.europesays.com\/de\/wp-json\/wp\/v2\/categories?post=1136981"},{"taxonomy":"post_tag","embeddable":true,"href":"https:\/\/www.europesays.com\/de\/wp-json\/wp\/v2\/tags?post=1136981"}],"curies":[{"name":"wp","href":"https:\/\/api.w.org\/{rel}","templated":true}]}}