{"id":1137039,"date":"2026-07-02T08:40:22","date_gmt":"2026-07-02T08:40:22","guid":{"rendered":"https:\/\/www.europesays.com\/de\/1137039\/"},"modified":"2026-07-02T08:40:22","modified_gmt":"2026-07-02T08:40:22","slug":"deutscher-professor-ruft-auf-parteitag-der-afd-zu-verhindern-politik","status":"publish","type":"post","link":"https:\/\/www.europesays.com\/de\/1137039\/","title":{"rendered":"Deutscher Professor ruft auf, Parteitag der AfD zu verhindern | Politik"},"content":{"rendered":"<p><a class=\"skip-content skip-content--link\" href=\"#in-content-skip-link-target-v-0-0\">TTS-Player \u00fcberspringen\u21b5<\/a><a id=\"in-content-skip-link-target-v-0-0\" class=\"skip-content--target-link-hidden skip-content skip-content--target-link\" href=\"#in-content-skip-link-target-v-0-0\">Artikel weiterlesen<\/a><\/p>\n<p>Erfurt \u2013 <b>Linke Aktivisten k\u00fcndigen an, den Parteitag der AfD in Erfurt an diesem Wochenende mit Brandbomben und Sprengs\u00e4tzen anzugreifen, und wollen die Rechtsau\u00dfen-Politiker bereits bei der Anfahrt von Hausd\u00e4chern attackieren. Staatssch\u00fctzer sprechen von \u201eenthemmter Gewalt\u201c, Polizeigewerkschaften haben gro\u00dfe Sorgen um die eingesetzten Beamten. Nun ruft Professor Ralf Michaels (57, Uni Hamburg), Direktor am Max-Planck-Institut, in der Tageszeitung \u201etaz\u201c dazu auf, den AfD-Parteitag zu verhindern.<\/b><\/p>\n<p>Michaels und Mitautorin Anne Gr\u00e4fe (44, Uni L\u00fcneburg) argumentieren: Die Gesellschaft habe die AfD gro\u00df werden lassen, habe versagt, weil sie kein Verbotsverfahren eingeleitet habe. Deshalb m\u00fcsse jetzt die Zivilgesellschaft einspringen und den Parteitag am 4. und 5. Juli in Erfurt verhindern. Dass unter den erwarteten 35.000 bis 50.000 Demonstrantinnen und Demonstranten rund 2500 gewaltbereite Extremisten sind, st\u00f6rt den Professor nicht. <\/p>\n<p>Dabei gibt es Gesetze, die nach den schlimmen Erfahrungen des Dritten Reichs geschaffen wurden: Alle zugelassenen Parteien m\u00fcssen Parteitage unversehrt und ungest\u00f6rt abhalten d\u00fcrfen. Dagegen darf demonstriert werden, aber der Parteitag darf nicht verhindert werden.<\/p>\n<p>Michaels: AfD-Parteitag verhindern? Man muss es!<\/p>\n<p>Das wichtigste Argument des Professors: Auf den Tag des Parteitags genau vor 100 Jahren (4.\u00a0Juli 1926) hatte die NSDAP im th\u00fcringischen Weimar ihren Reichsparteitag abgehalten. Michaels schreibt in dem Gastbeitrag f\u00fcr die \u201etaz\u201c: \u201eDie Frage ist nicht, ob man den <a href=\"https:\/\/www.bild.de\/politik\/inland\/afd-parteitag-in-erfurt-2500-gewaltbereite-linksextremisten-erwartet-6a3cf630507c0ee6f17a791d\" class=\"text-link\" rel=\"nofollow noopener\" target=\"_blank\">AfD-Parteitag<\/a> verhindern darf, sondern ob man es nicht muss. Wer unserer Verfassung und historischen Verantwortung gerecht werden will, kann kaum anders antworten als mit Ja.\u201c<\/p>\n<p><img decoding=\"async\" width=\"992\" height=\"558\" alt=\"Bereits bei der Gr\u00fcndung der AfD-Jugend in Gie\u00dfen im November 2025 gab es massive Angriffe der Linksextremen gegen Polizisten \u2013 50 Beamte wurden verletzt\" loading=\"lazy\" src=\"https:\/\/www.europesays.com\/de\/wp-content\/uploads\/2026\/07\/e6610739870e38c7825a40ffcfee0273,9f0def71.jpeg\"   class=\"landscape\"\/><\/p>\n<p class=\"fig__caption__text\">Bereits bei der Gr\u00fcndung der AfD-Jugend in Gie\u00dfen im November 2025 gab es massive Angriffe der Linksextremen gegen Polizisten \u2013 50 Beamte wurden verletzt<\/p>\n<p>Foto: News 4 Video-Line TV<\/p>\n<p>Damit stellt sich der Professor selbst gegen die Verfassung. Staats- und Verfassungsrechtler Wolfgang Hecker (75) sagte dem \u201eMDR\u201c: \u201eEs gibt eine Bet\u00e4tigungs- und Kommunikationsfreiheit f\u00fcr jedermann und alle Organisationen in der Demokratie. Und wer das infrage stellt, handelt nicht nur rechtswidrig, sondern auch demokratiewidrig.\u201c<\/p>\n<p>Mehr zum Thema<\/p>\n<p>Die Polizei in <a href=\"https:\/\/www.bild.de\/regional\/thueringen\/thueringen-regional\/home-56970326.bild.html\" class=\"text-link\" rel=\"nofollow noopener\" target=\"_blank\">Th\u00fcringen<\/a> erwartet w\u00e4hrend des <a href=\"https:\/\/www.bild.de\/politik\/inland\/parteitag\/parteitag-alle-infos-78155444.bild.html\" class=\"text-link\" rel=\"nofollow noopener\" target=\"_blank\">Parteitages<\/a> mehr als 50.000 Gegendemonstranten, darunter mindestens 2500 Gewaltt\u00e4ter und bis zu 10.000 \u201eBlockierer\u201c.<\/p>\n","protected":false},"excerpt":{"rendered":"TTS-Player \u00fcberspringen\u21b5Artikel weiterlesen Erfurt \u2013 Linke Aktivisten k\u00fcndigen an, den Parteitag der AfD in Erfurt an diesem Wochenende&hellip;\n","protected":false},"author":2,"featured_media":1137040,"comment_status":"","ping_status":"","sticky":false,"template":"","format":"standard","meta":{"footnotes":"","_share_on_mastodon":"0"},"categories":[5],"tags":[331,332,150,3364,29,7137,30,13,14,15,7784,159,12,138370],"class_list":["post-1137039","post","type-post","status-publish","format-standard","has-post-thumbnail","category-nachrichten","tag-aktuelle-nachrichten","tag-aktuelle-news","tag-alternative-fuer-deutschland","tag-de","tag-deutschland","tag-erfurt","tag-germany","tag-headlines","tag-nachrichten","tag-news","tag-parteitag","tag-proteste","tag-schlagzeilen","tag-team-first"],"share_on_mastodon":{"url":"https:\/\/pubeurope.com\/@de\/116849491973159672","error":""},"_links":{"self":[{"href":"https:\/\/www.europesays.com\/de\/wp-json\/wp\/v2\/posts\/1137039","targetHints":{"allow":["GET"]}}],"collection":[{"href":"https:\/\/www.europesays.com\/de\/wp-json\/wp\/v2\/posts"}],"about":[{"href":"https:\/\/www.europesays.com\/de\/wp-json\/wp\/v2\/types\/post"}],"author":[{"embeddable":true,"href":"https:\/\/www.europesays.com\/de\/wp-json\/wp\/v2\/users\/2"}],"replies":[{"embeddable":true,"href":"https:\/\/www.europesays.com\/de\/wp-json\/wp\/v2\/comments?post=1137039"}],"version-history":[{"count":0,"href":"https:\/\/www.europesays.com\/de\/wp-json\/wp\/v2\/posts\/1137039\/revisions"}],"wp:featuredmedia":[{"embeddable":true,"href":"https:\/\/www.europesays.com\/de\/wp-json\/wp\/v2\/media\/1137040"}],"wp:attachment":[{"href":"https:\/\/www.europesays.com\/de\/wp-json\/wp\/v2\/media?parent=1137039"}],"wp:term":[{"taxonomy":"category","embeddable":true,"href":"https:\/\/www.europesays.com\/de\/wp-json\/wp\/v2\/categories?post=1137039"},{"taxonomy":"post_tag","embeddable":true,"href":"https:\/\/www.europesays.com\/de\/wp-json\/wp\/v2\/tags?post=1137039"}],"curies":[{"name":"wp","href":"https:\/\/api.w.org\/{rel}","templated":true}]}}