{"id":1137055,"date":"2026-07-02T08:49:24","date_gmt":"2026-07-02T08:49:24","guid":{"rendered":"https:\/\/www.europesays.com\/de\/1137055\/"},"modified":"2026-07-02T08:49:24","modified_gmt":"2026-07-02T08:49:24","slug":"stade-verdaechtiger-soll-aerzte-der-mhh-hannover-bedroht-haben","status":"publish","type":"post","link":"https:\/\/www.europesays.com\/de\/1137055\/","title":{"rendered":"Stade: Verd\u00e4chtiger soll \u00c4rzte der MHH Hannover bedroht haben"},"content":{"rendered":"<p>Bedrohte er MHH-\u00c4rzte? <\/p>\n<p>Fall Stade: Weitere Ermittlungen gegen Tatverd\u00e4chtigen<\/p>\n<p>02.07.2026 &#8211; 10:12 UhrLesedauer: 1 Min.<\/p>\n<p><a href=\"#focus-0\" class=\"transition-colors block text-current relative\" data-sctrack=\"FocusGalleryImage.Reference\"><img fetchpriority=\"high\" data-testid=\"Opener.Image\"   loading=\"eager\" src=\"https:\/\/www.europesays.com\/de\/wp-content\/uploads\/2026\/07\/blumen-fuer-die-sechs-todesopfer-von-stade.jpg\" alt=\"Sch\u00fcsse in Jugendeinrichtung - Mehrere Tote in Stade\" title=\"Sch\u00fcsse in Jugendeinrichtung - Mehrere Tote in Stade\" width=\"2048\" height=\"1152\" class=\"bg-[url:var(--lqipURL)] bg-cover bg-center flex h-full w-full max-w-full\" style=\"--lqipURL:url('https:\/\/images.t-online.de\/2026\/07\/ioc-pe7JCpFO\/0x0:2048x1152\/fit-in\/150x0\/filters:blur(25)\/blumen-fuer-die-sechs-todesopfer-von-stade.jpg')\" decoding=\"async\"\/><img loading=\"lazy\" src=\"https:\/\/hannover.t-online.de\/s\/paper\/_next\/static\/media\/zoom-in.f7dae02f.svg\" alt=\"Vergr\u00f6\u00dfern des Bildes\" title=\"Vergr\u00f6\u00dfern des Bildes\" class=\"block h-[calc(var(--height)_\/_16_*_1rem)] w-[calc(var(--width)_\/_16_*_1rem)] max-w-none absolute right-8 bottom-8 rounded-4 bg-snow p-8\" style=\"--width:32;--height:32\" decoding=\"async\"\/><\/a><\/p>\n<p>Blumen f\u00fcr die sechs Todesopfer von Stade: Ein Sorgerechtsstreit soll die schreckliche Tat von Stade ausgel\u00f6st haben. (Quelle: J\u00f6rn H\u00fcneke\/dpa-bilder)<\/p>\n<p class=\"font-bold text-18 leading-17 user-text-lg:text-22 user-text-xl:text-24\">Neue Details zu dem 45-j\u00e4hrigen Tatverd\u00e4chtigen aus dem Raum Hannover: Dem Sorgerechtsstreit ging eine Behandlung der verletzten Tochter und eine anschlie\u00dfende Bedrohung voraus.<\/p>\n<p class=\"text-18 leading-17 user-text-lg:text-22 user-text-xl:text-24\">Die Staatsanwaltschaft Hannover ermittelt gegen den 45-j\u00e4hrigen Tatverd\u00e4chtigen von Stade auch wegen des Verdachts der Bedrohung. &#8222;Der Beschuldigte soll am 22. April im Zusammenhang mit der Behandlung seiner Tochter wegen eines Sch\u00fctteltraumas gegen\u00fcber \u00c4rzten der MHH aggressiv aufgetreten sein und ihnen verbal gedroht haben&#8220;, teilte ein Sprecher der Beh\u00f6rde mit. Ein weiteres Verfahren wegen einer E-Mail, die der Mann am 5. Mai an dieselben \u00c4rzte schickte, wurde dagegen eingestellt.<\/p>\n<p class=\"text-18 leading-17 user-text-lg:text-22 user-text-xl:text-24\">Parallel dazu steht noch eine Entscheidung des Oberlandesgerichts (OLG) Celle im Sorgerechtsstreit um das dreimonatige Kind aus. Beide Elternteile h\u00e4tten Beschwerde gegen ein Eilverfahren des Amtsgerichts Neustadt am R\u00fcbenberge eingelegt, best\u00e4tigte eine Sprecherin des OLG. Das Amtsgericht hatte unter anderem angeordnet, dass Mutter und Kind gemeinsam in einer Mutter-Kind-Einrichtung untergebracht werden sollen. Zudem bleibe den Eltern die Gesundheitssorge entzogen.<\/p>\n<p class=\"text-18 leading-17 user-text-lg:text-22 user-text-xl:text-24\">Als Motiv f\u00fcr die Sch\u00fcsse auf sechs Menschen gehen die Ermittler derzeit vom Sorgerechtsstreit aus. Der Tatverd\u00e4chtige aus dem Raum Hannover sitzt in Untersuchungshaft. Die Staatsanwaltschaft Stade teilte mit, dass auch die m\u00f6gliche Tatbeteiligung zweier Frauen noch untersucht werde: die Mutter des Babys sowie die Begleiterin des 45-J\u00e4hrigen. Weitere Details wolle die Beh\u00f6rde vorerst nicht nennen.<\/p>\n","protected":false},"excerpt":{"rendered":"Bedrohte er MHH-\u00c4rzte? Fall Stade: Weitere Ermittlungen gegen Tatverd\u00e4chtigen 02.07.2026 &#8211; 10:12 UhrLesedauer: 1 Min. Blumen f\u00fcr die&hellip;\n","protected":false},"author":2,"featured_media":1137056,"comment_status":"","ping_status":"","sticky":false,"template":"","format":"standard","meta":{"footnotes":"","_share_on_mastodon":"0"},"categories":[1836],"tags":[722,17161,1601,3364,29,30,46,1460,1411,24827,18710,1997,28424,14031],"class_list":["post-1137055","post","type-post","status-publish","format-standard","has-post-thumbnail","category-hannover","tag-722","tag-17161","tag-amtsgericht","tag-de","tag-deutschland","tag-germany","tag-hannover","tag-kind","tag-niedersachsen","tag-olg","tag-sorgerechtsstreit","tag-staatsanwaltschaft","tag-staatsanwaltschaft-hannover","tag-stade"],"share_on_mastodon":{"url":"","error":""},"_links":{"self":[{"href":"https:\/\/www.europesays.com\/de\/wp-json\/wp\/v2\/posts\/1137055","targetHints":{"allow":["GET"]}}],"collection":[{"href":"https:\/\/www.europesays.com\/de\/wp-json\/wp\/v2\/posts"}],"about":[{"href":"https:\/\/www.europesays.com\/de\/wp-json\/wp\/v2\/types\/post"}],"author":[{"embeddable":true,"href":"https:\/\/www.europesays.com\/de\/wp-json\/wp\/v2\/users\/2"}],"replies":[{"embeddable":true,"href":"https:\/\/www.europesays.com\/de\/wp-json\/wp\/v2\/comments?post=1137055"}],"version-history":[{"count":0,"href":"https:\/\/www.europesays.com\/de\/wp-json\/wp\/v2\/posts\/1137055\/revisions"}],"wp:featuredmedia":[{"embeddable":true,"href":"https:\/\/www.europesays.com\/de\/wp-json\/wp\/v2\/media\/1137056"}],"wp:attachment":[{"href":"https:\/\/www.europesays.com\/de\/wp-json\/wp\/v2\/media?parent=1137055"}],"wp:term":[{"taxonomy":"category","embeddable":true,"href":"https:\/\/www.europesays.com\/de\/wp-json\/wp\/v2\/categories?post=1137055"},{"taxonomy":"post_tag","embeddable":true,"href":"https:\/\/www.europesays.com\/de\/wp-json\/wp\/v2\/tags?post=1137055"}],"curies":[{"name":"wp","href":"https:\/\/api.w.org\/{rel}","templated":true}]}}