{"id":1137061,"date":"2026-07-02T08:52:15","date_gmt":"2026-07-02T08:52:15","guid":{"rendered":"https:\/\/www.europesays.com\/de\/1137061\/"},"modified":"2026-07-02T08:52:15","modified_gmt":"2026-07-02T08:52:15","slug":"bpol-hb-mit-mutmasslich-gestohlenem-e-scooter-unterwegs-zivilfahnder-der","status":"publish","type":"post","link":"https:\/\/www.europesays.com\/de\/1137061\/","title":{"rendered":"BPOL-HB: Mit mutma\u00dflich gestohlenem E-Scooter unterwegs &#8211; Zivilfahnder der &#8230;"},"content":{"rendered":"<p class=\"date\">02.07.2026 \u2013 10:43<\/p>\n<p class=\"customer\">\n                        <a class=\"story-customer\" title=\"weiter zum newsroom von Bundespolizeiinspektion Bremen\" href=\"https:\/\/www.presseportal.de\/blaulicht\/nr\/70255\" rel=\"nofollow noopener\" target=\"_blank\">Bundespolizeiinspektion Bremen<\/a>\n                    <\/p>\n<p><a data-category=\"citylink-story-view\" data-action=\"click\" data-label=\"Citylink in Meldungsansicht\" class=\"story-city event-trigger\" href=\"https:\/\/www.presseportal.de\/regional\/Bremen\" title=\"News aus Bremen \" rel=\"nofollow noopener\" target=\"_blank\">Bremen<\/a> (ots)<\/p>\n<p>Hauptbahnhof Bremen, 1. Juli \/ 13:45 Uhr<\/p>\n<p>Zivilfahnder der Bundespolizei verhafteten am Mittwochnachmittag eine 34-J\u00e4hrige am Bremer Hauptbahnhof und brachten sie anschlie\u00dfend ins Gef\u00e4ngnis. Die Frau hatte zuvor die Aufmerksamkeit der Beamten auf sich gezogen, da sie einen hochwertigen E-Scooter bei sich f\u00fchrte.<\/p>\n<p>Gegen 13:45 Uhr bemerkten die Bundespolizisten die Frau, die mit ihrem elektrischen Gef\u00e4hrt auf dem Bahnhofsvorplatz unterwegs war. Sie war ihnen wegen mehrerer Eigentumsdelikte im Umfeld des Hauptbahnhofs bereits bekannt. Da die 34-J\u00e4hrige nicht erkl\u00e4ren konnte, woher sie den E-Scooter hatte und auch keinen Eigentumsnachweis erbringen konnte, stellten die Beamten den Scooter vorerst sicher.<\/p>\n<p>Doch damit nicht genug: bei der routinem\u00e4\u00dfigen \u00dcberpr\u00fcfung der Personalien der mutma\u00dflichen Scooter-Diebin schlug der Fahndungscomputer Alarm. Die 34-J\u00e4hrige wurde bereits von der Staatsanwaltschaft gesucht. Mitte 2025 war sie wegen Eigentumsdelikten zu einer Haftstrafe von \u00fcber einem Jahr rechtskr\u00e4ftig verurteilt worden. Nachdem sie mehr als die H\u00e4lfte davon verb\u00fc\u00dft hatte, durfte sie das Gef\u00e4ngnis unter Auflagen verlassen. Offenbar hatte sie gegen die Auflagen versto\u00dfen, weshalb die restlichen 194 Tage Haftstrafe f\u00e4llig wurden. Diese wird sie nun in der Bremer Haftanstalt verbringen.<\/p>\n<p class=\"contact-headline\">R\u00fcckfragen bitte an:<\/p>\n<p class=\"contact-text\">Bundespolizeiinspektion Bremen<br \/>Pressestelle<br \/>Juliane Hartwich<br \/>Telefon: 0421 16299 &#8211; 6102<br \/>E-Mail: <a href=\"https:\/\/www.presseportal.de\/blaulicht\/pm\/70255\/mailto:bpoli.bremen.oea@polizei.bund.de\" class=\"uri-mailto\" rel=\"nofollow noopener\" target=\"_blank\">bpoli.bremen.oea@polizei.bund.de<\/a><br \/><a target=\"_blank\" class=\"uri-ext outbound\" rel=\"noopener nofollow\" href=\"https:\/\/www.bundespolizei.de\">www.bundespolizei.de<\/a><br \/>X @bpol_nord<\/p>\n<p class=\"originator\">Original-Content von: Bundespolizeiinspektion Bremen, \u00fcbermittelt durch news aktuell<\/p>\n","protected":false},"excerpt":{"rendered":"02.07.2026 \u2013 10:43 Bundespolizeiinspektion Bremen Bremen (ots) Hauptbahnhof Bremen, 1. Juli \/ 13:45 Uhr Zivilfahnder der Bundespolizei verhafteten&hellip;\n","protected":false},"author":2,"featured_media":428773,"comment_status":"","ping_status":"","sticky":false,"template":"","format":"standard","meta":{"footnotes":"","_share_on_mastodon":"0"},"categories":[1824],"tags":[2420,3364,29,30,7309,691,177,1352,5404,121,178,180,179,181],"class_list":["post-1137061","post","type-post","status-publish","format-standard","has-post-thumbnail","category-bremen","tag-bremen","tag-de","tag-deutschland","tag-germany","tag-hb","tag-hh","tag-kriminalitt","tag-mv","tag-ni","tag-polizei","tag-presse","tag-pressemeldung","tag-pressemitteilung","tag-pressemitteilungen"],"share_on_mastodon":{"url":"https:\/\/pubeurope.com\/@de\/116849537655666150","error":""},"_links":{"self":[{"href":"https:\/\/www.europesays.com\/de\/wp-json\/wp\/v2\/posts\/1137061","targetHints":{"allow":["GET"]}}],"collection":[{"href":"https:\/\/www.europesays.com\/de\/wp-json\/wp\/v2\/posts"}],"about":[{"href":"https:\/\/www.europesays.com\/de\/wp-json\/wp\/v2\/types\/post"}],"author":[{"embeddable":true,"href":"https:\/\/www.europesays.com\/de\/wp-json\/wp\/v2\/users\/2"}],"replies":[{"embeddable":true,"href":"https:\/\/www.europesays.com\/de\/wp-json\/wp\/v2\/comments?post=1137061"}],"version-history":[{"count":0,"href":"https:\/\/www.europesays.com\/de\/wp-json\/wp\/v2\/posts\/1137061\/revisions"}],"wp:featuredmedia":[{"embeddable":true,"href":"https:\/\/www.europesays.com\/de\/wp-json\/wp\/v2\/media\/428773"}],"wp:attachment":[{"href":"https:\/\/www.europesays.com\/de\/wp-json\/wp\/v2\/media?parent=1137061"}],"wp:term":[{"taxonomy":"category","embeddable":true,"href":"https:\/\/www.europesays.com\/de\/wp-json\/wp\/v2\/categories?post=1137061"},{"taxonomy":"post_tag","embeddable":true,"href":"https:\/\/www.europesays.com\/de\/wp-json\/wp\/v2\/tags?post=1137061"}],"curies":[{"name":"wp","href":"https:\/\/api.w.org\/{rel}","templated":true}]}}