{"id":1137163,"date":"2026-07-02T09:49:16","date_gmt":"2026-07-02T09:49:16","guid":{"rendered":"https:\/\/www.europesays.com\/de\/1137163\/"},"modified":"2026-07-02T09:49:16","modified_gmt":"2026-07-02T09:49:16","slug":"zwei-sinneswaende-fuer-das-naturfreundehaus","status":"publish","type":"post","link":"https:\/\/www.europesays.com\/de\/1137163\/","title":{"rendered":"Zwei Sinnesw\u00e4nde f\u00fcr das Naturfreundehaus"},"content":{"rendered":"<p class=\"text_ohne_einzug richtext text-em-55 !leading-serif mx-6 desktop:mx-0\">Selbstbewusste Menschen behaupten von sich, dass sie ihre f\u00fcnf Sinne \u2013 n\u00e4mlich Sehen, H\u00f6ren, F\u00fchlen, Riechen und Schmecken \u2013 beieinanderhaben. Wer in diesen sensorischen F\u00e4higkeiten oder in seiner Handlungsf\u00e4higkeit eingeschr\u00e4nkt ist, der sucht Hilfe bei der Ergotherapie. In Wuppertal ist die Ausbildung f\u00fcr diesen anspruchsvollen Beruf an der Cellitinnen-Akademie St. Anna in der Vogelsangstra\u00dfe (fr\u00fcher Landesfrauenklinik) m\u00f6glich. 17 Sch\u00fclerinnen und Sch\u00fcler des dritten Jahrgangs waren zusammen mit ihrer Dozentin Johanna Sembritzki am vergangenen Freitag im Naturfreundehaus im Greuel in Cronenberg zu Gast. Und im Gep\u00e4ck hatten sie zwei in Eigenarbeit hergestellte beidseitig ausgestattete \u201eSinnesw\u00e4nde\u201c, die vor allem die F\u00e4higkeiten H\u00f6ren, Sehen und F\u00fchlen ansprechen.<\/p>\n","protected":false},"excerpt":{"rendered":"Selbstbewusste Menschen behaupten von sich, dass sie ihre f\u00fcnf Sinne \u2013 n\u00e4mlich Sehen, H\u00f6ren, F\u00fchlen, Riechen und Schmecken&hellip;\n","protected":false},"author":2,"featured_media":1137164,"comment_status":"","ping_status":"","sticky":false,"template":"","format":"standard","meta":{"footnotes":"","_share_on_mastodon":"0"},"categories":[1840],"tags":[17883,18289,3364,29,12871,30,6237,26558,239342,1209,116152,1021,239341,239340,71033,239339,13199,13198,58504,4418],"class_list":["post-1137163","post","type-post","status-publish","format-standard","has-post-thumbnail","category-wuppertal","tag-akademie","tag-cronenberg","tag-de","tag-deutschland","tag-faehigkeiten","tag-germany","tag-natur","tag-naturfreundehaus","tag-naturfreundehausvereins","tag-nordrhein-westfalen","tag-riechen","tag-schmecken","tag-sembritzki","tag-sensorischen","tag-sinne","tag-sinneswaende","tag-wand","tag-waende","tag-wanderer","tag-wuppertal"],"share_on_mastodon":{"url":"https:\/\/pubeurope.com\/@de\/116849763385753444","error":""},"_links":{"self":[{"href":"https:\/\/www.europesays.com\/de\/wp-json\/wp\/v2\/posts\/1137163","targetHints":{"allow":["GET"]}}],"collection":[{"href":"https:\/\/www.europesays.com\/de\/wp-json\/wp\/v2\/posts"}],"about":[{"href":"https:\/\/www.europesays.com\/de\/wp-json\/wp\/v2\/types\/post"}],"author":[{"embeddable":true,"href":"https:\/\/www.europesays.com\/de\/wp-json\/wp\/v2\/users\/2"}],"replies":[{"embeddable":true,"href":"https:\/\/www.europesays.com\/de\/wp-json\/wp\/v2\/comments?post=1137163"}],"version-history":[{"count":0,"href":"https:\/\/www.europesays.com\/de\/wp-json\/wp\/v2\/posts\/1137163\/revisions"}],"wp:featuredmedia":[{"embeddable":true,"href":"https:\/\/www.europesays.com\/de\/wp-json\/wp\/v2\/media\/1137164"}],"wp:attachment":[{"href":"https:\/\/www.europesays.com\/de\/wp-json\/wp\/v2\/media?parent=1137163"}],"wp:term":[{"taxonomy":"category","embeddable":true,"href":"https:\/\/www.europesays.com\/de\/wp-json\/wp\/v2\/categories?post=1137163"},{"taxonomy":"post_tag","embeddable":true,"href":"https:\/\/www.europesays.com\/de\/wp-json\/wp\/v2\/tags?post=1137163"}],"curies":[{"name":"wp","href":"https:\/\/api.w.org\/{rel}","templated":true}]}}