{"id":1137211,"date":"2026-07-02T10:16:20","date_gmt":"2026-07-02T10:16:20","guid":{"rendered":"https:\/\/www.europesays.com\/de\/1137211\/"},"modified":"2026-07-02T10:16:20","modified_gmt":"2026-07-02T10:16:20","slug":"messer-attacke-in-essen-mann-sticht-auf-obdachlose-frau-ein","status":"publish","type":"post","link":"https:\/\/www.europesays.com\/de\/1137211\/","title":{"rendered":"Messer-Attacke in Essen: Mann sticht auf obdachlose Frau ein"},"content":{"rendered":"\n<p>Am Mittwochabend (1. Juli) kam es im Essener U-Bahnhof Viehofer Platz zu einer schrecklichen Gewalttat. Gegen 21.15 Uhr meldeten sich Zeugen beim Notruf der Polizei und gaben an, dass eine Frau an der Haltestelle von einem Mann angegriffen wurde. Der bislang unbekannte T\u00e4ter hatte sich der wohnungslosen Frau (58), die sich zuvor auf dem Bahnsteig aufgehalten hatte, gen\u00e4hert und mit einer Stichwaffe mehrfach auf sie eingestochen. Die Frau erlitt dabei mehrere schwere Stich- und Schnittverletzungen.<\/p>\n<p>Unmittelbar nach der Attacke ergriff der Mann die Flucht und rannte fu\u00dfl\u00e4ufig aus dem U-Bahn-Bereich in Richtung Stoppenberger Stra\u00dfe. Obwohl die Polizei eine gro\u00dfangelegte Fahndung einleitete, verlief diese bislang ohne Erfolg \u2013 von dem Angreifer fehlt jede Spur.<\/p>\n<blockquote class=\"wp-block-quote is-style-default is-layout-flow wp-block-quote-is-layout-flow\" style=\"padding-right:var(--wp--preset--spacing--60);padding-left:var(--wp--preset--spacing--60)\"><p> \ud83d\udccc Das musst du \u00fcber die Stadt Essen wissen  <\/p>\n<ul class=\"wp-block-list has-small-font-size\">\n<li><strong>Die Energie-Hauptstadt Deutschlands:<\/strong> Essen ist der unangefochtene Energie-Knotenpunkt des Landes. Mit den DAX-Konzernen E.ON und RWE haben gleich zwei der gr\u00f6\u00dften deutschen Energieversorger ihren Hauptsitz in der Stadt. Auch andere Riesen wie Evonik oder Thyssenkrupp steuern von hier aus ihr Gesch\u00e4ft.<\/li>\n<li><strong>Weltkulturerbe Zeche Zollverein:<\/strong> Sie gilt als die \u201esch\u00f6nste Zeche der Welt\u201c und ist das absolute Wahrzeichen der Region. Die 1986 stillgelegte Zeche Zollverein geh\u00f6rt zum UNESCO-Weltkulturerbe und ist heute ein lebendiges Kulturzentrum, das jedes Jahr Millionen von Besuchern f\u00fcr Ausstellungen, Konzerte und das Ruhr Museum anzieht.<\/li>\n<li><strong>Gr\u00fcne Hauptstadt Europas:<\/strong> Im Jahr 2017 wurde Essen von der Europ\u00e4ischen Kommission offiziell der Titel \u201eGr\u00fcne Hauptstadt Europas\u201c verliehen. Die Stadt hat es geschafft, sich von einer grauen Kohle- und Stahlmetropole zu einer der gr\u00fcnsten Gro\u00dfst\u00e4dte in ganz Nordrhein-Westfalen zu wandeln.<\/li>\n<\/ul>\n<\/blockquote>\n<p>\t\t Essen: Zeugen w\u00e4hlen nach Angriff den Notruf <\/p>\n<p> Mehrere Passanten hatten die Tat auf dem Bahnsteig beobachtet und umgehend die Rettungskr\u00e4fte alarmiert. Ein Notarzt versorgte die schwer verletzte Frau zun\u00e4chst direkt am Tatort, bevor ein Rettungswagen die 58-J\u00e4hrige zur weiteren Behandlung in ein Krankenhaus brachte. Gl\u00fccklicherweise befindet sie sich derzeit nicht in Lebensgefahr.<\/p>\n<p>Warum es zu der Attacke kam, ist laut einem Polizeisprecher noch v\u00f6llig unklar. Die Staatsanwaltschaft Essen und eine eigens eingerichtete Mordkommission des Polizeipr\u00e4sidiums Essen haben die Ermittlungen wegen eines versuchten T\u00f6tungsdelikts aufgenommen. Um die Hintergr\u00fcnde aufzukl\u00e4ren und dem fl\u00fcchtigen T\u00e4ter auf die Spur zu kommen, werten die Ermittler nun die Aufnahmen der \u00dcberwachungskameras aus und pr\u00fcfen die Aussagen der Zeugen vor Ort.<\/p>\n<p> <strong>Polizei bittet um Mithilfe: Wer hat diesen Mann gesehen?<\/strong> <\/p>\n<p>Die Ermittler suchen nun dringend nach weiteren Zeugen, die zur Tatzeit etwas Verd\u00e4chtiges im Bereich des Viehofer Platzes beobachtet haben oder Angaben zum T\u00e4ter machen k\u00f6nnen. Insbesondere Personen, die sich um 21:15 Uhr am Bahnsteig aufhielten, werden gebeten, sich zu melden.<\/p>\n<p>Der fl\u00fcchtige Tatverd\u00e4chtige wird wie folgt beschrieben:<\/p>\n<ul class=\"wp-block-list\">\n<li><strong>Gr\u00f6\u00dfe:<\/strong> ca. 1,70 Meter gro\u00df<\/li>\n<li><strong>Alter:<\/strong> ca. 20 bis 25 Jahre alt<\/li>\n<li><strong>Statur\/Gesicht:<\/strong> schlank, mit einem schmalen, eingefallenen Gesicht<\/li>\n<li><strong>Sprache:<\/strong> sprach laut Zeugen arabisch<\/li>\n<li><strong>Kleidung:<\/strong> schwarze Kappe, dunkelgrauer Kapuzenpullover, schwarze Hose und grau-wei\u00dfe Sneaker<\/li>\n<\/ul>\n<p>Solltest du sachdienliche Angaben machen k\u00f6nnen, kannst du dich bitte telefonisch unter 0201\/829-0 oder per E-Mail an hinweise.essen@polizei.nrw.de bei der Polizei Essen melden.<\/p>\n<p>Mehr Themen:<\/p>\n<p> Gleichzeitig pr\u00fcfen die Beamten aus <a href=\"https:\/\/www.derwesten.de\/staedte\/essen\" target=\"_blank\" rel=\"noreferrer noopener nofollow\">Essen<\/a> die Aussagen der Zeugen, um dem fl\u00fcchtigen T\u00e4ter auf die Spur zu kommen.<\/p>\n<p><a href=\"https:\/\/www.derwesten.de\/staedte\/essen\/essen-innenstadt-messer-polizei-waffe-id302092397.html\" target=\"_blank\" rel=\"noreferrer noopener nofollow\">Vor Kurzem wurde auch ein 24-J\u00e4hriger in Essen niedergestochen. Der T\u00e4ter wurde schon festgenommen.<\/a><\/p>\n","protected":false},"excerpt":{"rendered":"Am Mittwochabend (1. Juli) kam es im Essener U-Bahnhof Viehofer Platz zu einer schrecklichen Gewalttat. Gegen 21.15 Uhr&hellip;\n","protected":false},"author":2,"featured_media":1137212,"comment_status":"","ping_status":"","sticky":false,"template":"","format":"standard","meta":{"footnotes":"","_share_on_mastodon":"0"},"categories":[1834],"tags":[4572,3364,29,3688,30,1209],"class_list":["post-1137211","post","type-post","status-publish","format-standard","has-post-thumbnail","category-essen","tag-polizei-essen","tag-de","tag-deutschland","tag-essen","tag-germany","tag-nordrhein-westfalen"],"share_on_mastodon":{"url":"https:\/\/pubeurope.com\/@de\/116849867924209363","error":""},"_links":{"self":[{"href":"https:\/\/www.europesays.com\/de\/wp-json\/wp\/v2\/posts\/1137211","targetHints":{"allow":["GET"]}}],"collection":[{"href":"https:\/\/www.europesays.com\/de\/wp-json\/wp\/v2\/posts"}],"about":[{"href":"https:\/\/www.europesays.com\/de\/wp-json\/wp\/v2\/types\/post"}],"author":[{"embeddable":true,"href":"https:\/\/www.europesays.com\/de\/wp-json\/wp\/v2\/users\/2"}],"replies":[{"embeddable":true,"href":"https:\/\/www.europesays.com\/de\/wp-json\/wp\/v2\/comments?post=1137211"}],"version-history":[{"count":0,"href":"https:\/\/www.europesays.com\/de\/wp-json\/wp\/v2\/posts\/1137211\/revisions"}],"wp:featuredmedia":[{"embeddable":true,"href":"https:\/\/www.europesays.com\/de\/wp-json\/wp\/v2\/media\/1137212"}],"wp:attachment":[{"href":"https:\/\/www.europesays.com\/de\/wp-json\/wp\/v2\/media?parent=1137211"}],"wp:term":[{"taxonomy":"category","embeddable":true,"href":"https:\/\/www.europesays.com\/de\/wp-json\/wp\/v2\/categories?post=1137211"},{"taxonomy":"post_tag","embeddable":true,"href":"https:\/\/www.europesays.com\/de\/wp-json\/wp\/v2\/tags?post=1137211"}],"curies":[{"name":"wp","href":"https:\/\/api.w.org\/{rel}","templated":true}]}}