{"id":113730,"date":"2025-05-15T23:39:14","date_gmt":"2025-05-15T23:39:14","guid":{"rendered":"https:\/\/www.europesays.com\/de\/113730\/"},"modified":"2025-05-15T23:39:14","modified_gmt":"2025-05-15T23:39:14","slug":"friedrich-merz-kontert-uebergriffigen-j-d-vance-wir-brauchen-keine-nachhilfestunde","status":"publish","type":"post","link":"https:\/\/www.europesays.com\/de\/113730\/","title":{"rendered":"Friedrich Merz kontert \u201e\u00fcbergriffigen\u201c J.D. Vance: \u201eWir brauchen keine Nachhilfestunde\u201c"},"content":{"rendered":"<p>Deutschland auf dem Weg in die \u201eTyrannei\u201c? Diesen Vorwurf f\u00fchrender US-Politiker weist der Bundeskanzler zur\u00fcck. Deutschland brauche keine Belehrungen, sagte der Bundeskanzler. Und kommentierte noch einmal J.D. Vances Rede in M\u00fcnchen.<\/p>\n<p class=\"is-first-paragraph\" data-external=\"Article.FirstParagraph\">Bundeskanzler Friedrich Merz (CDU) hat die \u00c4u\u00dferungen der neuen US-Regierung zur Demokratie in Deutschland als \u00fcbergriffig empfunden. Das sagte er der Wochenzeitung \u201eDie Zeit\u201c vom Donnerstag.<\/p>\n<p>Au\u00dfenminister Marco Rubio hatte nach der Einstufung der AfD als rechtsextrem durch das Bundesamt f\u00fcr Verfassungsschutz von \u201everdeckter Tyrannei\u201c gesprochen. \u00c4hnlich \u00e4u\u00dferte sich Vizepr\u00e4sident J.D. Vance, der Deutschland bereits auf der <a class=\"is-link c-block-items__link c-link--rich-text-renderer\" href=\"https:\/\/www.welt.de\/plus255439910\" data-internal-tracking-enabled=\"true\" data-internal-tracking=\"{&quot;action&quot;:&quot;click&quot;,&quot;label&quot;:&quot;link&quot;,&quot;name&quot;:&quot;Inline Element&quot;,&quot;data&quot;:{&quot;source&quot;:&quot;&quot;,&quot;target&quot;:&quot;\/plus255439910&quot;,&quot;trackingName&quot;:&quot;&quot;,&quot;trackingLabel&quot;:&quot;&quot;}}\" target=\"_blank\" rel=\"noopener\">M\u00fcnchner Sicherheitskonferenz im Februar<\/a> Demokratiedefizite vorgeworfen hatte.<\/p>\n<p>\u201eSolche \u00c4u\u00dferungen m\u00fcssen wir wirklich zur\u00fcckweisen\u201c, sagte der Bundeskanzler der \u201eZeit\u201c dazu. \u201eDeutschland ist durch die USA von der Tyrannei befreit worden, Deutschland ist heute stabil, liberal und demokratisch. Wir brauchen keine Nachhilfestunde in Sachen Demokratie. Deswegen wurde die Rede von Vance auf der M\u00fcnchner Sicherheitskonferenz von vielen, mir eingeschlossen, als \u00fcbergriffig empfunden.\u201c Mit \u201efast schon \u00fcbergriffig\u201c hatte der damalige Kanzlerkandidat <a class=\"is-link c-block-items__link c-link--rich-text-renderer\" href=\"https:\/\/www.welt.de\/debatte\/plus255457018\/Vance-Rede-Friedrich-Merz-und-sein-spezielles-Verstaendnis-von-Meinungsfreiheit.html\" data-internal-tracking-enabled=\"true\" data-internal-tracking=\"{&quot;action&quot;:&quot;click&quot;,&quot;label&quot;:&quot;link&quot;,&quot;name&quot;:&quot;Inline Element&quot;,&quot;data&quot;:{&quot;source&quot;:&quot;&quot;,&quot;target&quot;:&quot;\/debatte\/plus255457018\/Vance-Rede-Friedrich-Merz-und-sein-spezielles-Verstaendnis-von-Meinungsfreiheit.html&quot;,&quot;trackingName&quot;:&quot;&quot;,&quot;trackingLabel&quot;:&quot;&quot;}}\" target=\"_blank\" rel=\"noopener\">unmittelbar nach der Rede<\/a> bereits eine \u00e4hnliche Wortwahl getroffen.<\/p>\n<p>Mit dem Vorgehen des Verfassungsschutzes gegen die AfD zeigte sich Merz allerdings nicht einverstanden. Er sei nicht gl\u00fccklich mit dem Ablauf des Verfahrens sagte Merz. Der 69-J\u00e4hrige sprach sich auch gegen ein <a class=\"is-link c-block-items__link c-link--rich-text-renderer\" href=\"https:\/\/www.welt.de\/article256117728\" data-internal-tracking-enabled=\"true\" data-internal-tracking=\"{&quot;action&quot;:&quot;click&quot;,&quot;label&quot;:&quot;link&quot;,&quot;name&quot;:&quot;Inline Element&quot;,&quot;data&quot;:{&quot;source&quot;:&quot;&quot;,&quot;target&quot;:&quot;\/article256117728&quot;,&quot;trackingName&quot;:&quot;&quot;,&quot;trackingLabel&quot;:&quot;&quot;}}\" target=\"_blank\" rel=\"noopener\">AfD-Verbotsverfahren<\/a> aus. \u201eDas riecht mir zu sehr nach politischer Konkurrentenbeseitigung\u201c, sagte Merz.<\/p>\n<p>Merz lehnt Wiederinbetriebnahme von Nord Stream 2 ab<\/p>\n<p>Auch das deutsch-russische Verh\u00e4ltnis war Thema des Interviews. Auf die Frage, ob es ausgeschlossen sei, dass eine Regierung unter seiner F\u00fchrung die Genehmigung f\u00fcr einen erneuten Betrieb der Ostsee-Gaspipeline Nordstream 2 erteilt, sagte Merz: \u201eNordstream 2 hat derzeit keine Betriebsgenehmigung, und das soll sich auch nicht \u00e4ndern.\u201c<\/p>\n<p>Nachdem am vergangenen Freitag ein Schweizer Gericht entschieden hat, dass Nordstream 2 nicht in die Insolvenz geht, w\u00e4re ein Betrieb m\u00f6glich, wenn die Bundesnetzagentur hierf\u00fcr die Genehmigung erteilt. Grundlage daf\u00fcr w\u00e4re der sogenannte Versorgungsbericht des Bundeswirtschaftsministeriums und eine Stellungnahme der EU.<\/p>\n<p>Zudem stellte der Kanzler weitere Sanktionen gegen Russland in Aussicht. \u201eWir sind uns im Kreis der Staats- und Regierungschefs einig, dass wir jetzt alle M\u00f6glichkeiten aussch\u00f6pfen m\u00fcssen. Wir sprechen \u00fcber weitere Sanktionen im Energiesektor, im Bankenbereich, auch \u00fcber weitere Schritte bei Verm\u00f6genswerten und \u00fcber Sanktionen gegen einzelne Personen\u201c, sagte Merz.<\/p>\n<p>Eine Beschlagnahmung eingefrorener russischer Verm\u00f6gen \u201elassen wir gerade kl\u00e4ren\u201c, so Merz. \u201eWenn es eine M\u00f6glichkeit gibt, das Geld auf sauberer juristischer Grundlage zu mobilisieren, werden wir es tun.\u201c In der Vergangenheit war ein solcher Schritt auch an deutschen Bedenken gescheitert.<\/p>\n<p>Der Westen hat wegen des russischen Angriffskriegs in der Ukraine im Februar 2022 rund 300 Milliarden Euro an Verm\u00f6genswerten der russischen Zentralbank eingefroren, die gr\u00f6\u00dftenteils in Europa liegen. Die EU verwendet bislang nur die Zinserl\u00f6se daraus, um die Unterst\u00fctzung der Ukraine zu finanzieren &#8211; nicht aber die Verm\u00f6genswerte an sich.<\/p>\n<p>sebe<\/p>\n","protected":false},"excerpt":{"rendered":"Deutschland auf dem Weg in die \u201eTyrannei\u201c? Diesen Vorwurf f\u00fchrender US-Politiker weist der Bundeskanzler zur\u00fcck. Deutschland brauche keine&hellip;\n","protected":false},"author":2,"featured_media":113731,"comment_status":"","ping_status":"","sticky":false,"template":"","format":"standard","meta":{"footnotes":""},"categories":[2],"tags":[29,114,183,30,13,18394,182,14,15,110,12,45,10,8,9,11,113,14334],"class_list":{"0":"post-113730","1":"post","2":"type-post","3":"status-publish","4":"format-standard","5":"has-post-thumbnail","7":"category-deutschland","8":"tag-deutschland","9":"tag-donald-geb-1946","10":"tag-friedrich-cdu","11":"tag-germany","12":"tag-headlines","13":"tag-j-d","14":"tag-merz","15":"tag-nachrichten","16":"tag-news","17":"tag-newsteam","18":"tag-schlagzeilen","19":"tag-texttospeech","20":"tag-top-news","21":"tag-top-meldungen","22":"tag-topmeldungen","23":"tag-topnews","24":"tag-trump","25":"tag-vance"},"share_on_mastodon":{"url":"https:\/\/pubeurope.com\/@de\/114514491025183073","error":""},"_links":{"self":[{"href":"https:\/\/www.europesays.com\/de\/wp-json\/wp\/v2\/posts\/113730","targetHints":{"allow":["GET"]}}],"collection":[{"href":"https:\/\/www.europesays.com\/de\/wp-json\/wp\/v2\/posts"}],"about":[{"href":"https:\/\/www.europesays.com\/de\/wp-json\/wp\/v2\/types\/post"}],"author":[{"embeddable":true,"href":"https:\/\/www.europesays.com\/de\/wp-json\/wp\/v2\/users\/2"}],"replies":[{"embeddable":true,"href":"https:\/\/www.europesays.com\/de\/wp-json\/wp\/v2\/comments?post=113730"}],"version-history":[{"count":0,"href":"https:\/\/www.europesays.com\/de\/wp-json\/wp\/v2\/posts\/113730\/revisions"}],"wp:featuredmedia":[{"embeddable":true,"href":"https:\/\/www.europesays.com\/de\/wp-json\/wp\/v2\/media\/113731"}],"wp:attachment":[{"href":"https:\/\/www.europesays.com\/de\/wp-json\/wp\/v2\/media?parent=113730"}],"wp:term":[{"taxonomy":"category","embeddable":true,"href":"https:\/\/www.europesays.com\/de\/wp-json\/wp\/v2\/categories?post=113730"},{"taxonomy":"post_tag","embeddable":true,"href":"https:\/\/www.europesays.com\/de\/wp-json\/wp\/v2\/tags?post=113730"}],"curies":[{"name":"wp","href":"https:\/\/api.w.org\/{rel}","templated":true}]}}