{"id":1137370,"date":"2026-07-02T11:46:17","date_gmt":"2026-07-02T11:46:17","guid":{"rendered":"https:\/\/www.europesays.com\/de\/1137370\/"},"modified":"2026-07-02T11:46:17","modified_gmt":"2026-07-02T11:46:17","slug":"kfd-adenau-erkundet-landesgartenschau-neuss-mit-sommerausflug","status":"publish","type":"post","link":"https:\/\/www.europesays.com\/de\/1137370\/","title":{"rendered":"kfd Adenau erkundet Landesgartenschau Neuss mit Sommerausflug"},"content":{"rendered":"<p>&#13;<br \/>\n            <b>Adenau.<\/b> 52 Frauen hatten sich zum Jahresausflug der Katholischen Frauengemeinschaft (kfd) Adenau angemeldet. <\/p>\n<p>Bei angenehmem Sommerwetter starteten die gut gelaunten Ausfl\u00fcglerinnen am Mittwoch, 1. Juli, in Richtung Rhein. <\/p>\n<p>Schon die gemeinsame Fahrt machte deutlich: Dieser Tag sollte nicht nur ein Ausflug ins Gr\u00fcne werden, sondern auch eine sch\u00f6ne Gelegenheit zum Austausch, zum Staunen und zum Miteinander. <\/p>\n<p>Bevor die Gruppe ihr Ziel erreichte, erwartete die Frauen im Hotel Ruland in Altenahr ein reichhaltiges Fr\u00fchst\u00fccksbuffet. Gut gest\u00e4rkt ging es anschlie\u00dfend weiter nach Neuss, wo die Landesgartenschau auf dem Gel\u00e4nde der ehemaligen Galopprennbahn zu einem besonderen Erlebnis einl\u00e4dt. <\/p>\n<p>Die Landesgartenschau Neuss 2026 verwandelt das rund 38 Hektar gro\u00dfe Areal der alten Rennbahn in einen neuen B\u00fcrgerpark. Wo fr\u00fcher Pferde ihre Runden drehten, pr\u00e4gen heute Blumenbeete, Gartenideen, neue Wege, Spiel- und Aufenthaltsbereiche sowie Orte der Begegnung das Bild. Historische Spuren wie die fr\u00fchere Sandbahn und erhaltene Richtert\u00fcrme erinnern dabei weiterhin an die lange Geschichte des Gel\u00e4ndes. <\/p>\n<p>Beim Rundgang sammelten die Frauen vielf\u00e4ltige Eindr\u00fccke: farbenfrohe Blumenpracht, kreativ gestaltete Gartenr\u00e4ume, Urban Gardening, nachhaltige Ideen f\u00fcr das Leben in der Stadt, Naturerlebnisse sowie Ankn\u00fcpfungspunkte zu Brauchtum und Glauben. <\/p>\n<p>Den Abschluss dieses harmonischen und gelungenen Ausflugs bildete ein gemeinsames Abendessen in Insul. Mit vielen sch\u00f6nen Eindr\u00fccken, anregenden Gespr\u00e4chen und der Freude \u00fcber einen gelungenen Tag mit \u201abl\u00fchenden Begegnungen\u2018 kehrten die Frauen nach Adenau zur\u00fcck. <\/p>\n<p>                <a href=\"https:\/\/www.blick-aktuell.de\/Berichte\/Jetzt-2-x-2-Tickets-fuer-den-Europa-Park-gewinnen-668474.html?StoryId=668514\" rel=\"nofollow noopener\" target=\"_blank\">&#13;<br \/>\n                  <img decoding=\"async\" class=\"img-responsive WebStoryLink-Image\" src=\"https:\/\/www.europesays.com\/de\/wp-content\/uploads\/2026\/07\/Jetzt-2-x-2-Tickets-fuer-den-Europa-Park-gewinnen-668474t.jpg\" alt=\"Jetzt 2 x 2 Tickets f\u00fcr den Europa-Park gewinnen!\"\/>&#13;<br \/>\n                <\/a><\/p>\n<p>                <a href=\"https:\/\/www.blick-aktuell.de\/Adenau\/Adenauer-Forst-Freunde-und-Nuerburgring-sorgen-fuer-strahlende-Kinderaugen-668484.html?StoryId=668514\" rel=\"nofollow noopener\" target=\"_blank\">&#13;<br \/>\n                  <img decoding=\"async\" class=\"img-responsive WebStoryLink-Image\" src=\"https:\/\/www.europesays.com\/de\/wp-content\/uploads\/2026\/07\/Adenauer-Forst-Freunde-und-Nuerburgring-sorgen-fuer-strahlende-Kinderaugen-668484t.jpg\" alt=\"Adenauer Forst Freunde und N\u00fcrburgring sorgen f\u00fcr strahlende Kinderaugen\"\/>&#13;<br \/>\n                <\/a><\/p>\n<p>                <a href=\"https:\/\/www.blick-aktuell.de\/Adenau\/Adenauer-Sommerbiathlon-2026-Sommerbiathlon-Event-in-Adenau-Innenstadt-668306.html?StoryId=668514\" rel=\"nofollow noopener\" target=\"_blank\">&#13;<br \/>\n                  <img decoding=\"async\" class=\"img-responsive WebStoryLink-Image\" src=\"https:\/\/www.europesays.com\/de\/wp-content\/uploads\/2026\/07\/Adenauer-Sommerbiathlon-2026-Sommerbiathlon-Event-in-Adenau-Innenstadt-668306t.jpg\" alt=\"Adenauer Sommerbiathlon 2026 \u2013 Sommerbiathlon-Event in Adenau Innenstadt\"\/>&#13;<br \/>\n                <\/a><\/p>\n","protected":false},"excerpt":{"rendered":"&#13; Adenau. 52 Frauen hatten sich zum Jahresausflug der Katholischen Frauengemeinschaft (kfd) Adenau angemeldet. Bei angenehmem Sommerwetter starteten&hellip;\n","protected":false},"author":2,"featured_media":1137371,"comment_status":"","ping_status":"","sticky":false,"template":"","format":"standard","meta":{"footnotes":"","_share_on_mastodon":"0"},"categories":[1831],"tags":[64873,106831,3364,29,3405,30,190799,239382,10430,1209,5206,1756,239381],"class_list":["post-1137370","post","type-post","status-publish","format-standard","has-post-thumbnail","category-duesseldorf","tag-adenau","tag-altenahr","tag-de","tag-deutschland","tag-duesseldorf","tag-germany","tag-heimatreporter","tag-insul","tag-neuss","tag-nordrhein-westfalen","tag-rhein","tag-rheinland-pfalz","tag-ruth-holbach"],"share_on_mastodon":{"url":"https:\/\/pubeurope.com\/@de\/116850222560604994","error":""},"_links":{"self":[{"href":"https:\/\/www.europesays.com\/de\/wp-json\/wp\/v2\/posts\/1137370","targetHints":{"allow":["GET"]}}],"collection":[{"href":"https:\/\/www.europesays.com\/de\/wp-json\/wp\/v2\/posts"}],"about":[{"href":"https:\/\/www.europesays.com\/de\/wp-json\/wp\/v2\/types\/post"}],"author":[{"embeddable":true,"href":"https:\/\/www.europesays.com\/de\/wp-json\/wp\/v2\/users\/2"}],"replies":[{"embeddable":true,"href":"https:\/\/www.europesays.com\/de\/wp-json\/wp\/v2\/comments?post=1137370"}],"version-history":[{"count":0,"href":"https:\/\/www.europesays.com\/de\/wp-json\/wp\/v2\/posts\/1137370\/revisions"}],"wp:featuredmedia":[{"embeddable":true,"href":"https:\/\/www.europesays.com\/de\/wp-json\/wp\/v2\/media\/1137371"}],"wp:attachment":[{"href":"https:\/\/www.europesays.com\/de\/wp-json\/wp\/v2\/media?parent=1137370"}],"wp:term":[{"taxonomy":"category","embeddable":true,"href":"https:\/\/www.europesays.com\/de\/wp-json\/wp\/v2\/categories?post=1137370"},{"taxonomy":"post_tag","embeddable":true,"href":"https:\/\/www.europesays.com\/de\/wp-json\/wp\/v2\/tags?post=1137370"}],"curies":[{"name":"wp","href":"https:\/\/api.w.org\/{rel}","templated":true}]}}