{"id":1137584,"date":"2026-07-02T13:49:24","date_gmt":"2026-07-02T13:49:24","guid":{"rendered":"https:\/\/www.europesays.com\/de\/1137584\/"},"modified":"2026-07-02T13:49:24","modified_gmt":"2026-07-02T13:49:24","slug":"land-foerdert-finanzschwache-kommunen-mit-87-millionen-euro","status":"publish","type":"post","link":"https:\/\/www.europesays.com\/de\/1137584\/","title":{"rendered":"Land f\u00f6rdert finanzschwache Kommunen mit 87 Millionen Euro"},"content":{"rendered":"<p>        <img decoding=\"async\" src=\"https:\/\/www.europesays.com\/de\/wp-content\/uploads\/2026\/07\/euro526.webp\" alt=\"Eine Hand vor einem, auf eine Tafel gemaltem Sack mit einem Euro Zeichen\" title=\"Eine Hand vor einem, auf eine Tafel gemaltem Sack mit einem Euro Zeichen | photocase.de, David W\" class=\"responsive\"\/><\/p>\n<p>\n                Stand: 02.07.2026 12:25 Uhr<\/p>\n<p class=\"preface\">Das Land Niedersachsen verteilt rund 87 Millionen Euro an finanzschwache St\u00e4dte und Gemeinden. Das F\u00f6rdergeld soll den 49 Kommunen dabei helfen, Fehlbetr\u00e4ge im Haushalt auszugleichen und Schulden abzubauen.<\/p>\n<p class=\"\">Wie Innenministerin Daniela Behrens (SPD) am Mittwoch mitteilte, sollen die Bedarfszuweisungen schnellstm\u00f6glich bewilligt und an die Kommunen ausgezahlt werden. Diese Zuweisungen stellen nach Angaben des Innenministeriums einen besonderen Bestandteil des kommunalen Finanzausgleichs in Niedersachsen dar. Sie werden f\u00fcr St\u00e4dte und Gemeinden in einer &#8222;au\u00dfergew\u00f6hnlichen Lage&#8220; bereitgestellt. Voraussetzung ist laut Ministerium, dass die eigene Steuerkraft nicht ausreicht, um notwendige Aufwendungen zu finanzieren. Insgesamt h\u00e4tten 104 Kommunen eine solche Bedarfszuweisung beantragt, hie\u00df es. Mit rund 87 Millionen Euro sch\u00fcttet das Land eigenen Angaben zufolge in diesem Jahr etwa 17 Millionen Euro mehr aus als im Vorjahr.<\/p>\n<p>    49 Kommunen erhalten F\u00f6rderung<\/p>\n<p class=\"\">Die H\u00f6he der einzelnen Betr\u00e4ge liegt den Angaben nach zwischen 85.000 Euro f\u00fcr die Gemeinde Nordseebad Wangerooge (Landkreis Friesland) und jeweils f\u00fcnf Millionen Euro f\u00fcr die St\u00e4dte G\u00f6ttingen, Osnabr\u00fcck, Salzgitter und Wilhelmshaven sowie die Landkreise Hameln-Pyrmont, Hildesheim, Holzminden und Schaumburg. Dar\u00fcber hinaus erhalten nachfolgende St\u00e4dte, Landkreise und Gemeinden in diesem Jahr eine F\u00f6rderung:<\/p>\n<p>                News aus deiner Region &#8211; jetzt auch direkt per WhatsApp<\/p>\n<p>In unseren f\u00fcnf neuen regionalen WhatsApp-Kan\u00e4len versorgen wir dich ab sofort wochent\u00e4glich mit den wichtigsten Nachrichten, Themen und Geschichten aus deiner Heimat. <\/p>\n<p>\u00dcber diese Links kommst du direkt zu den Kan\u00e4len:<\/p>\n<p><a href=\"https:\/\/www.ndr.de\/nachrichten\/niedersachsen\/ndr-niedersachsen-auf-whatsapp-abonniere-die-news-aus-deiner-region,whatsappniedersachsen-100.html\" title=\"NDR Niedersachsen auf WhatsApp: Abonniere die News aus deiner Region\" rel=\"nofollow noopener\" target=\"_blank\">Abonniere News aus deiner Region<\/a> und aktiviere die Glocke, damit du nichts verpasst.<\/p>\n<p>        <img decoding=\"async\" src=\"https:\/\/www.europesays.com\/de\/wp-content\/uploads\/2026\/07\/strassenausbau192.webp\" alt=\"Drei Bauarbeiter auf einer Baustelle mit einem Schaufelbagger.\" title=\"Drei Bauarbeiter auf einer Baustelle mit einem Schaufelbagger. | dpa-Bildfunk, David Inderlied\" class=\"responsive\" loading=\"lazy\"\/><\/p>\n<p>Im Norden haben die L\u00e4nder schon Pl\u00e4ne, wie die Milliarden aus dem Infrastruktur-Paket verteilt und verwendet werden sollen. Ein \u00dcberblick.<\/p>\n<p>        <img decoding=\"async\" src=\"https:\/\/www.europesays.com\/de\/wp-content\/uploads\/2026\/07\/landtag5438.webp\" alt=\"Die Abgeordneten sitzen im Nieders\u00e4chsischen Landtag.\" title=\"Die Abgeordneten sitzen im Nieders\u00e4chsischen Landtag. | picture alliance\/dpa\/Julian Stratenschulte, Julian Stratenschulte\" class=\"responsive\" loading=\"lazy\"\/><\/p>\n<p>Im kommunalen Finanzausgleich soll neu geregelt werden, wer wie viel Geld erh\u00e4lt. Die Gesamtsumme bleibt aber gleich.<\/p>\n","protected":false},"excerpt":{"rendered":"Stand: 02.07.2026 12:25 Uhr Das Land Niedersachsen verteilt rund 87 Millionen Euro an finanzschwache St\u00e4dte und Gemeinden. Das&hellip;\n","protected":false},"author":2,"featured_media":1137585,"comment_status":"","ping_status":"","sticky":false,"template":"","format":"standard","meta":{"footnotes":"","_share_on_mastodon":"0"},"categories":[1850],"tags":[590,6429,3364,29,548,663,3934,43947,6586,666,30,25890,13,8285,7539,1236,14,15,1411,741,16775,12,7638],"class_list":["post-1137584","post","type-post","status-publish","format-standard","has-post-thumbnail","category-braunschweig","tag-aktuell","tag-braunschweig","tag-de","tag-deutschland","tag-eu","tag-europa","tag-europe","tag-foerdergeld","tag-forderung","tag-geld","tag-germany","tag-goettingen","tag-headlines","tag-hildesheim","tag-innenministerium","tag-kommunen","tag-nachrichten","tag-news","tag-niedersachsen","tag-osnabrueck","tag-salzgitter","tag-schlagzeilen","tag-wilhelmshaven"],"share_on_mastodon":{"url":"https:\/\/pubeurope.com\/@de\/116850705849759809","error":""},"_links":{"self":[{"href":"https:\/\/www.europesays.com\/de\/wp-json\/wp\/v2\/posts\/1137584","targetHints":{"allow":["GET"]}}],"collection":[{"href":"https:\/\/www.europesays.com\/de\/wp-json\/wp\/v2\/posts"}],"about":[{"href":"https:\/\/www.europesays.com\/de\/wp-json\/wp\/v2\/types\/post"}],"author":[{"embeddable":true,"href":"https:\/\/www.europesays.com\/de\/wp-json\/wp\/v2\/users\/2"}],"replies":[{"embeddable":true,"href":"https:\/\/www.europesays.com\/de\/wp-json\/wp\/v2\/comments?post=1137584"}],"version-history":[{"count":0,"href":"https:\/\/www.europesays.com\/de\/wp-json\/wp\/v2\/posts\/1137584\/revisions"}],"wp:featuredmedia":[{"embeddable":true,"href":"https:\/\/www.europesays.com\/de\/wp-json\/wp\/v2\/media\/1137585"}],"wp:attachment":[{"href":"https:\/\/www.europesays.com\/de\/wp-json\/wp\/v2\/media?parent=1137584"}],"wp:term":[{"taxonomy":"category","embeddable":true,"href":"https:\/\/www.europesays.com\/de\/wp-json\/wp\/v2\/categories?post=1137584"},{"taxonomy":"post_tag","embeddable":true,"href":"https:\/\/www.europesays.com\/de\/wp-json\/wp\/v2\/tags?post=1137584"}],"curies":[{"name":"wp","href":"https:\/\/api.w.org\/{rel}","templated":true}]}}