{"id":1137773,"date":"2026-07-02T15:39:20","date_gmt":"2026-07-02T15:39:20","guid":{"rendered":"https:\/\/www.europesays.com\/de\/1137773\/"},"modified":"2026-07-02T15:39:20","modified_gmt":"2026-07-02T15:39:20","slug":"wir-wollen-bauen-nicht-enteignen-bund-untersagt-laendern-verstaatlichungen-von-wohnraum","status":"publish","type":"post","link":"https:\/\/www.europesays.com\/de\/1137773\/","title":{"rendered":"\u201eWir wollen bauen, nicht enteignen\u201c: Bund untersagt L\u00e4ndern Verstaatlichungen von Wohnraum"},"content":{"rendered":"<p class=\"tspBYm2 tspBYm3\">Die Bundesregierung bringt eine Regelung auf den Weg, die die Verstaatlichung von Wohnraum auf L\u00e4nderebene untersagt, wie sie die <a>\u201eInitiative Deutsche Wohnen &amp; Co enteignen\u201c<\/a> (DWE) f\u00fcr Berlin fordert. Darauf hat sich der Koalitionsausschuss von Union und SPD in der Nacht auf Donnerstag verst\u00e4ndigt.<\/p>\n<p class=\"tspBYm2\">\u201eUm den privaten Wohnungsbau nicht zu gef\u00e4hrden, wird durch Bundesgesetz geregelt, dass die Verstaatlichung privater Mietwohnungsbest\u00e4nde durch Vergesellschaftungsgesetze auf Landesebene nicht mehr m\u00f6glich ist\u201c, hei\u00dft es in dem Beschluss.<\/p>\n<p> Kanzler Merz sieht Unsicherheit beseitigt <\/p>\n<p class=\"tspBYm2\">\u201eWir beseitigen damit eine Unsicherheit\u201c, sagte Bundeskanzler Friedrich Merz (CDU) am Donnerstagvormittag. Das Thema habe auch international gro\u00dfe Aufmerksamkeit gefunden, \u201eim negativen Sinne\u201c, sagte Merz, der auf eine Frage anspielte, die sich Investoren stellten: \u201eWas ist da in Deutschland los?\u201c<\/p>\n<blockquote class=\"tspCUqr\">\n<p>Vergesellschaftungen schaffen keinen neuen Wohnraum.<\/p>\n<\/blockquote>\n<p class=\"tspCUqs\">Bundesbauministerin <strong>Verena Hubertz<\/strong> (SPD)<\/p>\n<p class=\"tspBYm2\">Schon vor knapp zwei Wochen hatte sich <a href=\"https:\/\/www.tagesspiegel.de\/politik\/vergesellschaftungen-schaffen-keinen-wohnraum-bauministerin-hubertz-stellt-sich-gegen-berliner-enteignungsplane-15735131.html?icid=in-text-link_15784792\" class=\"link link--internal\" data-gtm-class=\"article-text-link\" data-gtm-val=\"internal\" rel=\"nofollow noopener\" target=\"_blank\">Bundesbauministerin Verena Hubertz<\/a> gegen Pl\u00e4ne in Berlin gestellt,\u00a0die Wohnungsbest\u00e4nde gro\u00dfer privater Immobilienunternehmen zu vergesellschaften. \u201eAlleine die Debatte, die wir im Moment erleben, stiftet Verunsicherung im Wohnungsbau\u201c, sagte die SPD-Politikerin damals dem Tagesspiegel. \u201eVergesellschaftungen schaffen keinen neuen Wohnraum\u201c.<\/p>\n<p>Lesermeinungen zum Artikel<\/p>\n<p class=\"tspBYm2\">\u201e<strong>St\u00e4ndig <\/strong>wird in unserem Land \u201eenteignet\u201c (A100, A14, L\u00fctzesrath, Immerath, Kreyenberg \u2026 usw). Dies geschieht zum Wohle der\u00a0Allgemeinheit\u00a0auf gesetzlicher Grundlage.<\/p>\n<p>Seit Jahrzehnten hat es der <strong>Senat vers\u00e4umt f\u00fcr bezahlbaren Wohnraum zu sorgen<\/strong>. Die Lage ist mittlerweile dramatisch. Die\u00a0Allgemeinheit\u00a0hat deshalb ihr Schicksal selbst in die Hand genommen und <strong>einen Volksentscheid auf die Beine gestellt, der beachtlichen Zuspruch fand<\/strong>.<\/p>\n<p>Die Parteien, die seit Jahrzehnten in der Wohnungspolitik versagt haben, <strong>fegen diesen Volksentscheid vom Tisch<\/strong> und versprechen mal wieder eigene Konzepte, um der Lage Herr zu werden.\u201c<\/p>\n<p class=\"tspBYm2\"><strong>Sie m\u00f6chten darauf antworten? Hier gelangen Sie <a href=\"https:\/\/www.tagesspiegel.de\/politik\/wir-wollen-bauen-nicht-enteignen-bund-untersagt-landern-verstaatlichungen-von-wohnraum-15784792.html?commentId=73791043-6d2d-4270-95a5-af7951a65837\" target=\"_blank\" rel=\"noopener nofollow\" class=\"link link--external\" data-gtm-class=\"article-text-link\" data-gtm-val=\"external\" aria-describedby=\"message-target-blank\">direkt zur Diskussion mit Tagesspiegel-Nutzer\/in PhilD<\/a><\/strong><\/p>\n<p> Die staatliche Wohnbaugesellschaft kommt <\/p>\n<p class=\"tspBYm2\">Die Bundesministerin war zudem per Mehrheitsbeschluss der Landesbauministerkonferenz am 11. Juni aufgefordert worden, \u201egesetzliche Ma\u00dfnahmen zu pr\u00fcfen und zu ergreifen, um den Wert von Investitionen auf dem Wohnungsmarkt nachhaltig zu sch\u00fctzen\u201c.<\/p>\n<p class=\"tspBYm2\">So hat es die Koalition vor dem Hintergrund der neuen Berliner Vergesellschaftungsdebatte nun beschlossen. Zwar hat der schwarz-rote Senat den entsprechenden Volksentscheid aus dem Jahr 2021 nicht umgesetzt, Linke und Gr\u00fcne haben jedoch erkl\u00e4rt, dies bei einer Regierungsbeteiligung nach der Abgeordnetenhauswahl im September nachholen zu wollen. Zudem will die DWE-Initiative erneut einen Volksentscheid auf den Weg bringen und dieses Mal von den W\u00e4hlern direkt ein entsprechendes Vergesellschaftungsgesetz beschlie\u00dfen lassen.<\/p>\n<p class=\"tspBYm2\">Zufrieden mit der j\u00fcngsten Entwicklung ist nicht zuletzt NRW-Bauministerin Ina Scharrenbach, die bei diesem Thema f\u00fcr die unionsregierten L\u00e4nder spricht. \u201eNordrhein-Westfalen und Bayern haben fr\u00fchzeitig Alarm geschlagen\u201c, sagte sie dem Tagesspiegel, weil Vergesellschaftungen aus ihrer Sicht nicht nur den Wohnbau gef\u00e4hrden, sondern auch den Wirtschaftsstandort: \u201eDie Bundesregierung hat diesen Weckruf geh\u00f6rt.\u201c<\/p>\n<p>Lesen Sie auch:<a href=\"https:\/\/www.tagesspiegel.de\/berlin\/berliner-wirtschaft\/dw-enteignen-jetzt-mischt-sich-auch-bayern-ein-warum-die-halbe-republik-uber-vergesellschaftungen-in-berlin-streitet-15724685.html?icid=topic-list_15784792___\" data-gtm-class=\"article-mzt-link\" data-hydrate-fingerprint=\"09740a54944caac75fd2c0c63fd5c5df\" data-hydrate-props=\"{&amp;escapedquot;element&amp;escapedquot;:{&amp;escapedquot;type&amp;escapedquot;:&amp;escapedquot;relatedContent&amp;escapedquot;,&amp;escapedquot;fieldMap&amp;escapedquot;:{},&amp;escapedquot;relation&amp;escapedquot;:{&amp;escapedquot;fields&amp;escapedquot;:{&amp;escapedquot;isPaid&amp;escapedquot;:true},&amp;escapedquot;href&amp;escapedquot;:&amp;escapedquot;\/berlin\/berliner-wirtschaft\/dw-enteignen-jetzt-mischt-sich-auch-bayern-ein-warum-die-halbe-republik-uber-vergesellschaftungen-in-berlin-streitet-15724685.html&amp;escapedquot;,&amp;escapedquot;teaserTitle&amp;escapedquot;:{&amp;escapedquot;kicker&amp;escapedquot;:&amp;escapedquot;Jetzt mischt sich auch noch Bayern ein&amp;escapedquot;,&amp;escapedquot;headline&amp;escapedquot;:&amp;escapedquot;Warum die Republik gerade \u00fcber Vergesellschaftungen in Berlin streitet&amp;escapedquot;},&amp;escapedquot;id&amp;escapedquot;:&amp;escapedquot;15724685&amp;escapedquot;,&amp;escapedquot;type&amp;escapedquot;:&amp;escapedquot;story&amp;escapedquot;},&amp;escapedquot;isPartOfList&amp;escapedquot;:true,&amp;escapedquot;topicListType&amp;escapedquot;:&amp;escapedquot;topic-list&amp;escapedquot;},&amp;escapedquot;showArrow&amp;escapedquot;:true}\" data-hydrate-slots=\"{&#039;default&#039;:[]}\" class=\"tspC1rd tspC2rk\" rel=\"nofollow noopener\" target=\"_blank\">Jetzt mischt sich auch noch Bayern ein Warum die Republik gerade \u00fcber Vergesellschaftungen in Berlin streitet <\/a><a href=\"https:\/\/www.tagesspiegel.de\/berlin\/berliner-wirtschaft\/das-bundesweit-erste-mietenkataster-der-durchbruch-fur-bezahlbares-wohnen-in-berlin-15780442.html?icid=topic-list_15784792___\" data-gtm-class=\"article-mzt-link\" data-hydrate-fingerprint=\"09740a54944caac75fd2c0c63fd5c5df\" data-hydrate-props=\"{&amp;escapedquot;element&amp;escapedquot;:{&amp;escapedquot;type&amp;escapedquot;:&amp;escapedquot;relatedContent&amp;escapedquot;,&amp;escapedquot;fieldMap&amp;escapedquot;:{},&amp;escapedquot;relation&amp;escapedquot;:{&amp;escapedquot;fields&amp;escapedquot;:{&amp;escapedquot;isPaid&amp;escapedquot;:true},&amp;escapedquot;href&amp;escapedquot;:&amp;escapedquot;\/berlin\/berliner-wirtschaft\/das-bundesweit-erste-mietenkataster-der-durchbruch-fur-bezahlbares-wohnen-in-berlin-15780442.html&amp;escapedquot;,&amp;escapedquot;teaserTitle&amp;escapedquot;:{&amp;escapedquot;kicker&amp;escapedquot;:&amp;escapedquot;Das bundesweit erste Mietenkataster&amp;escapedquot;,&amp;escapedquot;headline&amp;escapedquot;:&amp;escapedquot;Der Durchbruch f\u00fcr bezahlbares Wohnen in Berlin?&amp;escapedquot;},&amp;escapedquot;id&amp;escapedquot;:&amp;escapedquot;15780442&amp;escapedquot;,&amp;escapedquot;type&amp;escapedquot;:&amp;escapedquot;story&amp;escapedquot;},&amp;escapedquot;isPartOfList&amp;escapedquot;:true,&amp;escapedquot;topicListType&amp;escapedquot;:&amp;escapedquot;topic-list&amp;escapedquot;},&amp;escapedquot;showArrow&amp;escapedquot;:true}\" data-hydrate-slots=\"{&#039;default&#039;:[]}\" class=\"tspC1rd tspC2rk\" rel=\"nofollow noopener\" target=\"_blank\">Das bundesweit erste Mietenkataster Der Durchbruch f\u00fcr bezahlbares Wohnen in Berlin? <\/a><a href=\"https:\/\/www.tagesspiegel.de\/wirtschaft\/nachschub-erst-nach-der-saison-lager-fur-klimaanlagen-und-ventilatoren-sollen-grosstenteils-leer-sein-15786886.html?icid=topic-list_15784792___\" data-gtm-class=\"article-mzt-link\" data-hydrate-fingerprint=\"09740a54944caac75fd2c0c63fd5c5df\" data-hydrate-props=\"{&amp;escapedquot;element&amp;escapedquot;:{&amp;escapedquot;type&amp;escapedquot;:&amp;escapedquot;relatedContent&amp;escapedquot;,&amp;escapedquot;fieldMap&amp;escapedquot;:{},&amp;escapedquot;relation&amp;escapedquot;:{&amp;escapedquot;fields&amp;escapedquot;:{&amp;escapedquot;isPaid&amp;escapedquot;:null},&amp;escapedquot;href&amp;escapedquot;:&amp;escapedquot;\/wirtschaft\/nachschub-erst-nach-der-saison-lager-fur-klimaanlagen-und-ventilatoren-sollen-grosstenteils-leer-sein-15786886.html&amp;escapedquot;,&amp;escapedquot;teaserTitle&amp;escapedquot;:{&amp;escapedquot;kicker&amp;escapedquot;:&amp;escapedquot;Nachschub \u201eerst nach der Saison\u201c?&amp;escapedquot;,&amp;escapedquot;headline&amp;escapedquot;:&amp;escapedquot;Lager f\u00fcr Klimaanlagen und Ventilatoren sollen \u201egr\u00f6\u00dftenteils leer\u201c sein&amp;escapedquot;},&amp;escapedquot;id&amp;escapedquot;:&amp;escapedquot;15786886&amp;escapedquot;,&amp;escapedquot;type&amp;escapedquot;:&amp;escapedquot;story&amp;escapedquot;},&amp;escapedquot;isPartOfList&amp;escapedquot;:true,&amp;escapedquot;topicListType&amp;escapedquot;:&amp;escapedquot;topic-list&amp;escapedquot;},&amp;escapedquot;showArrow&amp;escapedquot;:true}\" data-hydrate-slots=\"{&#039;default&#039;:[]}\" class=\"tspC1rd tspC2rk\" rel=\"nofollow noopener\" target=\"_blank\">Nachschub \u201eerst nach der Saison\u201c? Lager f\u00fcr Klimaanlagen und Ventilatoren sollen \u201egr\u00f6\u00dftenteils leer\u201c sein <\/a><\/p>\n<p class=\"tspBYm2\">Allein auf den Markt will die Koalition aus Union und SPD aber nicht setzen. \u201eEs wird eine Wohnungsbaugesellschaft f\u00fcr bezahlbares Wohnen (WBG) errichtet\u201c, hei\u00dft es in dem Beschluss des Koalitionsausschusses weiter. \u201eZiel ist es, vermehrt Wohnungen im bezahlbaren Preissegment zu bauen, wo der Wohnungsmarkt auf Dauer nicht ausreichend bezahlbaren Wohnraum bereitstellt.\u201c Diese WBG solle dabei \u201eden sozialen Wohnungsbau sowie den industriellen Hochlauf seriellen Bauens unterst\u00fctzen und insbesondere in Regionen mit nachgewiesenem Wohnungsmangel t\u00e4tig werden\u201c.<\/p>\n<p class=\"tspBYm2\">\u201eBezahlbares Wohnen darf kein Gl\u00fccksfall sein\u201c, sagte Vizekanzler und SPD-Chef Lars Klingbeil zur Begr\u00fcndung. Auch er stellte sich klar hinter den Beschluss, mit dem die m\u00f6gliche Verstaatlichung privater Wohnungsbest\u00e4nde nun verhindert werden soll: \u201eWir wollen bauen, nicht enteignen.\u201c<\/p>\n","protected":false},"excerpt":{"rendered":"Die Bundesregierung bringt eine Regelung auf den Weg, die die Verstaatlichung von Wohnraum auf L\u00e4nderebene untersagt, wie sie&hellip;\n","protected":false},"author":2,"featured_media":1137774,"comment_status":"","ping_status":"","sticky":false,"template":"","format":"standard","meta":{"footnotes":"","_share_on_mastodon":"0"},"categories":[5],"tags":[599,331,332,1173,31,3364,29,775,30,137414,13,14,15,12,184,72850,12385],"class_list":["post-1137773","post","type-post","status-publish","format-standard","has-post-thumbnail","category-nachrichten","tag-a100","tag-aktuelle-nachrichten","tag-aktuelle-news","tag-bundesregierung","tag-cdu","tag-de","tag-deutschland","tag-friedrich-merz","tag-germany","tag-hauptstadtbuero","tag-headlines","tag-nachrichten","tag-news","tag-schlagzeilen","tag-spd","tag-verena-hubertz","tag-wohnen-in-berlin"],"share_on_mastodon":{"url":"https:\/\/pubeurope.com\/@de\/116851138002023088","error":""},"_links":{"self":[{"href":"https:\/\/www.europesays.com\/de\/wp-json\/wp\/v2\/posts\/1137773","targetHints":{"allow":["GET"]}}],"collection":[{"href":"https:\/\/www.europesays.com\/de\/wp-json\/wp\/v2\/posts"}],"about":[{"href":"https:\/\/www.europesays.com\/de\/wp-json\/wp\/v2\/types\/post"}],"author":[{"embeddable":true,"href":"https:\/\/www.europesays.com\/de\/wp-json\/wp\/v2\/users\/2"}],"replies":[{"embeddable":true,"href":"https:\/\/www.europesays.com\/de\/wp-json\/wp\/v2\/comments?post=1137773"}],"version-history":[{"count":0,"href":"https:\/\/www.europesays.com\/de\/wp-json\/wp\/v2\/posts\/1137773\/revisions"}],"wp:featuredmedia":[{"embeddable":true,"href":"https:\/\/www.europesays.com\/de\/wp-json\/wp\/v2\/media\/1137774"}],"wp:attachment":[{"href":"https:\/\/www.europesays.com\/de\/wp-json\/wp\/v2\/media?parent=1137773"}],"wp:term":[{"taxonomy":"category","embeddable":true,"href":"https:\/\/www.europesays.com\/de\/wp-json\/wp\/v2\/categories?post=1137773"},{"taxonomy":"post_tag","embeddable":true,"href":"https:\/\/www.europesays.com\/de\/wp-json\/wp\/v2\/tags?post=1137773"}],"curies":[{"name":"wp","href":"https:\/\/api.w.org\/{rel}","templated":true}]}}