{"id":1137857,"date":"2026-07-02T16:26:25","date_gmt":"2026-07-02T16:26:25","guid":{"rendered":"https:\/\/www.europesays.com\/de\/1137857\/"},"modified":"2026-07-02T16:26:25","modified_gmt":"2026-07-02T16:26:25","slug":"duesseldorf-toten-hosen-hissen-fahnen-am-rathaus","status":"publish","type":"post","link":"https:\/\/www.europesays.com\/de\/1137857\/","title":{"rendered":"D\u00fcsseldorf: Toten Hosen hissen Fahnen am Rathaus"},"content":{"rendered":"<p class=\"text_ohne_einzug richtext text-em-55 !leading-serif mx-6 desktop:mx-0\">Willkommen zu Hause: <a href=\"https:\/\/rp-online.de\/thema\/die-toten-hosen\/\" rel=\"nofollow noopener\" target=\"_blank\">Die Toten Hosen<\/a> spielen am Freitag und Samstag in der ausverkauften Arena. Doch auch in der Stadt hinterl\u00e4sst die Opel-Gang ihre Spuren. Am Donnerstag haben Andi, Kuddel und Vom sogar offiziell ihre Fahnen am Rathaus gehisst: Die Hosen sind in der Stadt \u2013 und alle k\u00f6nnen es sehen.<\/p>\n<p class=\"richtext text-em-55 !leading-serif mx-6 desktop:mx-0\">Manche werden wohl erst beim zweiten Blick erkennen, dass da gar nicht die \u00fcblichen Fahnen vor dem Rathaus h\u00e4ngen. Die neuen Flaggen zeigen den eigens f\u00fcr das Wochenende gestalteten skelettierten L\u00f6wen \u2013 eine Hommage an das D\u00fcsseldorfer Stadtwappen im Stil des Bandlogos.<\/p>\n<p class=\"richtext text-em-55 !leading-serif mx-6 desktop:mx-0\">Die drei Bandmitglieder zeigten sich beim Termin vor dem Rathaus sichtlich entspannt. Zu Hause eben. Gemeinsam mit Oberb\u00fcrgermeister <a href=\"https:\/\/rp-online.de\/thema\/stephan-keller\/\" rel=\"nofollow noopener\" target=\"_blank\">Stephan Keller<\/a> hissten sie die neuen Fahnen. \u201eDie Toten Hosen haben f\u00fcr dieses Wochenende die Stadt \u00fcbernommen\u201c, sagte Keller mit einem Augenzwinkern. \u201eSie kommen eben immer wieder. Und es w\u00e4ren nicht die Toten Hosen, wenn sie nicht ihre besondere Verbundenheit mit der Stadt zeigen w\u00fcrden.\u201c<\/p>\n<p class=\"richtext text-em-55 !leading-serif mx-6 desktop:mx-0\">Am Ende hilft die Aktion sogar einem guten Zweck: Die Fahnen werden signiert und f\u00fcr <a href=\"https:\/\/rp-online.de\/thema\/fiftyfifty\/\" rel=\"nofollow noopener\" target=\"_blank\">Fiftyfifty<\/a> versteigert. Fans k\u00f6nnen sich bald also ein ganz besonderes Andenken an das Wochenende nach Hause holen \u2013 und damit auch noch die lokale Initiative unterst\u00fctzen.<\/p>\n<p class=\"richtext text-em-55 !leading-serif mx-6 desktop:mx-0\">Das Rathaus ist nicht der einzige Ort in der Stadt, der sich am Wochenende f\u00fcr die Toten Hosen verwandelt. Kostenpflichtiger Inhalt <a href=\"https:\/\/rp-online.de\/nrw\/staedte\/duesseldorf\/freizeit\/duesseldorf-uerige-ist-fantreff-vor-hosen-konzerten_aid-150741249\" rel=\"nofollow noopener\" target=\"_blank\">Am Uerige ist wieder der offizielle Fan-Treffpunkt. Die Hausbrauerei hat daf\u00fcr auch erstmals unterg\u00e4rig gebraut.<\/a> Das Hosen Hell kommt diese Woche nicht aus <a href=\"https:\/\/rp-online.de\/thema\/bayern\/\" rel=\"nofollow noopener\" target=\"_blank\">Bayern<\/a>, sondern aus dem Sudhaus an der Rheinstra\u00dfe. Gleich neben der Hausbrauerei befindet sich die Touristinfo der Stadt, und auch Visit <a href=\"https:\/\/rp-online.de\/thema\/duesseldorf\/\" rel=\"nofollow noopener\" target=\"_blank\">D\u00fcsseldorf<\/a> hat \u00dcberraschungen anl\u00e4sslich der Konzerte in Vorbereitung. W\u00e4hrend die Hosen die D\u00fcsseldorfer Kult-DJs JayJay und Fichli ins Rennen schicken, wird die Touristinfo an den beiden Konzerttagen zum Pop-up-Fanshop der Band. Exklusiv an diesen beiden Tagen gibt es dort dann auch das T-Shirt mit dem Aufdruck \u201eD\u00fcsseldorf \u2013 Ich komme immer wieder\u201c und dem skelettierten L\u00f6wen, wie auf den Fahnen.<\/p>\n","protected":false},"excerpt":{"rendered":"Willkommen zu Hause: Die Toten Hosen spielen am Freitag und Samstag in der ausverkauften Arena. Doch auch in&hellip;\n","protected":false},"author":2,"featured_media":1137858,"comment_status":"","ping_status":"","sticky":false,"template":"","format":"standard","meta":{"footnotes":"","_share_on_mastodon":"0"},"categories":[155],"tags":[6329,239523,6333,29,3405,214,32734,239521,30,35281,4404,2218,37948,239522,4405,215,4749],"class_list":["post-1137857","post","type-post","status-publish","format-standard","has-post-thumbnail","category-unterhaltung","tag-band","tag-bandlogos","tag-bandmitglieder","tag-deutschland","tag-duesseldorf","tag-entertainment","tag-fahne","tag-gehisst","tag-germany","tag-hause","tag-hosen","tag-rathaus","tag-skelett","tag-skelettierten","tag-toten","tag-unterhaltung","tag-wochenende"],"share_on_mastodon":{"url":"https:\/\/pubeurope.com\/@de\/116851322968321568","error":""},"_links":{"self":[{"href":"https:\/\/www.europesays.com\/de\/wp-json\/wp\/v2\/posts\/1137857","targetHints":{"allow":["GET"]}}],"collection":[{"href":"https:\/\/www.europesays.com\/de\/wp-json\/wp\/v2\/posts"}],"about":[{"href":"https:\/\/www.europesays.com\/de\/wp-json\/wp\/v2\/types\/post"}],"author":[{"embeddable":true,"href":"https:\/\/www.europesays.com\/de\/wp-json\/wp\/v2\/users\/2"}],"replies":[{"embeddable":true,"href":"https:\/\/www.europesays.com\/de\/wp-json\/wp\/v2\/comments?post=1137857"}],"version-history":[{"count":0,"href":"https:\/\/www.europesays.com\/de\/wp-json\/wp\/v2\/posts\/1137857\/revisions"}],"wp:featuredmedia":[{"embeddable":true,"href":"https:\/\/www.europesays.com\/de\/wp-json\/wp\/v2\/media\/1137858"}],"wp:attachment":[{"href":"https:\/\/www.europesays.com\/de\/wp-json\/wp\/v2\/media?parent=1137857"}],"wp:term":[{"taxonomy":"category","embeddable":true,"href":"https:\/\/www.europesays.com\/de\/wp-json\/wp\/v2\/categories?post=1137857"},{"taxonomy":"post_tag","embeddable":true,"href":"https:\/\/www.europesays.com\/de\/wp-json\/wp\/v2\/tags?post=1137857"}],"curies":[{"name":"wp","href":"https:\/\/api.w.org\/{rel}","templated":true}]}}