{"id":1137888,"date":"2026-07-02T16:45:15","date_gmt":"2026-07-02T16:45:15","guid":{"rendered":"https:\/\/www.europesays.com\/de\/1137888\/"},"modified":"2026-07-02T16:45:15","modified_gmt":"2026-07-02T16:45:15","slug":"wohnungsbrand-kaiserstrasse-sorgt-fuer-grosseinsatz-der-feuerwehr-karlsruhe","status":"publish","type":"post","link":"https:\/\/www.europesays.com\/de\/1137888\/","title":{"rendered":"Wohnungsbrand Kaiserstra\u00dfe sorgt f\u00fcr Gro\u00dfeinsatz der Feuerwehr Karlsruhe"},"content":{"rendered":"<p class=\"mb-6 text-xs-varying md:text-m lg:text-l font-serif group-[.font-sans]:font-sans \">\n    Am Donnerstagnachmittag, 2. Juli, ist die Feuerwehr <a href=\"https:\/\/www.ka-news.de\/karlsruhe\" target=\"_self\" class=\"underline \" rel=\"nofollow noopener\">Karlsruhe<\/a> zu einem Wohnungsbrand in einem Mehrfamilienhaus in der Karlsruher Innenstadt ausger\u00fcckt.\n  <\/p>\n<p class=\"mb-6 text-xs-varying md:text-m lg:text-l font-serif group-[.font-sans]:font-sans \">\n    Wie die Feuerwehr mitteilte, wurden die Einsatzkr\u00e4fte gegen 16.18 Uhr in die Kaiserstra\u00dfe 45 alarmiert. Vor Ort wurde umgehend die Brandbek\u00e4mpfung unter Atemschutz eingeleitet. Was genau in Brand geriet und ob es Verletzte gibt, ist bisher unklar. Nach Angaben der Polizei Karlsruhe dauert der Einsatz weiterhin an.\n  <\/p>\n<p class=\"mb-6 text-xs-varying md:text-m lg:text-l font-serif group-[.font-sans]:font-sans \">\n    Weitere Informationen folgen, sobald sie der Redaktion vorliegen.\n  <\/p>\n","protected":false},"excerpt":{"rendered":"Am Donnerstagnachmittag, 2. Juli, ist die Feuerwehr Karlsruhe zu einem Wohnungsbrand in einem Mehrfamilienhaus in der Karlsruher Innenstadt&hellip;\n","protected":false},"author":2,"featured_media":1137889,"comment_status":"","ping_status":"","sticky":false,"template":"","format":"standard","meta":{"footnotes":"","_share_on_mastodon":"0"},"categories":[1844],"tags":[1634,3364,29,985,3401,30,11115,8903,121,2537],"class_list":["post-1137888","post","type-post","status-publish","format-standard","has-post-thumbnail","category-karlsruhe","tag-baden-wuerttemberg","tag-de","tag-deutschland","tag-feuerwehr","tag-feuerwehreinsatz","tag-germany","tag-kaiserstrasse","tag-karlsruhe","tag-polizei","tag-wohnungsbrand"],"share_on_mastodon":{"url":"https:\/\/pubeurope.com\/@de\/116851397628065715","error":""},"_links":{"self":[{"href":"https:\/\/www.europesays.com\/de\/wp-json\/wp\/v2\/posts\/1137888","targetHints":{"allow":["GET"]}}],"collection":[{"href":"https:\/\/www.europesays.com\/de\/wp-json\/wp\/v2\/posts"}],"about":[{"href":"https:\/\/www.europesays.com\/de\/wp-json\/wp\/v2\/types\/post"}],"author":[{"embeddable":true,"href":"https:\/\/www.europesays.com\/de\/wp-json\/wp\/v2\/users\/2"}],"replies":[{"embeddable":true,"href":"https:\/\/www.europesays.com\/de\/wp-json\/wp\/v2\/comments?post=1137888"}],"version-history":[{"count":0,"href":"https:\/\/www.europesays.com\/de\/wp-json\/wp\/v2\/posts\/1137888\/revisions"}],"wp:featuredmedia":[{"embeddable":true,"href":"https:\/\/www.europesays.com\/de\/wp-json\/wp\/v2\/media\/1137889"}],"wp:attachment":[{"href":"https:\/\/www.europesays.com\/de\/wp-json\/wp\/v2\/media?parent=1137888"}],"wp:term":[{"taxonomy":"category","embeddable":true,"href":"https:\/\/www.europesays.com\/de\/wp-json\/wp\/v2\/categories?post=1137888"},{"taxonomy":"post_tag","embeddable":true,"href":"https:\/\/www.europesays.com\/de\/wp-json\/wp\/v2\/tags?post=1137888"}],"curies":[{"name":"wp","href":"https:\/\/api.w.org\/{rel}","templated":true}]}}