{"id":1138029,"date":"2026-07-02T18:06:26","date_gmt":"2026-07-02T18:06:26","guid":{"rendered":"https:\/\/www.europesays.com\/de\/1138029\/"},"modified":"2026-07-02T18:06:26","modified_gmt":"2026-07-02T18:06:26","slug":"waldhof-mannheim-plant-weitere-transfers-nach-personellem-umbruch","status":"publish","type":"post","link":"https:\/\/www.europesays.com\/de\/1138029\/","title":{"rendered":"Waldhof Mannheim plant weitere Transfers nach personellem Umbruch"},"content":{"rendered":"<p><a href=\"https:\/\/liga3-news.de\/wp-content\/uploads\/2026\/01\/Zuber-Waldhof-Mannheim-e1768695064945.jpg\" data-caption=\"Foto: Lars Zimmermann\" rel=\"nofollow noopener\" target=\"_blank\"><img loading=\"lazy\" decoding=\"async\" onload=\"Wpfcll.r(this,true);\" src=\"https:\/\/liga3-news.de\/wp-content\/plugins\/wp-fastest-cache-premium\/pro\/images\/blank.gif\" width=\"696\" height=\"455\" class=\"entry-thumb td-modal-image\" data-wpfc-original-src=\"https:\/\/www.europesays.com\/de\/wp-content\/uploads\/2026\/07\/Zuber-Waldhof-Mannheim-696x455.jpg\" data-wpfc-original-  alt=\"\" title=\"Zuber Waldhof Mannheim\"\/><\/a>Foto: Lars Zimmermann<\/p>\n<p class=\"ai-optimize-7 ai-optimize-introduction\"><strong>Mit frischem Trainer, zahlreichen personellen Ver\u00e4nderungen und neuen Impulsen hat der SV Waldhof Mannheim die Vorbereitung auf die kommende Drittligasaison aufgenommen. Nach einem umfassenden Umbruch soll die Mannschaft unter Rui Mota nicht nur ein neues Gesicht zeigen, sondern auch sportlich den n\u00e4chsten Schritt machen. Die Verantwortlichen blicken dabei optimistisch auf die Entwicklung des Kaders.<\/strong><\/p>\n<p>  <strong>Neustart mit vielen Ver\u00e4nderungen<\/strong><\/p>\n<p class=\"ai-optimize-9\">Beim Trainingsauftakt des SV Waldhof Mannheim stand vor allem der Neuanfang im Mittelpunkt. Cheftrainer Rui Mota leitete erstmals die Vorbereitung auf eine komplette Saison und konnte dabei nahezu den gesamten Kader auf dem Trainingsplatz begr\u00fc\u00dfen. Lediglich die Langzeitverletzten Lucien Hawryluk, Jascha Brandt und Adama Diakhaby fehlten weiterhin.<\/p>\n<p class=\"ai-optimize-10\">Rund 200 Zuschauer verfolgten die erste Einheit und bekamen dabei auch die j\u00fcngsten Neuzug\u00e4nge in Aktion zu sehen. Claudio Kammerknecht, Noah Sarenren Bazee und Julian Ulbricht absolvierten ihre ersten Trainingseinheiten im blau schwarzen Trikot und sollen dem Team in der neuen Saison zus\u00e4tzliche Qualit\u00e4t verleihen.<\/p>\n<p><strong>Kader soll weiter verst\u00e4rkt werden<\/strong><\/p>\n<p class=\"ai-optimize-12\">Trotz der bereits verpflichteten Spieler betrachten die Verantwortlichen die Personalplanung noch nicht als abgeschlossen. Erst k\u00fcrzlich verst\u00e4rkte sich der Verein mit <a href=\"https:\/\/liga3-news.de\/2026\/06\/30\/waldhof-holt-abwehrtalent-moritz-polte-wechselt-nach-mannheim\/\" rel=\"nofollow noopener\" target=\"_blank\">Innenverteidiger Moritz Polte<\/a>, dennoch soll der Kader in den kommenden Wochen weiter erg\u00e4nzt werden.<\/p>\n<p class=\"ai-optimize-13\">Sport Gesch\u00e4ftsf\u00fchrer Gerhard Zuber machte deutlich, dass nach den zahlreichen Abg\u00e4ngen weiterhin Handlungsbedarf besteht. Da mehrere Leistungstr\u00e4ger den Verein verlassen haben, sollen in allen Mannschaftsteilen weitere Verst\u00e4rkungen folgen, um die Mannschaft breiter und konkurrenzf\u00e4higer aufzustellen.<\/p>\n<p><strong>Optimismus vor der neuen Saison<\/strong><\/p>\n<p class=\"ai-optimize-15\">Nach Einsch\u00e4tzung von Zuber entwickelt sich das Team bereits in die gew\u00fcnschte Richtung. Er zeigte sich zufrieden mit dem bisherigen Stand der Kaderzusammenstellung und betonte: \u201eWir sind jetzt auf einem Stand, an dem die Mannschaft Formen annimmt. Ich glaube, dass wir schon jetzt eine sehr gute und homogene Truppe stehen haben.\u201c<\/p>\n<p class=\"ai-optimize-16\">Neben personellen Ver\u00e4nderungen soll vor allem die Handschrift des neuen Trainers sichtbar werden. Rui Mota arbeitet an einer ver\u00e4nderten Spielweise, mit der sich der SV Waldhof Mannheim k\u00fcnftig pr\u00e4sentieren m\u00f6chte. Die Vorbereitung dient nun dazu, diese Ideen Schritt f\u00fcr Schritt auf den Platz zu bringen.<\/p>\n<p><strong>Anspruch ist eine bessere Platzierung<\/strong><\/p>\n<p class=\"ai-optimize-18\">Die vergangene Saison beendete Mannheim im Tabellenmittelfeld. Mit dem personellen Umbruch und dem neuen Trainer verbindet der Verein nun die Hoffnung auf eine erfolgreichere Spielzeit. Das erkl\u00e4rte Ziel lautet, sich gegen\u00fcber der Vorsaison zu steigern und in der Tabelle weiter nach oben zu klettern.<\/p>\n<p class=\"ai-optimize-19\">Die kommenden Wochen werden zeigen, wie schnell die neuen Spieler integriert werden und welche weiteren Verst\u00e4rkungen noch folgen. Klar ist bereits jetzt, dass der SV Waldhof Mannheim den eingeschlagenen Neustart mit viel Zuversicht und ambitionierten Erwartungen angeht.<\/p>\n","protected":false},"excerpt":{"rendered":"Foto: Lars Zimmermann Mit frischem Trainer, zahlreichen personellen Ver\u00e4nderungen und neuen Impulsen hat der SV Waldhof Mannheim die&hellip;\n","protected":false},"author":2,"featured_media":1138030,"comment_status":"","ping_status":"","sticky":false,"template":"","format":"standard","meta":{"footnotes":"","_share_on_mastodon":"0"},"categories":[1845],"tags":[1634,3364,29,548,663,3934,30,13,2096,14,15,12,17594],"class_list":["post-1138029","post","type-post","status-publish","format-standard","has-post-thumbnail","category-mannheim","tag-baden-wuerttemberg","tag-de","tag-deutschland","tag-eu","tag-europa","tag-europe","tag-germany","tag-headlines","tag-mannheim","tag-nachrichten","tag-news","tag-schlagzeilen","tag-waldhof-mannheim"],"share_on_mastodon":{"url":"https:\/\/pubeurope.com\/@de\/116851716367106273","error":""},"_links":{"self":[{"href":"https:\/\/www.europesays.com\/de\/wp-json\/wp\/v2\/posts\/1138029","targetHints":{"allow":["GET"]}}],"collection":[{"href":"https:\/\/www.europesays.com\/de\/wp-json\/wp\/v2\/posts"}],"about":[{"href":"https:\/\/www.europesays.com\/de\/wp-json\/wp\/v2\/types\/post"}],"author":[{"embeddable":true,"href":"https:\/\/www.europesays.com\/de\/wp-json\/wp\/v2\/users\/2"}],"replies":[{"embeddable":true,"href":"https:\/\/www.europesays.com\/de\/wp-json\/wp\/v2\/comments?post=1138029"}],"version-history":[{"count":0,"href":"https:\/\/www.europesays.com\/de\/wp-json\/wp\/v2\/posts\/1138029\/revisions"}],"wp:featuredmedia":[{"embeddable":true,"href":"https:\/\/www.europesays.com\/de\/wp-json\/wp\/v2\/media\/1138030"}],"wp:attachment":[{"href":"https:\/\/www.europesays.com\/de\/wp-json\/wp\/v2\/media?parent=1138029"}],"wp:term":[{"taxonomy":"category","embeddable":true,"href":"https:\/\/www.europesays.com\/de\/wp-json\/wp\/v2\/categories?post=1138029"},{"taxonomy":"post_tag","embeddable":true,"href":"https:\/\/www.europesays.com\/de\/wp-json\/wp\/v2\/tags?post=1138029"}],"curies":[{"name":"wp","href":"https:\/\/api.w.org\/{rel}","templated":true}]}}