{"id":1138169,"date":"2026-07-02T19:27:17","date_gmt":"2026-07-02T19:27:17","guid":{"rendered":"https:\/\/www.europesays.com\/de\/1138169\/"},"modified":"2026-07-02T19:27:17","modified_gmt":"2026-07-02T19:27:17","slug":"38-tote-nach-hitzewochenende-in-moenchengladbach","status":"publish","type":"post","link":"https:\/\/www.europesays.com\/de\/1138169\/","title":{"rendered":"38 Tote nach Hitzewochenende in M\u00f6nchengladbach"},"content":{"rendered":"<p class=\"richtext text-em-55 !leading-serif mx-6 desktop:mx-0\">Normal seien in diesem Zeitraum f\u00fcnf bis acht Eins\u00e4tze der Kriminalpolizei, bei denen Rettungskr\u00e4fte die Todesursache von Menschen vorl\u00e4ufig als \u201eunklar\u201c einstufen. Mit 38 waren es nun also deutlich mehr. Ein kausaler Zusammenhang l\u00e4sst sich nicht nachweisen \u2013 es ist also nicht eindeutig best\u00e4tigt, dass in alle diesen F\u00e4llen die <a href=\"https:\/\/rp-online.de\/thema\/hitze\/\" rel=\"nofollow noopener\" target=\"_blank\">Hitze<\/a> die Todesursache war. \u201eAllerdings handelte es sich in vielen F\u00e4llen um \u00e4ltere Menschen\u201c, so der Polizeisprecher, weshalb ein Zusammenhang \u201enahe liegt\u201c.<\/p>\n<p class=\"richtext text-em-55 !leading-serif mx-6 desktop:mx-0\">Am Freitag kratzte M\u00f6nchengladbach an den 39 Grad, am Wochenende blieben die Temperaturen bei mehr als 30 Grad. Die neuen Zahlen der Polizei sollten als Warnung gelten \u2013 denn n\u00e4chste Woche wird es wieder hei\u00dfer, Prognosen sehen bis zu 35 Grad am Wochenende des 11.\/12. Juli voraus. Kostenpflichtiger Inhalt <a href=\"https:\/\/rp-online.de\/nrw\/staedte\/moenchengladbach\/sechs-tipps-aus-moenchengladbach-so-ueberstehen-sie-die-hitze_aid-150413329\" rel=\"nofollow noopener\" target=\"_blank\">Wie unsere Redaktion berichtete<\/a>, wird zum Schutz vor der Hitze unter anderem dazu geraten, den Alltag anzupassen \u2013 zum Beispiel auf Sport zu verzichten \u2013 und die Trinkmenge zu erh\u00f6hen.<\/p>\n","protected":false},"excerpt":{"rendered":"Normal seien in diesem Zeitraum f\u00fcnf bis acht Eins\u00e4tze der Kriminalpolizei, bei denen Rettungskr\u00e4fte die Todesursache von Menschen&hellip;\n","protected":false},"author":2,"featured_media":1138170,"comment_status":"","ping_status":"","sticky":false,"template":"","format":"standard","meta":{"footnotes":"","_share_on_mastodon":"0"},"categories":[1849],"tags":[14309,75961,3364,29,548,663,3934,4151,30,16170,13,11607,62388,7738,4455,14,18419,15,1209,12,1720,113050],"class_list":["post-1138169","post","type-post","status-publish","format-standard","has-post-thumbnail","category-moenchengladbach","tag-22c","tag-22id","tag-de","tag-deutschland","tag-eu","tag-europa","tag-europe","tag-faellen","tag-germany","tag-grad","tag-headlines","tag-hitze","tag-hitzewochenende","tag-kleve","tag-moenchengladbach","tag-nachrichten","tag-naehe","tag-news","tag-nordrhein-westfalen","tag-schlagzeilen","tag-todesursache","tag-zusammenhang"],"share_on_mastodon":{"url":"https:\/\/pubeurope.com\/@de\/116852034557511542","error":""},"_links":{"self":[{"href":"https:\/\/www.europesays.com\/de\/wp-json\/wp\/v2\/posts\/1138169","targetHints":{"allow":["GET"]}}],"collection":[{"href":"https:\/\/www.europesays.com\/de\/wp-json\/wp\/v2\/posts"}],"about":[{"href":"https:\/\/www.europesays.com\/de\/wp-json\/wp\/v2\/types\/post"}],"author":[{"embeddable":true,"href":"https:\/\/www.europesays.com\/de\/wp-json\/wp\/v2\/users\/2"}],"replies":[{"embeddable":true,"href":"https:\/\/www.europesays.com\/de\/wp-json\/wp\/v2\/comments?post=1138169"}],"version-history":[{"count":0,"href":"https:\/\/www.europesays.com\/de\/wp-json\/wp\/v2\/posts\/1138169\/revisions"}],"wp:featuredmedia":[{"embeddable":true,"href":"https:\/\/www.europesays.com\/de\/wp-json\/wp\/v2\/media\/1138170"}],"wp:attachment":[{"href":"https:\/\/www.europesays.com\/de\/wp-json\/wp\/v2\/media?parent=1138169"}],"wp:term":[{"taxonomy":"category","embeddable":true,"href":"https:\/\/www.europesays.com\/de\/wp-json\/wp\/v2\/categories?post=1138169"},{"taxonomy":"post_tag","embeddable":true,"href":"https:\/\/www.europesays.com\/de\/wp-json\/wp\/v2\/tags?post=1138169"}],"curies":[{"name":"wp","href":"https:\/\/api.w.org\/{rel}","templated":true}]}}