{"id":1138201,"date":"2026-07-02T19:45:41","date_gmt":"2026-07-02T19:45:41","guid":{"rendered":"https:\/\/www.europesays.com\/de\/1138201\/"},"modified":"2026-07-02T19:45:41","modified_gmt":"2026-07-02T19:45:41","slug":"ukraine-news-deutsche-ermittler-vermuten-ukrainischen-plan-hinter-nord-stream-sprengung","status":"publish","type":"post","link":"https:\/\/www.europesays.com\/de\/1138201\/","title":{"rendered":"Ukraine-News: Deutsche Ermittler vermuten ukrainischen Plan hinter Nord-Stream-Sprengung"},"content":{"rendered":"<p>        <img decoding=\"async\" src=\"https:\/\/www.europesays.com\/de\/wp-content\/uploads\/2026\/07\/nord-stream-gasleck-100.webp\" alt=\"Das Nord-Stream-2-Gasleck in der N\u00e4he von Bornholm aus der Luft, 27. September 2022.\" title=\"Das Nord-Stream-2-Gasleck in der N\u00e4he von Bornholm aus der Luft, 27. September 2022. | picture alliance\/dpa\/Danish Defence Command\" class=\"responsive\"\/><\/p>\n<p class=\"topline\">Ukraine-News<\/p>\n<p class=\"author\">von MDR AKTUELL<\/p>\n<p>\n                Stand: 02.07.2026 21:37 Uhr<\/p>\n<p>\n        21:27 Uhr\n    <\/p>\n<p>    Tote und Verletzte im S\u00fcdosten der Ukraine<\/p>\n<p class=\"\">In der Ukraine sind bei verschiedenen russischen Angriffen im Gebiet Dnipropetrowsk im Verlauf des Tages nach Beh\u00f6rdenangaben zwei Menschen get\u00f6tet worden. Neun weitere seien verletzt worden, schrieb der regionale Milit\u00e4rgouverneur, Olexander Hanscha, bei Telegram. Die russischen Streitkr\u00e4fte h\u00e4tten demnach die Kreise Dnipro, Nikopol und Synelnykowe mit Artillerie, Drohnen, Gleitbomben und einer Rakete attackiert. Im s\u00fcd\u00f6stlichen Gebiet Saporischschja wurden laut Milit\u00e4rgouverneur Iwan Fedorow sieben Menschen bei einem russischen Drohnenangriff verletzt. Vier davon seien Minderj\u00e4hrige gewesen. (Quelle: dpa)<\/p>\n<p>\n        20:54 Uhr\n    <\/p>\n<p>    Selenskyj dr\u00e4ngt auf eigene Produktion f\u00fcr Patriot-Raketen<\/p>\n<p class=\"\">Nach dem j\u00fcngsten massiven Luftangriff auf Kiew dr\u00e4ngt der ukrainische Pr\u00e4sident Wolodymyr Selenskyj auf eine eigene Produktion f\u00fcr US-amerikanische Patriot-Raketen. In seiner abendlichen Videobotschaft sprach Selenskyj von einer europ\u00e4ischen Produktion in der Ukraine oder mit Partnern. Den USA stellte er in diesem Fall Unterst\u00fctzung bei Eins\u00e4tzen in Aussicht. Der Westen hatte der Ukraine zur Luftabwehr unter anderem Patriot-Flugabwehrsysteme geliefert. Doch deren Raketen sind teuer und rar, besonders seit dem Iran-Krieg. Selenskyj hofft nun darauf, dass die USA der Ukraine den Bau von Patriot-Raketen in Lizenz erlauben. (Quelle: dpa)<\/p>\n<p>        <img decoding=\"async\" src=\"https:\/\/www.europesays.com\/de\/wp-content\/uploads\/2026\/07\/ukraine-krieg-622.webp\" alt=\"Ukraine-Krieg Kiew\" title=\"Ukraine-Krieg Kiew | picture alliance\/dpa\/AP | Efrem Lukatsky\" class=\"responsive\" loading=\"lazy\"\/><\/p>\n<p>\n        20:05 Uhr\n    <\/p>\n<p>    Ermittler vermuten ukrainischen Plan hinter Nord-Stream-Anschl\u00e4gen<\/p>\n<p class=\"\">Ermittler der Bundesanwaltschaft vermuten, dass die Pl\u00e4ne f\u00fcr die Anschl\u00e4ge auf die Nord-Stream-Pipelines im Auftrag staatlicher Stellen in der Ukraine entwickelt wurden. Das geht aus Einzelheiten der Anklage gegen einen fr\u00fcheren ukrainischen Offizier hervor, welche die Karlsruher Beh\u00f6rde ver\u00f6ffentlichte. Die Sabotage-Aktion sollte Gaslieferungen \u00fcber die Pipelines demnach dauerhaft stoppen, damit Russland die Einnahmen nicht zur Finanzierung des Ukraine-Kriegs nutzen konnte. Bei den Anschl\u00e4gen im September 2022 waren die Leitungen, die f\u00fcr den Transport von russischem Gas nach Deutschland gebaut worden waren, durch Sprengs\u00e4tze schwer besch\u00e4digt worden. (Quelle: AFP)<\/p>\n<p>        <img decoding=\"async\" src=\"https:\/\/www.europesays.com\/de\/wp-content\/uploads\/2026\/06\/logomdraktuell-102.webp\" alt=\"Logo der H\u00f6rfunkwelle MDR AKTUELL\" title=\"Logo der H\u00f6rfunkwelle MDR AKTUELL | MITTELDEUTSCHER RUNDFUNK\" class=\"responsive\" loading=\"lazy\"\/><\/p>\n<p>\n        19:26 Uhr\n    <\/p>\n<p>    Drohnenangriffe treiben russische \u00d6lexporte auf Rekordhoch<\/p>\n<p class=\"\">Die \u00d6lexporte aus den westlichen H\u00e4fen Russlands erreichen Insidern zufolge wegen der anhaltenden ukrainischen Drohnenangriffe auf russische Raffinerien ein Rekordhoch. Im Juni seien fast drei Millionen Barrel pro Tag verschifft worden, und auch im Juli d\u00fcrfte dieses Niveau gehalten werden, sagten nach Angaben der Nachrichtenagentur Reuters drei mit dem Vorgang vertraute Personen der Branche. Da die Angriffe die heimischen Raffineriekapazit\u00e4ten einschr\u00e4nkten, sei Moskau gezwungen, mehr Roh\u00f6l zu exportieren, um eine Drosselung der F\u00f6rderung zu vermeiden. (Quelle: Reuters)<\/p>\n<p>\n        17:26 Uhr\n    <\/p>\n<p>    Selenskyj verspricht Vergeltung nach Angriff auf Kiew<\/p>\n<p class=\"\">Der ukrainische Pr\u00e4sident Wolodymyr Selenskyj hat Vergeltung f\u00fcr den massiven russischen Angriff auf Kiew mit mehr als 20 Toten angek\u00fcndigt. &#8222;Wir sind f\u00fcr einen gerechten Frieden, eine gerechte Beendigung des Kriegs, und solange es das nicht gibt, f\u00fcr gerechte Reaktionen&#8220;, sagte er an einem der Einschlagsorte in der Hauptstadt. (Quelle: dpa)<\/p>\n<p>\n        17:22 Uhr\n    <\/p>\n<p>    Drohnenangriff auf belarussischen Bus<\/p>\n<p class=\"\">Bei einem Drohnenangriff auf einen belarussischen Reisebus in der belarussisch-russischen Grenze sind Berichten zufolge zwei Menschen verletzt worden. Das haben staatliche Medien unter Berufung auf die Regionalregierung berichtet. Der Vorfall habe sich am Grenz\u00fcbergang Krasny Kamen in der russischen Grenzregion Brjansk ereignet. Bei den Verletzten handele es sich um die beiden Fahrer des Busses, der auf dem Weg von Minsk in den Badeort Anapa am Schwarzen Meer war. Die Ukraine weist Vorw\u00fcrfe zur\u00fcck, f\u00fcr den Angriff verantwortlich zu sein. Kiew spricht von einer Provokation Moskaus und einer &#8222;Operation unter falscher Flagge&#8220;. (Quelle: Reuters)<\/p>\n<p>\n        16:40 Uhr\n    <\/p>\n<p>    Kallas k\u00fcndigt Reaktion auf russische Luftangriffe an<\/p>\n<p class=\"\">Die EU-Au\u00dfenbeauftragte Kaja Kallas hat nach den j\u00fcngsten russischen Angriffen auf Kiew und andere ukrainische St\u00e4dte neue Sanktionsvorschl\u00e4ge angek\u00fcndigt. Demnach sollen Einrichtungen sanktioniert werden, &#8222;die den russischen milit\u00e4risch-industriellen Komplex unterst\u00fctzen&#8220;. Wie die Deutsche Presse-Agentur aus dem Ausw\u00e4rtigen Dienst der EU erfuhr, sollen die neuen Sanktionen gegen f\u00fcnf Einrichtungen und eine Einzelperson verh\u00e4ngt werden, die an der Entwicklung und Herstellung von Komponenten beteiligt sind, mit denen die F\u00e4higkeiten russischer Drohnen verbessert werden. Nur eine anhaltende milit\u00e4rische Unterst\u00fctzung der Ukraine k\u00f6nne die russischen Angriffe stoppen. (Quelle: dpa)<\/p>\n<p>\n        16:38 Uhr\n    <\/p>\n<p>    Update: Mindestens 21 Tote in Kiew bei schweren Luftangriffen auf Ukraine<\/p>\n<p>                    <a href=\"https:\/\/www.europesays.com\/de\/wp-content\/uploads\/2026\/07\/kiew-454.webp\" class=\"zoomimage\" title=\"Bild vergr\u00f6\u00dfern\"><\/p>\n<p>        <img decoding=\"async\" src=\"https:\/\/www.europesays.com\/de\/wp-content\/uploads\/2026\/07\/kiew-454.webp\" alt=\"Angriffe auf Kiew\" title=\"Rettungskr\u00e4fte sind nach einem russischen Angriff in Kiew mit der Brandbek\u00e4mpfung besch\u00e4ftigt. | picture alliance\/dpa\/AP | Efrem Lukatsky\" class=\"responsive\" loading=\"lazy\"\/><\/p>\n<p>                    <\/a><\/p>\n<p>                    Rettungskr\u00e4fte sind nach einem russischen Angriff in Kiew mit der Brandbek\u00e4mpfung besch\u00e4ftigt.<\/p>\n<p class=\"\">Bei den schweren russischen Luftangriffen sind in der ukrainischen Hauptstadt Kiew nach j\u00fcngsten Beh\u00f6rdenangaben mindestens 21 Menschen get\u00f6tet worden. Weitere 86 seien verletzt worden. Kiews B\u00fcrgermeister Vitali Klitschko sprach vom schwersten Angriff auf die ukrainische Hauptstadt seit Kriegsbeginn. Auch in anderen ukrainischen St\u00e4dten wie Saporischschja, Pawlohrad, Sumy und Charkiw gab es Explosionen. Laut dem ukrainischen Pr\u00e4sidenten Wolodymyr Selenskyj richtete sich der Hauptangriff jedoch gegen Kiew.<\/p>\n<p class=\"\">Nach Angaben der ukrainischen Luftwaffe setzte Russland bei dem Angriff 74 Raketen und 496 Drohnen ein. Luftwaffensprecher Juri Ihnat erkl\u00e4rte, die Zahl der ballistischen Raketen sei ungew\u00f6hnlich hoch und die Abfangquote niedrig gewesen. Russland bezeichnete den Gro\u00dfangriff als Vergeltung f\u00fcr ukrainische Angriffe auf zivile Infrastruktur. (Quellen: Reuters, dpa, AFP)<\/p>\n<p>        <img decoding=\"async\" src=\"https:\/\/www.europesays.com\/de\/wp-content\/uploads\/2026\/07\/ukraine-kiew-luftangriff-gebaeude-zerstoert-100.webp\" alt=\"Mehrere zerst\u00f6rte Geb\u00e4ude und Autos in Kiew. Feuerwehrm\u00e4nner und Rettungskr\u00e4fte sind vor Ort. \" title=\"Mehrere zerst\u00f6rte Geb\u00e4ude und Autos in Kiew. Feuerwehrm\u00e4nner und Rettungskr\u00e4fte sind vor Ort.  | Reuters\" class=\"responsive\" loading=\"lazy\"\/><\/p>\n<p>\n        13:46 Uhr\n    <\/p>\n<p>    Nord-Stream-Anschlag: Anklage des Generalbundesanwalts<\/p>\n<p class=\"\">Im Fall der gesprengten Nord-Stream-Pipelines hat der Generalbundesanwalt Anklage gegen den ukrainischen Offizier Serhii K. wegen eines Kriegsverbrechens, einer Sprengstoffexplosion und der Zerst\u00f6rung von Bauwerken erhoben. Das teilte die Bundesanwaltschaft. Das Verfahren soll vor dem Hanseatischen Oberlandesgericht in Hamburg stattfinden. Serhii K. bestreitet eine Beteiligung. (Quelle: Reuters)<\/p>\n<p>\n        13:27 Uhr\n    <\/p>\n<p>    Bundesregierung verurteilt Angriffe auf Kiew<\/p>\n<p class=\"\">Die Bundesregierung hat die j\u00fcngsten russischen Luftangriffe auf Kiew und weitere Teile der Ukraine auf das Sch\u00e4rfste verurteilt. Ein Sprecher des Ausw\u00e4rtigen Amts erkl\u00e4rte, die ersch\u00fctternden Bilder zeigten, dass Russland seinen v\u00f6lkerrechtswidrigen Angriffskrieg mit unverminderter Brutalit\u00e4t fortsetze. Russlands Pr\u00e4sident Wladimir Putin zeige keinerlei Verhandlungsbereitschaft. Er setze weiter auf Raketen- und Drohnenterror. (Quelle: Reuters)<\/p>\n<p>        <img decoding=\"async\" src=\"https:\/\/www.europesays.com\/de\/wp-content\/uploads\/2026\/07\/auswaertiges-amt-162.webp\" alt=\"Ausw\u00e4rtiges Amt\" title=\"Ausw\u00e4rtiges Amt | picture alliance\/dpa | Elisa Schu\" class=\"responsive\" loading=\"lazy\"\/><\/p>\n<p>Audio<\/p>\n<p>Die Bundesregierung hat die j\u00fcngsten russischen Luftangriffe auf Kiew und weitere Teile der Ukraine auf das Sch\u00e4rfste verurteilt.<\/p>\n<p>\n        08:01 Uhr\n    <\/p>\n<p>    Russland meldet einen Toten durch ukrainischen Drohnenangriff<\/p>\n<p class=\"\">Bei einem ukrainischen Drohnenangriff auf die zentralrussische Region Nischni Nowgorod ist nach Angaben der \u00f6rtlichen Beh\u00f6rden ein Mensch get\u00f6tet worden. Zudem seien vier Personen verletzt und eine Industrieanlage besch\u00e4digt worden, teilte Regionalgouverneur Gleb Nikitin mit. In der Region befindet sich unter anderem die Norsi-\u00d6lraffinerie, die zu den gr\u00f6\u00dften Raffinerien in Russland geh\u00f6rt. (Quelle: Reuters)<\/p>\n<p>\n        00:16 Uhr\n    <\/p>\n<p>    Studie: Mehr als zwei Millionen Soldaten Opfer im Ukraine-Krieg<\/p>\n<p class=\"\">In dem seit mehr als vier Jahren andauernden Ukraine-Krieg sind einer Studie zufolge mehr als zwei Millionen Soldaten get\u00f6tet, verletzt oder als vermisst gemeldet worden. &#8222;Die kombinierten russischen und ukrainischen Verluste haben zwei Millionen \u00fcberschritten&#8220;, hei\u00dft es in einer Studie des Zentrums f\u00fcr Strategische und Internationale Studien (CSIS) in Washington. Den Gro\u00dfteil der Verluste tragen demnach die russischen Streitkr\u00e4fte. (Quelle: AFP)<\/p>\n<p>\n        00:05 Uhr\n    <\/p>\n<p>    Die Ereignisse gestern \u2013 01. Juli 2026<\/p>\n<p class=\"\">Die ukrainischen Angriffe auf die russische \u00d6lindustrie und Logistik versch\u00e4rfen nach Ansicht von Ex-Nato-General Erhard B\u00fchler die Treibstoffkrise in Russland. Wie B\u00fchler im Podcast &#8222;Was tun, Herr General?&#8220; erkl\u00e4rte, wird in 78 russischen Regionen mittlerweile der Treibstoff knapp.<\/p>\n<p class=\"\">Nach den Nord-Stream-Anschl\u00e4gen hat die Bundesanwaltschaft Anklage gegen einen mutma\u00dflichen Drahtzieher erhoben. Das best\u00e4tigte die Kanzlei des angeklagten Ukrainers. Nach \u00fcbereinstimmenden Berichten werden dem Mann Kriegsverbrechen, das Herbeif\u00fchren einer Sprengstoffexplosion und die Zerst\u00f6rung von Bauwerken zur Last gelegt. Das Hanseatische Oberlandesgericht in Hamburg muss nun \u00fcber die Zulassung der Anklage und die Er\u00f6ffnung eines Prozesses entscheiden.<\/p>\n<p class=\"\">Bei einem russischen Raketenangriff sind nach ukrainischen Beh\u00f6rdenangaben im s\u00fcdukrainischen Gebiet Odessa mindestens zwei Menschen get\u00f6tet worden. 13 weitere seien verletzt worden, teilte Milit\u00e4rgouverneur Oleh Kiper auf Telegram mit.<\/p>\n<p class=\"\">Mitten im Geschichtsstreit mit Polen hat das Parlament der Ukraine mit gro\u00dfer Mehrheit die Errichtung eines &#8222;Pantheon&#8220; beschlossen. In der Gedenkst\u00e4tte in Kiew sollen &#8222;herausragende Vertreter der ukrainischen Nation&#8220; geehrt werden.<\/p>\n<p>\n        00:00 Uhr\n    <\/p>\n<p>    Ukraine-News am Mittwoch, 2. Juli 2026<\/p>\n<p class=\"\">Guten Tag! In unseren Ukraine-News halten wir Sie weiterhin \u00fcber die Entwicklungen im Krieg gegen die Ukraine auf dem aktuellen Stand. Alle wichtigen Nachrichten dazu erscheinen hier im Lauf des Tages.<\/p>\n<p class=\"\">Die Berichterstattung \u00fcber den Russland-Ukraine-Krieg ist komplex. Angaben zu Kriegsverlauf, Beschuss und Opfern durch offizielle Stellen der russischen und der ukrainischen Konfliktparteien k\u00f6nnen in der aktuellen Lage nicht unmittelbar von unabh\u00e4ngiger Stelle \u00fcberpr\u00fcft werden. Es gibt eine Vielzahl von Medienvertretern vor Ort, darunter auch unabh\u00e4ngige Journalisten aus verschiedenen L\u00e4ndern. Bei der Bewertung von Informationen sind verschiedene Quellen und eine kritische Haltung unerl\u00e4sslich, um ein m\u00f6glichst umfassendes Bild zu erhalten. Alles das ber\u00fccksichtigt der MDR in seinen Berichten \u00fcber den Russland-Ukraine-<a name=\"Krieg\">Krieg<\/a>.<\/p>\n<p>        <img decoding=\"async\" src=\"https:\/\/www.europesays.com\/de\/wp-content\/uploads\/2026\/06\/ukraine-276.webp\" alt=\"Rettungskr\u00e4fte beseitigen Tr\u00fcmmer und suchen nach Menschen in einem Wohnblock, der von einer Rakete getroffen wurde.\" title=\"Rettungskr\u00e4fte beseitigen Tr\u00fcmmer und suchen nach Menschen in einem Wohnblock, der von einer Rakete getroffen wurde. | picture alliance\/dpa\/Ukrinform | -\" class=\"responsive\" loading=\"lazy\"\/><\/p>\n<p>Nachrichten und Hintergr\u00fcnde<\/p>\n<p>Am 24. Februar 2022 hat Russland die Ukraine \u00fcberfallen. Doch die ukrainische Armee kann sich halten und konnte Gebiete zur\u00fcckerobern, der Westen unterst\u00fctzt sie. Aktuelle Nachrichten und Hintergr\u00fcnde.<\/p>\n<p>        <a href=\"https:\/\/www.mdr.de\/nachrichten\/podcast\/general\" aria-label=\"Zum Podcast: Was tun, Herr General? \u2013 der Podcast\" rel=\"nofollow noopener\" target=\"_blank\"><\/p>\n<p>        <img decoding=\"async\" src=\"https:\/\/www.europesays.com\/de\/wp-content\/uploads\/2026\/06\/podcast-cover-was-tun-herr-general-100.webp\" alt=\"Der fr\u00fchere NATO-General und Generalleutnant a.D. Erhard B\u00fchler\" title=\"Der fr\u00fchere NATO-General und Generalleutnant a.D. Erhard B\u00fchler | MDR \/ Erhard B\u00fchler \" class=\"responsive\" loading=\"lazy\"\/><\/p>\n<p>        <\/a><\/p>\n<p>Welche Strategien verfolgen die russische Angreifer, welche die ukrainischen Verteidiger? Einsch\u00e4tzungen zu milit\u00e4rischen Aspekten des Ukraine-Kriegs vom ehemaligen Nato-General Erhard B\u00fchler.<\/p>\n<p>        <a href=\"https:\/\/www.mdr.de\/nachrichten\/podcast\/ukrainekrieg\" aria-label=\"Zum Podcast: Putins Krieg \u2013 die Hintergr\u00fcnde\" rel=\"nofollow noopener\" target=\"_blank\"><\/p>\n<p>        <img decoding=\"async\" src=\"https:\/\/www.europesays.com\/de\/wp-content\/uploads\/2026\/06\/podcast-putins-krieg-100.webp\" alt=\"Podcast Putins Krieg\" title=\"Podcast Putins Krieg | dpa\/MDR\" class=\"responsive\" loading=\"lazy\"\/><\/p>\n<p>        <\/a><\/p>\n<p>Russland f\u00fchrt Krieg gegen die Ukraine. In diesem Podcast b\u00fcndeln wir Interviews und Berichte rund um den Ukraine-Krieg.<\/p>\n","protected":false},"excerpt":{"rendered":"Ukraine-News von MDR AKTUELL Stand: 02.07.2026 21:37 Uhr 21:27 Uhr Tote und Verletzte im S\u00fcdosten der Ukraine In&hellip;\n","protected":false},"author":2,"featured_media":1138202,"comment_status":"","ping_status":"","sticky":false,"template":"","format":"standard","meta":{"footnotes":"","_share_on_mastodon":"0"},"categories":[4012],"tags":[331,332,19533,10068,13,4046,14,15,14795,307,12,6016,11748,317],"class_list":["post-1138201","post","type-post","status-publish","format-standard","has-post-thumbnail","category-ukraine","tag-aktuelle-nachrichten","tag-aktuelle-news","tag-angriffe","tag-drohnen","tag-headlines","tag-krieg","tag-nachrichten","tag-news","tag-raketen","tag-russland","tag-schlagzeilen","tag-soldaten","tag-studie","tag-ukraine"],"share_on_mastodon":{"url":"https:\/\/pubeurope.com\/@de\/116852106316296696","error":""},"_links":{"self":[{"href":"https:\/\/www.europesays.com\/de\/wp-json\/wp\/v2\/posts\/1138201","targetHints":{"allow":["GET"]}}],"collection":[{"href":"https:\/\/www.europesays.com\/de\/wp-json\/wp\/v2\/posts"}],"about":[{"href":"https:\/\/www.europesays.com\/de\/wp-json\/wp\/v2\/types\/post"}],"author":[{"embeddable":true,"href":"https:\/\/www.europesays.com\/de\/wp-json\/wp\/v2\/users\/2"}],"replies":[{"embeddable":true,"href":"https:\/\/www.europesays.com\/de\/wp-json\/wp\/v2\/comments?post=1138201"}],"version-history":[{"count":0,"href":"https:\/\/www.europesays.com\/de\/wp-json\/wp\/v2\/posts\/1138201\/revisions"}],"wp:featuredmedia":[{"embeddable":true,"href":"https:\/\/www.europesays.com\/de\/wp-json\/wp\/v2\/media\/1138202"}],"wp:attachment":[{"href":"https:\/\/www.europesays.com\/de\/wp-json\/wp\/v2\/media?parent=1138201"}],"wp:term":[{"taxonomy":"category","embeddable":true,"href":"https:\/\/www.europesays.com\/de\/wp-json\/wp\/v2\/categories?post=1138201"},{"taxonomy":"post_tag","embeddable":true,"href":"https:\/\/www.europesays.com\/de\/wp-json\/wp\/v2\/tags?post=1138201"}],"curies":[{"name":"wp","href":"https:\/\/api.w.org\/{rel}","templated":true}]}}