{"id":1138353,"date":"2026-07-02T21:19:26","date_gmt":"2026-07-02T21:19:26","guid":{"rendered":"https:\/\/www.europesays.com\/de\/1138353\/"},"modified":"2026-07-02T21:19:26","modified_gmt":"2026-07-02T21:19:26","slug":"streit-ums-geld-neuer-eu-ratsvorsitz-warnt-merz-und-co-vor-extrempositionen-politik","status":"publish","type":"post","link":"https:\/\/www.europesays.com\/de\/1138353\/","title":{"rendered":"Streit ums Geld &#8211; Neuer EU-Ratsvorsitz warnt Merz und Co vor Extrempositionen &#8211; Politik"},"content":{"rendered":"<p data-manual=\"paragraph\" data-schema-org-speakable=\"true\" class=\"css-1eosz7k\">Cork (dpa) &#8211; Im Streit \u00fcber den n\u00e4chsten langfristigen EU-Haushalt warnt der neue irische EU-Ratsvorsitz <a href=\"https:\/\/www.sueddeutsche.de\/thema\/Deutschland\" rel=\"nofollow noopener\" target=\"_blank\">Deutschland<\/a> und andere Staaten vor dem Festhalten an Extrempositionen. \u201eOhne einen Kompromiss wird es keinen Haushalt geben\u201c, sagte der irische Regierungschef Miche\u00e1l Martin in einer Pressekonferenz zum Start der sechsmonatigen EU-Ratspr\u00e4sidentschaft seines Landes in Cork.<\/p>\n<p data-manual=\"paragraph\" data-schema-org-speakable=\"true\" class=\"css-1eosz7k\">Im Ringen um den neuen billionenschweren EU-Haushalt hatte Bundeskanzler <a href=\"https:\/\/www.sueddeutsche.de\/thema\/Friedrich_Merz\" rel=\"nofollow noopener\" target=\"_blank\">Friedrich Merz<\/a> zuvor deutliche K\u00fcrzungen gefordert. \u201eDer Vorschlag, den wir zurzeit haben, ist aus deutscher Sicht unbezahlbar und auch unausgewogen\u201c, sagte er beim Juni-Gipfel der europ\u00e4ischen Staats- und Regierungschefs.<\/p>\n<p data-manual=\"paragraph\" data-schema-org-speakable=\"true\" class=\"css-1eosz7k\">Nach einem Bericht der Nachrichtenagentur Reuters werden in einem internen Papier der Bundesregierung 400 Milliarden Euro als Gr\u00f6\u00dfenordnung f\u00fcr notwendige K\u00fcrzungen genannt. Dies w\u00fcrde einem Minus von etwa 20 Prozent im Vergleich zum Vorschlag der EU-Kommission entsprechen. Dieser sieht in aktuellen Preisen ein Budget in H\u00f6he von 1,98 Billionen Euro f\u00fcr die Jahre 2028 bis Ende 2034 vor &#8211; inflationsbereinigt sind es rund 1,76 Billionen Euro (zu Preisen von 2025).<\/p>\n<p data-manual=\"paragraph\" data-schema-org-speakable=\"true\" class=\"css-1eosz7k\">Das <a href=\"https:\/\/www.sueddeutsche.de\/thema\/Geld\" rel=\"nofollow noopener\" target=\"_blank\">Geld<\/a> soll unter anderem in Projekte f\u00fcr eine St\u00e4rkung der Wettbewerbsf\u00e4higkeit der europ\u00e4ischen Wirtschaft flie\u00dfen und Landwirte und einkommensschwache Regionen unterst\u00fctzen.<\/p>\n<p>Irland erwartet sehr schwierige Gespr\u00e4che<\/p>\n<p data-manual=\"paragraph\" data-schema-org-speakable=\"true\" class=\"css-1eosz7k\">Irlands Regierungschef Martin sagte nun in der Pressekonferenz, er erwarte eine \u201esehr, sehr harte Verhandlung\u201c und sprach von \u201ediametral entgegengesetzten Positionen\u201c einiger gr\u00f6\u00dferer Mitgliedstaaten bei der Frage, ob der Haushalt h\u00f6her oder niedriger ausfallen solle oder ob Schuldeninstrumente eingesetzt werden sollen. Als offen f\u00fcr umfangreiche neue EU-Schulden gelten beispielsweise Frankreich und Italien &#8211; Deutschland lehnt sie kategorisch ab.<\/p>\n<p data-manual=\"paragraph\" data-schema-org-speakable=\"true\" class=\"css-1eosz7k\"><a href=\"https:\/\/www.sueddeutsche.de\/thema\/Irland\" rel=\"nofollow noopener\" target=\"_blank\">Irland<\/a> will eigentlich bis Jahresende eine EU-Einigung \u00fcber den n\u00e4chsten langfristigen Haushalt erzielen.<\/p>\n<p data-manual=\"paragraph\" data-schema-org-speakable=\"true\" class=\"css-1eosz7k\">\u00a9 dpa-infocom, dpa:260702-930-324660\/1<\/p>\n","protected":false},"excerpt":{"rendered":"Cork (dpa) &#8211; Im Streit \u00fcber den n\u00e4chsten langfristigen EU-Haushalt warnt der neue irische EU-Ratsvorsitz Deutschland und andere&hellip;\n","protected":false},"author":2,"featured_media":1138354,"comment_status":"","ping_status":"","sticky":false,"template":"","format":"standard","meta":{"footnotes":"","_share_on_mastodon":"0"},"categories":[3933],"tags":[331,332,18062,31,114032,29,548,663,158,3934,3935,1721,775,666,1109,13,5300,14,15,16,12,149],"class_list":["post-1138353","post","type-post","status-publish","format-standard","has-post-thumbnail","category-eu","tag-aktuelle-nachrichten","tag-aktuelle-news","tag-budget","tag-cdu","tag-cork","tag-deutschland","tag-eu","tag-europa","tag-europaeische-union","tag-europe","tag-european-union","tag-finanzen","tag-friedrich-merz","tag-geld","tag-haushalt","tag-headlines","tag-irland","tag-nachrichten","tag-news","tag-politik","tag-schlagzeilen","tag-sueddeutsche-zeitung"],"share_on_mastodon":{"url":"https:\/\/pubeurope.com\/@de\/116852474963820831","error":""},"_links":{"self":[{"href":"https:\/\/www.europesays.com\/de\/wp-json\/wp\/v2\/posts\/1138353","targetHints":{"allow":["GET"]}}],"collection":[{"href":"https:\/\/www.europesays.com\/de\/wp-json\/wp\/v2\/posts"}],"about":[{"href":"https:\/\/www.europesays.com\/de\/wp-json\/wp\/v2\/types\/post"}],"author":[{"embeddable":true,"href":"https:\/\/www.europesays.com\/de\/wp-json\/wp\/v2\/users\/2"}],"replies":[{"embeddable":true,"href":"https:\/\/www.europesays.com\/de\/wp-json\/wp\/v2\/comments?post=1138353"}],"version-history":[{"count":0,"href":"https:\/\/www.europesays.com\/de\/wp-json\/wp\/v2\/posts\/1138353\/revisions"}],"wp:featuredmedia":[{"embeddable":true,"href":"https:\/\/www.europesays.com\/de\/wp-json\/wp\/v2\/media\/1138354"}],"wp:attachment":[{"href":"https:\/\/www.europesays.com\/de\/wp-json\/wp\/v2\/media?parent=1138353"}],"wp:term":[{"taxonomy":"category","embeddable":true,"href":"https:\/\/www.europesays.com\/de\/wp-json\/wp\/v2\/categories?post=1138353"},{"taxonomy":"post_tag","embeddable":true,"href":"https:\/\/www.europesays.com\/de\/wp-json\/wp\/v2\/tags?post=1138353"}],"curies":[{"name":"wp","href":"https:\/\/api.w.org\/{rel}","templated":true}]}}