{"id":1138544,"date":"2026-07-02T23:24:27","date_gmt":"2026-07-02T23:24:27","guid":{"rendered":"https:\/\/www.europesays.com\/de\/1138544\/"},"modified":"2026-07-02T23:24:27","modified_gmt":"2026-07-02T23:24:27","slug":"lasst-die-kirche-im-veedel","status":"publish","type":"post","link":"https:\/\/www.europesays.com\/de\/1138544\/","title":{"rendered":"Lasst die Kirche im Veedel!"},"content":{"rendered":"<p>\t\t\t<img decoding=\"async\" src=\"https:\/\/www.europesays.com\/de\/wp-content\/uploads\/2026\/07\/IMG_6265.jpg\" width=\"620px\" height=\"415px\"\/><\/p>\n<p class=\"urheber\">Freitag, 3. Juli 2026 | Text: <a href=\"https:\/\/www.meinesuedstadt.de\/author\/jeannette\/\" title=\"Beitr&#xE4;ge von Jeannette Fentro&#xDF;\" class=\"author url fn\" rel=\"author nofollow noopener\" target=\"_blank\">Jeannette Fentro\u00df<\/a>        \t\t\t | Bild:<br \/>\n\t\t\tJeannette Fentro\u00df\n\t\t\t          <\/p>\n<p class=\"lesezeit\">Gesch\u00e4tzte Lesezeit: 4 Minuten<\/p>\n<p>Rund 1.000 Menschen demonstrieren f\u00fcr den Erhalt der Lutherkirche in der K\u00f6lner S\u00fcdstadt. Ihre Klangdemo setzt ein deutliches Zeichen f\u00fcr Kultur, Begegnung und Demokratie.<\/p>\n<p>S\u00fcdst\u00e4dter*innen trommeln alle(s) zusammen<\/p>\n<p>Rund Tausend Menschen haben in der K\u00f6lner S\u00fcdstadt gegen die geplante Schlie\u00dfung der Lutherkirche protestiert. Sie zogen als Klangdemo vom Severinskirchplatz bis zur Lutherkirche und machten eindrucksvoll klar, welchen Stellenwert das Gotteshaus f\u00fcr das Viertel weit \u00fcber seine kirchliche Funktion hinaus hat. Und deshalb wollen sie es retten.<br \/>Gegen 18.15 Uhr setzte sich der Zug in Bewegung. Trotz des ernsten Anlasses erinnerte die Stimmung viele an den traditionellen S\u00fcdstadtzug zu Karneval \u2013 auf dessen Route, nur umgekehrt \u00fcber Severinstra\u00dfe, Chlodwigplatz und Merowingerstra\u00dfe bewegte sich bunte Menge begleitet von Musik, Trommeln und Gesang zur Lutherkirche.<\/p>\n<p><img fetchpriority=\"high\" decoding=\"async\" aria-describedby=\"caption-attachment-139297\" title=\"IMG_6259\" src=\"https:\/\/www.europesays.com\/de\/wp-content\/uploads\/2026\/07\/IMG_6259-620x465.jpeg\" alt=\"\" width=\"620\" height=\"465\" class=\"size-medium wp-image-139297\"  \/><\/p>\n<p id=\"caption-attachment-139297\" class=\"wp-caption-text\">Die Anh\u00e4nger*innen der Lutherkirche protestieren gegen das Verschwinden dieses \u201eDritten Ortes\u201c (Bild: Jeannette Fentro\u00df)<\/p>\n<p>11.111 Unterschriften \u2013 und es werden immer mehr<\/p>\n<p>Die Gr\u00fcnder der Initiative zur Rettung der Lutherkirche vermeldeten einen bemerkenswerten Erfolg. \u201eZu Beginn der Demo wurden genau 11.111 Unterschriften f\u00fcr die Rettung der Lutherkirche gez\u00e4hlt \u2013 inzwischen sind es noch viel mehr\u201c. Mit diesen Worten er\u00f6ffnete Initiator Jan Krauth\u00e4user die Kundgebung. Gleichzeitig machte er keinen Hehl aus seinen Gef\u00fchlen. \u201eIch bin traurig und zugleich w\u00fctend, dass ausgerechnet ein Ort f\u00fcr Weltmusik, Begegnung und kulturellen Austausch geschlossen werden soll\u201c.<\/p>\n<p><img loading=\"lazy\" decoding=\"async\" aria-describedby=\"caption-attachment-139296\" title=\"IMG_6257\" src=\"https:\/\/www.europesays.com\/de\/wp-content\/uploads\/2026\/07\/IMG_6257-620x465.jpeg\" alt=\"\" width=\"620\" height=\"465\" class=\"size-medium wp-image-139296\"  \/><\/p>\n<p id=\"caption-attachment-139296\" class=\"wp-caption-text\">Jan Krauth\u00e4user und Betsy de Torres geben alles f\u00fcr den Erhalt des kulturellen \u201eHerzens\u201c der S\u00fcdstadt (Bild: Jeannette Fentro\u00df)<\/p>\n<p>Emotionale Worte<\/p>\n<p>F\u00fcr viele Demonstrierende ist die Lutherkirche weit mehr als ein Gotteshaus. Sie gilt als eines der wichtigsten Zentren f\u00fcr Weltmusik, interkulturelle Begegnungen und gesellschaftliches Engagement in K\u00f6ln.<br \/>Besonders bewegend war die Er\u00f6ffnungsrede von Betsy de Torres, Mitinitiatorin der Rettungsinitiative. Sichtlich ger\u00fchrt schilderte sie ihre pers\u00f6nliche Verbindung zur Lutherkirche. \u201eIhr habt mein Herz ber\u00fchrt \u2013 ich habe G\u00e4nsehaut. Die Lutherkirche ist ein besonderer Ort. Die Musik und die Veranstaltungen haben meinen kulturellen Horizont erweitert\u201c. Ihre Worte spiegelten die Stimmung vieler Teilnehmer*innen wider. Immer wieder wurde deutlich, dass die Lutherkirche f\u00fcr zahlreiche Menschen ein Ort pers\u00f6nlicher Erinnerungen, kultureller Vielfalt und soziale Heimat geworden ist.<\/p>\n<p>Das kulturelle Herz der S\u00fcdstadt<\/p>\n<p>Der langj\u00e4hrige Pfarrer der Lutherkirche, Hans M\u00f6rtter, sprach von einem au\u00dfergew\u00f6hnlichen Tag. \u201eHeute sind rund 1.000 Menschen auf die Stra\u00dfe gegangen, um gegen die Schlie\u00dfung des kulturellen Herzens der K\u00f6lner S\u00fcdstadt zu demonstrieren\u201c. M\u00f6rtter hatte die Gemeinde \u00fcber Jahrzehnte gepr\u00e4gt und den Verein \u201eS\u00fcdstadt Leben\u201c mit aufgebaut. F\u00fcr ihn steht fest, dass mit einer Schlie\u00dfung weit mehr verloren ginge als ein Kirchengeb\u00e4ude.<\/p>\n<p><img loading=\"lazy\" decoding=\"async\" aria-describedby=\"caption-attachment-139293\" title=\"IMG_6283\" src=\"https:\/\/www.europesays.com\/de\/wp-content\/uploads\/2026\/07\/IMG_6283-620x465.jpeg\" alt=\"\" width=\"620\" height=\"465\" class=\"size-medium wp-image-139293\"  \/><\/p>\n<p id=\"caption-attachment-139293\" class=\"wp-caption-text\">Jan Krauth\u00e4user (li.) Mit Sonja Grupe und Hans M\u00f6rtter auf er B\u00fchne im Innenhof der Lutherkirche (Bild: Jeannette Fentro\u00df)<\/p>\n<p>Ein Abend voller Musik und Solidarit\u00e4t<\/p>\n<p>Nach der Demonstration verwandelte sich der Innenhof der Lutherkirche in eine gro\u00dfe Open-Air-B\u00fchne. Mehr als dreieinhalb Stunden lang gestalteten Musikerinnen und Musiker, Ch\u00f6re, Bands und S\u00e4ngerinnen und S\u00e4nger ein beeindruckendes Programm.<br \/>Die Atmosph\u00e4re erinnerte eher an ein gro\u00dfes Musikfestival als an eine Protestveranstaltung. Das Publikum feierte gemeinsam alles, f\u00fcr das die Lutherkirche seit Jahren steht.<\/p>\n<p>Pers\u00f6nliche Erinnerungen zeigen die Bedeutung des Ortes<\/p>\n<p>Besonders bewegend waren die zahlreichen pers\u00f6nlichen Geschichten, die Besucherinnen und Besucher miteinander teilten. Immer wieder wurde deutlich, wie eng die Lutherkirche mit den Lebenswegen vieler Menschen verbunden ist. \u201eMeine Kinder wurden hier getauft.\u201c \u201eMeine Eltern haben hier geheiratet.\u201c \u201eUnsere Kita bekam zur Er\u00f6ffnung vor 50 Jahren hier kostenfreie R\u00e4ume, bevor wir in geeignete R\u00e4umlichkeiten umziehen konnten\u201c.<br \/>Diese Erinnerungen machen deutlich, dass die Lutherkirche weit mehr ist als ein Ort f\u00fcr Gottesdienste oder generell Veranstaltungsort. F\u00fcr viele Menschen ist sie Teil ihrer eigenen Familiengeschichte.<\/p>\n<p><img loading=\"lazy\" decoding=\"async\" aria-describedby=\"caption-attachment-139294\" title=\"IMG_6285\" src=\"https:\/\/www.europesays.com\/de\/wp-content\/uploads\/2026\/07\/IMG_6285-620x385.jpeg\" alt=\"\" width=\"620\" height=\"385\" class=\"size-medium wp-image-139294\"  \/><\/p>\n<p id=\"caption-attachment-139294\" class=\"wp-caption-text\">Ch\u00f6re, Bands, Orchester, S\u00e4nger*innen \u2013 sie alle traten auf f\u00fcr den Erhalt des Ortes \u201eLutherkirche\u201c (Bild: Jeannette Fentro\u00df)<\/p>\n<p>Verein ruft zur weiteren Unterst\u00fctzung auf<\/p>\n<p>Sonja Gruppe vom Verein \u201eS\u00fcdstadt Leben\u201c bedankte sich bei allen Unterst\u00fctzer*innen der Demonstration und appellierte an die Besucher*innen, die verbleibenden Veranstaltungen bis zum Jahresende zu besuchen. Die Botschaft sei eindeutig: Jede Veranstaltung sei zugleich ein Zeichen f\u00fcr den Erhalt dieses besonderen Ortes.<\/p>\n<p>Warum die Lutherkirche so besonders ist<br \/>Die Lutherkirche gilt seit vielen Jahren als einer der bedeutendsten Kulturorte der K\u00f6lner S\u00fcdstadt. Neben Gottesdiensten finden dort Konzerte internationaler K\u00fcnstler, Lesungen, interkulturelle Festivals, soziale Projekte, Nachbarschaftshilfe, Diskussionsveranstaltungen und Familienfeste statt. Projekte wie das Menschensinfonieorchester, die Weihnachtswunschaktion f\u00fcr Kinder \u00f6konomisch benachteiligter Familien oder zahlreiche Community-Angebote unterschiedlichster Kulturen haben hier ihre Heimat gefunden.<br \/>F\u00fcr viele Menschen ist die Lutherkirche deshalb ein sogenannter \u201eDritter Ort\u201c \u2013 ein Platz, an dem Menschen unabh\u00e4ngig von Herkunft, Religion oder sozialem Status zusammenkommen, ohne etwas konsumieren zu m\u00fcssen.<\/p>\n<p>Breite Unterst\u00fctzung aus Kultur und Gesellschaft<\/p>\n<p>Die Rettungsinitiative wird von zahlreichen bekannten Pers\u00f6nlichkeiten unterst\u00fctzt. Musiker Klaus der Geiger bezeichnet die Lutherkirche als einen der wichtigsten Orte K\u00f6lns: \u201eDie Lutherkirche ist ein kulturell wichtiger Anziehungspunkt f\u00fcr die S\u00fcdstadt und eigentlich f\u00fcr ganz K\u00f6ln. Es w\u00e4re ein gro\u00dfer Verlust, wenn dieses Programm verschwinden w\u00fcrde\u201c. Kabarettistin Biggi Wanninger betont die gesellschaftliche Bedeutung des Hauses: \u201eKunst und Kultur sind Futter f\u00fcr die Seele und sozialer Klebstoff zwischen den Menschen. Genau das wird mit der Lutherkirche verbunden\u201c. Auch Musiker Richard Bargel findet deutliche Worte: \u201eDie Lutherkirche ist die Seele des Veedels. Die Menschen brauchen diesen Ort, um Kraft, Zuversicht, Freude und Zuwendung zu erfahren\u201c. Journalist Martin Stankowski fasst die Situation mit einem Satz zusammen: \u201eJetzt hat die Kirche schon mal einen Ort, an dem wirklich etwas los ist \u2013 und genau den will sie schlie\u00dfen?\u201c.<\/p>\n<p>Die Sicht der Evangelischen Gemeinde<\/p>\n<p>Die Evangelische Gemeinde K\u00f6ln betont, dass ihr die Entscheidung nicht leicht gefallen sei. Als Gr\u00fcnde nennt sie den erheblichen Sanierungsbedarf des Geb\u00e4udes, sinkende Mitgliederzahlen, r\u00fcckl\u00e4ufige Kirchensteuereinnahmen sowie die Vorgaben zur Klimaneutralit\u00e4t bis 2035. Pfarrer Markus Herzberg, Vorsitzender des Leitungsgremiums, erkl\u00e4rt in einer Pressemitteilung \u201eWir k\u00f6nnen die Trauer vieler Menschen gut nachvollziehen und teilen ihre Entt\u00e4uschung. Gleichzeitig tragen wir Verantwortung f\u00fcr die Zukunft der gesamten Gemeinde\u201c.<br \/>Nach Angaben der Gemeinde sei die Entwidmung lediglich der erste Schritt. Langfristig solle auf dem Gel\u00e4nde ein sozial und diakonisch gepr\u00e4gter Begegnungsort entstehen. <\/p>\n<p>Die Initiative \u201eRettet die Lutherkirche\u201c fordert die Aussetzung der Entwidmung bis zu einer offenen Diskussion mit der Stadtgesellschaft, den dauerhaften Erhalt der Lutherkirche als Kultur- und Begegnungszentrum und eine verbindliche Beteiligung von B\u00fcrgerinnen und B\u00fcrgern an den Entscheidungen \u00fcber die Zukunft des Geb\u00e4udes.<\/p>\n<p><img loading=\"lazy\" decoding=\"async\" aria-describedby=\"caption-attachment-139292\" title=\"IMG_6279\" src=\"https:\/\/www.europesays.com\/de\/wp-content\/uploads\/2026\/07\/IMG_6279-620x465.jpeg\" alt=\"\" width=\"620\" height=\"465\" class=\"size-medium wp-image-139292\"  \/><\/p>\n<p id=\"caption-attachment-139292\" class=\"wp-caption-text\">Hans M\u00f6rtter (re.) ist schon l\u00e4ngst nicht mehr Pfarrer hier, doch den sozialen Geist, die Nachbarschaftshilfe und das Verbindende f\u00fcr verschiedene Kulturen will er erhalten wissen (Bild: Jeannette Fentro\u00df)<\/p>\n<p>Ein Abend, der Hoffnung machte<\/p>\n<p>Die Klangdemo hat eindrucksvoll gezeigt, wie stark der Widerstand der Nutzer*innen gegen das Verschwinden dieses Ortes f\u00fcr alle ist. Ob die breite Unterst\u00fctzung aus B\u00fcrgerschaft, Kultur und Politik ausreichen wird, die bereits beschlossene Entwidmung noch zu verhindern oder den Verlauf des Prozesses zu ver\u00e4ndern, bleibt offen. Sicher ist jedoch, dass die daf\u00fcr <a href=\"https:\/\/weact.campact.de\/petitions\/rettet-die-lutherkirche-keine-schliessung-des-kulturellen-herzens-der-kolner-sudstadt\" target=\"_blank\" rel=\"nofollow noopener\">gestartete Petition<\/a> noch unterzeichnet werden kann.<\/p>\n<p class=\"author_single_big\">\n\t\t\tText:  <a href=\"https:\/\/www.meinesuedstadt.de\/author\/jeannette\/\" rel=\"nofollow noopener\" target=\"_blank\">Jeannette Fentro\u00df<\/a>\n\t\t<\/p>\n<p class=\"meta_data\">\n\t\t\tVer\u00f6ffentlich in <a href=\"https:\/\/www.meinesuedstadt.de\/suedstadt\/\" rel=\"category tag nofollow noopener\" target=\"_blank\">S\u00fcdstadt<\/a> mit <a href=\"https:\/\/www.meinesuedstadt.de\/tag\/herz-der-suedstadt\/\" rel=\"tag nofollow noopener\" target=\"_blank\">herz der S\u00fcdstadt<\/a>, <a href=\"https:\/\/www.meinesuedstadt.de\/tag\/interkultur\/\" rel=\"tag nofollow noopener\" target=\"_blank\">Interkultur<\/a>, <a href=\"https:\/\/www.meinesuedstadt.de\/tag\/lutherische\/\" rel=\"tag nofollow noopener\" target=\"_blank\">Lutherische<\/a>, <a href=\"https:\/\/www.meinesuedstadt.de\/tag\/weltmusik\/\" rel=\"tag nofollow noopener\" target=\"_blank\">Weltmusik<\/a><\/p>\n<p>\t\t<a href=\"https:\/\/www.paypal.com\/donate\/?hosted_button_id=YUSX5FAK4HM7E\" target=\"_blank\" rel=\"nofollow noopener\"><\/p>\n<p>\t\t\t\t\tIn eigener Sache<br \/>\n\t\t\t\t\tDir gef\u00e4llt unsere Arbeit?<\/p>\n<p>meinesuedstadt.de finanziert sich durch Partnerprofile und Werbung. Beide Einnahmequellen sind in den letzten Monaten stark zur\u00fcckgegangen.<\/p>\n<p>Solltest Du unsere unabh\u00e4ngige Berichterstattung sch\u00e4tzen, kannst Du uns mit einer kleinen Spende unterst\u00fctzen.<\/p>\n<p><strong>Paypal &#8211; danke@meinesuedstadt.de<\/strong><\/p>\n<p>\t\t<\/a><\/p>\n","protected":false},"excerpt":{"rendered":"Freitag, 3. Juli 2026 | Text: Jeannette Fentro\u00df | Bild: Jeannette Fentro\u00df Gesch\u00e4tzte Lesezeit: 4 Minuten Rund 1.000&hellip;\n","protected":false},"author":2,"featured_media":1138545,"comment_status":"","ping_status":"","sticky":false,"template":"","format":"standard","meta":{"footnotes":"","_share_on_mastodon":"0"},"categories":[1828],"tags":[29,30,239617,19730,1420,239618,1209,44725],"class_list":["post-1138544","post","type-post","status-publish","format-standard","has-post-thumbnail","category-koeln","tag-deutschland","tag-germany","tag-herz-der-suedstadt","tag-interkultur","tag-koeln","tag-lutherische","tag-nordrhein-westfalen","tag-weltmusik"],"share_on_mastodon":{"url":"","error":""},"_links":{"self":[{"href":"https:\/\/www.europesays.com\/de\/wp-json\/wp\/v2\/posts\/1138544","targetHints":{"allow":["GET"]}}],"collection":[{"href":"https:\/\/www.europesays.com\/de\/wp-json\/wp\/v2\/posts"}],"about":[{"href":"https:\/\/www.europesays.com\/de\/wp-json\/wp\/v2\/types\/post"}],"author":[{"embeddable":true,"href":"https:\/\/www.europesays.com\/de\/wp-json\/wp\/v2\/users\/2"}],"replies":[{"embeddable":true,"href":"https:\/\/www.europesays.com\/de\/wp-json\/wp\/v2\/comments?post=1138544"}],"version-history":[{"count":0,"href":"https:\/\/www.europesays.com\/de\/wp-json\/wp\/v2\/posts\/1138544\/revisions"}],"wp:featuredmedia":[{"embeddable":true,"href":"https:\/\/www.europesays.com\/de\/wp-json\/wp\/v2\/media\/1138545"}],"wp:attachment":[{"href":"https:\/\/www.europesays.com\/de\/wp-json\/wp\/v2\/media?parent=1138544"}],"wp:term":[{"taxonomy":"category","embeddable":true,"href":"https:\/\/www.europesays.com\/de\/wp-json\/wp\/v2\/categories?post=1138544"},{"taxonomy":"post_tag","embeddable":true,"href":"https:\/\/www.europesays.com\/de\/wp-json\/wp\/v2\/tags?post=1138544"}],"curies":[{"name":"wp","href":"https:\/\/api.w.org\/{rel}","templated":true}]}}