{"id":113859,"date":"2025-05-16T00:49:17","date_gmt":"2025-05-16T00:49:17","guid":{"rendered":"https:\/\/www.europesays.com\/de\/113859\/"},"modified":"2025-05-16T00:49:17","modified_gmt":"2025-05-16T00:49:17","slug":"bocholt-liest-bestsellerautor-carsten-henn-stellt-zwei-seiner-buecher-vor","status":"publish","type":"post","link":"https:\/\/www.europesays.com\/de\/113859\/","title":{"rendered":"Bocholt liest! \u2013 Bestsellerautor Carsten Henn stellt zwei seiner B\u00fccher vor"},"content":{"rendered":"<p><a class=\"steady-login-button\" data-size=\"small\" data-language=\"de\" style=\"display: none;\"\/><\/p>\n<p>Carsten Henn, Bestsellerautor und einer der bekanntesten Stimmen der deutschen kulinarischen Literatur kommt zu \u201eBocholt liest!\u201c. Am 3. Juni liest er in der Stadtbibliothek aus seinen B\u00fcchern \u201eDer Buchspazierer\u201c und \u201eDie Butterbrotbriefe\u201c. Karten k\u00f6nnen verg\u00fcnstigt im Vorverkauf oder an der Abendkasse erworben werden.<\/p>\n<p>Carsten Henn schreibt Schicksalsromane mitten aus dem Leben und bezaubert mit seinen Geschichten ein breites Publikum. Seine B\u00fccher werden oft als warmherzig, inspirierend und poetisch beschrieben. Sie zeichnen sich durch feinsinnigen Humor und ein tiefes Gesp\u00fcr f\u00fcr die kleinen Dinge des Alltags aus.<\/p>\n<p>Wohlf\u00fchlromane \u00fcber B\u00fccher und das Leben<br \/>F\u00fcr die Lesung am 3. Juni hat der Autor gleich zwei seiner Werke im Gep\u00e4ck, die auf ganz unterschiedliche Art zum Nachdenken anregen. \u201eDer Buchspazierer\u201c \u2013 sein bekanntester Roman \u2013 thematisiert Freundschaft, das \u00c4lterwerden und die Magie der B\u00fccher. Es ist die Geschichte von Buchh\u00e4ndler Carl Christian Kollhoff und seiner Verbundenheit zu dem kleinen M\u00e4dchen Schascha.<\/p>\n<p>\u201eDie Butterbrotbriefe\u201c erz\u00e4hlen ebenfalls vom Schicksal, doch auch vom Loslassen und vom Neuanfangen. Es geht um Kati Waldstein, die ein neues Leben beginnen will und Abschiedsbriefe f\u00fcr alle schreibt, die sie gepr\u00e4gt haben \u2013 und das auf Butterbrotpapier.<\/p>\n<p>\u201eDie B\u00fccher von Carsten Henn k\u00f6nnte ich immer wieder lesen \u2013 oder im Falle des Buchspazierers mit dem Film mit Christoph Maria Herbst \u2013 auch immer wieder schauen\u201c, so Klaudia Kroesen aus der Stadtbibliothek. Sie freut sich auf den Besuch von Carsten Henn und auf eine \u201eliterarische Reise f\u00fcr Herz und Geist\u201c am Tag der Lesung.<\/p>\n<p>Anmeldungen in der VHS und in der Stadtbibliothek<br \/>Die Veranstaltung findet am 3. Juni im Foyer der Stadtbibliothek Bocholt um 19.30 Uhr statt. Der Einlass beginnt um 19 Uhr. Tickets gibt es im Vorverkauf f\u00fcr 9 Euro unter www.vhs-bocholt.de, in der Gesch\u00e4ftsstelle der VHS oder in der Stadtbibliothek. F\u00fcr 10 Euro sind Tickets auch an der Abendkasse erh\u00e4ltlich.<\/p>\n<p>Die Lesung wird unterst\u00fctzt vom Verein der Freunde und F\u00f6rderer der Volkshochschule Bocholt-Rhede-Isselburg, Stadtbibliothek und JUNGE UNI in Bocholt e.V.<\/p>\n","protected":false},"excerpt":{"rendered":"Carsten Henn, Bestsellerautor und einer der bekanntesten Stimmen der deutschen kulinarischen Literatur kommt zu \u201eBocholt liest!\u201c. Am 3.&hellip;\n","protected":false},"author":2,"featured_media":113860,"comment_status":"","ping_status":"","sticky":false,"template":"","format":"standard","meta":{"footnotes":""},"categories":[1774],"tags":[1784,1785,29,214,30,215],"class_list":{"0":"post-113859","1":"post","2":"type-post","3":"status-publish","4":"format-standard","5":"has-post-thumbnail","7":"category-buecher","8":"tag-books","9":"tag-buecher","10":"tag-deutschland","11":"tag-entertainment","12":"tag-germany","13":"tag-unterhaltung"},"share_on_mastodon":{"url":"https:\/\/pubeurope.com\/@de\/114514766597910753","error":""},"_links":{"self":[{"href":"https:\/\/www.europesays.com\/de\/wp-json\/wp\/v2\/posts\/113859","targetHints":{"allow":["GET"]}}],"collection":[{"href":"https:\/\/www.europesays.com\/de\/wp-json\/wp\/v2\/posts"}],"about":[{"href":"https:\/\/www.europesays.com\/de\/wp-json\/wp\/v2\/types\/post"}],"author":[{"embeddable":true,"href":"https:\/\/www.europesays.com\/de\/wp-json\/wp\/v2\/users\/2"}],"replies":[{"embeddable":true,"href":"https:\/\/www.europesays.com\/de\/wp-json\/wp\/v2\/comments?post=113859"}],"version-history":[{"count":0,"href":"https:\/\/www.europesays.com\/de\/wp-json\/wp\/v2\/posts\/113859\/revisions"}],"wp:featuredmedia":[{"embeddable":true,"href":"https:\/\/www.europesays.com\/de\/wp-json\/wp\/v2\/media\/113860"}],"wp:attachment":[{"href":"https:\/\/www.europesays.com\/de\/wp-json\/wp\/v2\/media?parent=113859"}],"wp:term":[{"taxonomy":"category","embeddable":true,"href":"https:\/\/www.europesays.com\/de\/wp-json\/wp\/v2\/categories?post=113859"},{"taxonomy":"post_tag","embeddable":true,"href":"https:\/\/www.europesays.com\/de\/wp-json\/wp\/v2\/tags?post=113859"}],"curies":[{"name":"wp","href":"https:\/\/api.w.org\/{rel}","templated":true}]}}