{"id":1138851,"date":"2026-07-03T02:25:17","date_gmt":"2026-07-03T02:25:17","guid":{"rendered":"https:\/\/www.europesays.com\/de\/1138851\/"},"modified":"2026-07-03T02:25:17","modified_gmt":"2026-07-03T02:25:17","slug":"merz-empfaengt-staats-und-regierungschefs-der-baltischen-staaten-in-berlin","status":"publish","type":"post","link":"https:\/\/www.europesays.com\/de\/1138851\/","title":{"rendered":"Merz empf\u00e4ngt Staats- und Regierungschefs der baltischen Staaten in Berlin"},"content":{"rendered":"<p class=\"mb-4 text-lg md:leading-8 break-words\">Bundeskanzler Friedrich Merz (CDU) empf\u00e4ngt am Freitag die Staats- und Regierungschefs der drei baltischen Staaten in Berlin. Zu dem Treffen im sogenannten B3+1-Format begr\u00fc\u00dft Merz nach Angaben der Bundesregierung Lettlands Regierungschef Andris Kulbergs, Estlands Regierungschef Kristen Michal und Litauens Pr\u00e4sidenten Gitanas Nauseda im Bundeskanzleramt. Das Treffen soll gegen 13.00 Uhr beginnen, im Anschluss ist ein gemeinsamer Pressetermin geplant.<\/p>\n<p class=\"mb-4 text-lg md:leading-8 break-words\">Bei ihrem Gespr\u00e4ch werden Merz und die Staats- und Regierungschefs der baltischen Staaten nach Angaben der Bundesregierung sicherheits- und verteidigungspolitische Themen sowie die weitere Unterst\u00fctzung der Ukraine besprechen. In dem Angriffskrieg, den Russland vor mehr als vier Jahren gegen die Ukraine begonnen hatte, geh\u00f6ren die baltischen Staaten zu den entschiedensten Unterst\u00fctzern Kiews. Zudem sollen in Berlin die Vorbereitungen des am 7. und 8. Juli im t\u00fcrkischen Ankara stattfindenden Nato-Gipfels besprochen werden.<\/p>\n<p class=\"mb-4 text-lg md:leading-8 break-words\">gav\/ju<\/p>\n","protected":false},"excerpt":{"rendered":"Bundeskanzler Friedrich Merz (CDU) empf\u00e4ngt am Freitag die Staats- und Regierungschefs der drei baltischen Staaten in Berlin. Zu&hellip;\n","protected":false},"author":2,"featured_media":1138852,"comment_status":"","ping_status":"","sticky":false,"template":"","format":"standard","meta":{"footnotes":"","_share_on_mastodon":"0"},"categories":[1825],"tags":[239635,296,81089,6162,29,30,239636,39699],"class_list":["post-1138851","post","type-post","status-publish","format-standard","has-post-thumbnail","category-berlin","tag-baltischen-staaten","tag-berlin","tag-bundeskanzler-friedrich-merz","tag-chef","tag-deutschland","tag-germany","tag-lettlands-regierungschef-kulbergs","tag-regierungschefs"],"share_on_mastodon":{"url":"https:\/\/pubeurope.com\/@de\/116853678141220830","error":""},"_links":{"self":[{"href":"https:\/\/www.europesays.com\/de\/wp-json\/wp\/v2\/posts\/1138851","targetHints":{"allow":["GET"]}}],"collection":[{"href":"https:\/\/www.europesays.com\/de\/wp-json\/wp\/v2\/posts"}],"about":[{"href":"https:\/\/www.europesays.com\/de\/wp-json\/wp\/v2\/types\/post"}],"author":[{"embeddable":true,"href":"https:\/\/www.europesays.com\/de\/wp-json\/wp\/v2\/users\/2"}],"replies":[{"embeddable":true,"href":"https:\/\/www.europesays.com\/de\/wp-json\/wp\/v2\/comments?post=1138851"}],"version-history":[{"count":0,"href":"https:\/\/www.europesays.com\/de\/wp-json\/wp\/v2\/posts\/1138851\/revisions"}],"wp:featuredmedia":[{"embeddable":true,"href":"https:\/\/www.europesays.com\/de\/wp-json\/wp\/v2\/media\/1138852"}],"wp:attachment":[{"href":"https:\/\/www.europesays.com\/de\/wp-json\/wp\/v2\/media?parent=1138851"}],"wp:term":[{"taxonomy":"category","embeddable":true,"href":"https:\/\/www.europesays.com\/de\/wp-json\/wp\/v2\/categories?post=1138851"},{"taxonomy":"post_tag","embeddable":true,"href":"https:\/\/www.europesays.com\/de\/wp-json\/wp\/v2\/tags?post=1138851"}],"curies":[{"name":"wp","href":"https:\/\/api.w.org\/{rel}","templated":true}]}}