{"id":113888,"date":"2025-05-16T01:04:11","date_gmt":"2025-05-16T01:04:11","guid":{"rendered":"https:\/\/www.europesays.com\/de\/113888\/"},"modified":"2025-05-16T01:04:11","modified_gmt":"2025-05-16T01:04:11","slug":"floeha-sucht-die-super-ente","status":"publish","type":"post","link":"https:\/\/www.europesays.com\/de\/113888\/","title":{"rendered":"Fl\u00f6ha sucht die Super-Ente"},"content":{"rendered":"<p class=\"bold\">\n\t\t\t\t\t\t\t\t\t\tDie Wohnungsgenossenschaft Fl\u00f6ha veranstaltet am Sonntag ein besonderes Spektakel. Die G\u00e4ste sind dabei nicht nur Zuschauer. Vielmehr k\u00f6nnen sie dabei gewinnen.\t\t\t\t<\/p>\n<p>\t\t\t\t In Fl\u00f6ha besteht am Sonntag die M\u00f6glichkeit, Spannung zu erleben, Spa\u00df zu haben, sich bei einem Spaziergang zu bewegen und sogar die Chance zu haben, einen Gewinn einzustreichen. Diese Mischung macht die 5. Auflage des Entenrennens der Wohnungsgenossenschaft Fl\u00f6ha und Umgebung m\u00f6glich, die am 18. Mai gestartet wird.<\/p>\n<p>\t\t<img decoding=\"async\" class=\"fp-plus-logo\" src=\"https:\/\/www.europesays.com\/de\/wp-content\/uploads\/2025\/04\/fpplus.svg.svg+xml\" alt=\"Freie Presse plus Logo\"\/><\/p>\n<p>Registrieren und testen.<\/p>\n<p>Jetzt mit Ihrer Registrierung 1 Monat gratis testen und alle Beitr\u00e4ge lesen.<\/p>\n<p>Schon Abonnent? Melden Sie sich mit ihren Zugangsdaten an.<\/p>\n","protected":false},"excerpt":{"rendered":"Die Wohnungsgenossenschaft Fl\u00f6ha veranstaltet am Sonntag ein besonderes Spektakel. Die G\u00e4ste sind dabei nicht nur Zuschauer. Vielmehr k\u00f6nnen&hellip;\n","protected":false},"author":2,"featured_media":113889,"comment_status":"","ping_status":"","sticky":false,"template":"","format":"standard","meta":{"footnotes":""},"categories":[1851],"tags":[2770,3364,29,548,663,3934,30,13,2839,14,15,859,12],"class_list":{"0":"post-113888","1":"post","2":"type-post","3":"status-publish","4":"format-standard","5":"has-post-thumbnail","7":"category-chemnitz","8":"tag-chemnitz","9":"tag-de","10":"tag-deutschland","11":"tag-eu","12":"tag-europa","13":"tag-europe","14":"tag-germany","15":"tag-headlines","16":"tag-kommunalpolitik","17":"tag-nachrichten","18":"tag-news","19":"tag-sachsen","20":"tag-schlagzeilen"},"share_on_mastodon":{"url":"https:\/\/pubeurope.com\/@de\/114514825475358875","error":""},"_links":{"self":[{"href":"https:\/\/www.europesays.com\/de\/wp-json\/wp\/v2\/posts\/113888","targetHints":{"allow":["GET"]}}],"collection":[{"href":"https:\/\/www.europesays.com\/de\/wp-json\/wp\/v2\/posts"}],"about":[{"href":"https:\/\/www.europesays.com\/de\/wp-json\/wp\/v2\/types\/post"}],"author":[{"embeddable":true,"href":"https:\/\/www.europesays.com\/de\/wp-json\/wp\/v2\/users\/2"}],"replies":[{"embeddable":true,"href":"https:\/\/www.europesays.com\/de\/wp-json\/wp\/v2\/comments?post=113888"}],"version-history":[{"count":0,"href":"https:\/\/www.europesays.com\/de\/wp-json\/wp\/v2\/posts\/113888\/revisions"}],"wp:featuredmedia":[{"embeddable":true,"href":"https:\/\/www.europesays.com\/de\/wp-json\/wp\/v2\/media\/113889"}],"wp:attachment":[{"href":"https:\/\/www.europesays.com\/de\/wp-json\/wp\/v2\/media?parent=113888"}],"wp:term":[{"taxonomy":"category","embeddable":true,"href":"https:\/\/www.europesays.com\/de\/wp-json\/wp\/v2\/categories?post=113888"},{"taxonomy":"post_tag","embeddable":true,"href":"https:\/\/www.europesays.com\/de\/wp-json\/wp\/v2\/tags?post=113888"}],"curies":[{"name":"wp","href":"https:\/\/api.w.org\/{rel}","templated":true}]}}