{"id":1138968,"date":"2026-07-03T03:34:18","date_gmt":"2026-07-03T03:34:18","guid":{"rendered":"https:\/\/www.europesays.com\/de\/1138968\/"},"modified":"2026-07-03T03:34:18","modified_gmt":"2026-07-03T03:34:18","slug":"vier-neu-eroeffneten-apotheken-im-ersten-halbjahr-stehen-14-schliessungen-gegenueber","status":"publish","type":"post","link":"https:\/\/www.europesays.com\/de\/1138968\/","title":{"rendered":"Vier neu er\u00f6ffneten Apotheken im ersten Halbjahr stehen 14 Schlie\u00dfungen gegen\u00fcber \/ &#8230;"},"content":{"rendered":"<p class=\"date\">03.07.2026 \u2013 04:30<\/p>\n<p class=\"customer\">\n                        <a class=\"story-customer\" title=\"weiter zum newsroom von Apothekerkammer Nordrhein\" href=\"https:\/\/www.presseportal.de\/nr\/15266\" rel=\"nofollow noopener\" target=\"_blank\">Apothekerkammer Nordrhein<\/a>\n                    <\/p>\n<p><a class=\"glightbox event-trigger\" href=\"https:\/\/cache.pressmailing.net\/thumbnail\/story_hires\/8149ec9f-cc3f-4572-9295-18d267489111\/2026-07-Apothekenzah~tock-1251717003.jpg.jpg\" data-description=\"Die Zahl der Apotheken in Nordrhein ist im ersten Halbjahr 2026 erneut gesunken. Gleichzeitig er\u00f6ffnet die Apothekenreform neue Perspektiven f\u00fcr die wohnortnahe Versorgung. \/ Weiterer Text \u00fcber ots und www.presseportal.de\/nr\/15266 \/ Die Verwendung dieses Bildes f\u00fcr redaktionelle Zwecke ist unter Beachtung aller mitgeteilten Nutzungsbedingungen zul\u00e4ssig und dann auch honorarfrei. Ver\u00f6ffentlichung ausschlie\u00dflich mit Bildrechte-Hinweis.\" data-category=\"medialightbox\" data-action=\"click\" data-label=\"single\" data-value=\"6a46775c270000fd2c17d4d1\" rel=\"nofollow noopener\" target=\"_blank\"><img decoding=\"async\" height=\"540\" with=\"720\" src=\"https:\/\/www.europesays.com\/de\/wp-content\/uploads\/2026\/07\/vier-neu-er-ffneten-apotheken-im-ersten-halbjahr-stehen-14-schlie-ungen-gegen-ber-trend-seit-25-jahr.jpeg\"   alt=\"Vier neu er\u00f6ffneten Apotheken im ersten Halbjahr stehen 14 Schlie\u00dfungen gegen\u00fcber \/ Trend seit 25 Jahren\" class=\"single\"\/><\/a><\/p>\n<p><a data-category=\"citylink-story-view\" data-action=\"click\" data-label=\"Citylink in Meldungsansicht\" class=\"story-city event-trigger\" href=\"https:\/\/www.presseportal.de\/regional\/D%FCsseldorf\" title=\"News aus D\u00fcsseldorf \" rel=\"nofollow noopener\" target=\"_blank\">D\u00fcsseldorf<\/a> (ots)<\/p>\n<p>Reform st\u00e4rkt Apotheken und soll angesichts anhaltender Schlie\u00dfungen wichtige Impulse setzen<\/p>\n<p> Die Zahl der \u00f6ffentlichen Apotheken im Kammerbezirk Nordrhein ist im ersten Halbjahr 2026 weiter gesunken. Zum Stichtag 1. Juli 2026 versorgten noch 1.886 Apotheken die Menschen zwischen Rhein und Ruhr und damit zehn weniger als zu Jahresbeginn (1.896). Insgesamt standen vier Neuer\u00f6ffnungen 14 Schlie\u00dfungen gegen\u00fcber. <\/p>\n<p> Die Auswirkungen der Apothekenschlie\u00dfungen sind regional unterschiedlich sp\u00fcrbar. W\u00e4hrend sich in l\u00e4ndlichen Regionen die Wege zur n\u00e4chsten Apotheke weiter verl\u00e4ngern, entstehen in den St\u00e4dten oft \u00fcbersehene Belastungen. Gerade in dicht besiedelten Regionen zeigt sich dieser Effekt zunehmend: weniger Standorte bei gleichbleibendem Versorgungsbedarf. <\/p>\n<p> &#8222;Gerade in gr\u00f6\u00dferen St\u00e4dten bleiben die Wege zur n\u00e4chstgelegenen Apotheke trotz Schlie\u00dfungen kurz. Aber die verbliebenen Betriebe m\u00fcssen die Patientinnen und Patienten der geschlossenen Apotheken mitversorgen&#8220;, erkl\u00e4rt Dr. Armin Hoffmann, Pr\u00e4sident der Apothekerkammer Nordrhein. &#8222;Das f\u00fchrt zwangsl\u00e4ufig zu l\u00e4ngeren Wartezeiten f\u00fcr Patientinnen und Patienten und einer deutlich h\u00f6heren Arbeitsbelastung f\u00fcr die Teams in den Apotheken. Den Trend, dass Quartal f\u00fcr Quartal mehr Apotheken schlie\u00dfen als neue er\u00f6ffnen, beobachten wir seit mehr als 25 Jahren.&#8220; <\/p>\n<p> Mit dem Inkrafttreten des Apothekenversorgungsweiterentwicklungsgesetzes (ApoVWG) werden dieses Jahr wichtige Verbesserungen auf den Weg gebracht. Apotheken k\u00f6nnen ihre Rolle in der Patientenversorgung weiter ausbauen. Neue pharmazeutische Dienstleistungen oder erweiterte Impfkompetenzen st\u00e4rken die wohnortnahe Versorgung &#8211; Apotheken sind Teil der Prim\u00e4rversorgung. <\/p>\n<p> &#8222;Die Reform geht grunds\u00e4tzlich in die richtige Richtung. Die zus\u00e4tzlichen Kompetenzen zeigen, wie wichtig Apotheken f\u00fcr eine moderne, niederschwellige Gesundheitsversorgung sind&#8220;, sagt Hoffmann. &#8222;Viele Apothekenteams k\u00f6nnen diese neuen M\u00f6glichkeiten schon bald aktiv nutzen und ihre Versorgungsangebote weiterentwickeln.&#8220; <\/p>\n<p> Auch wirtschaftlich gibt es durch das Gesetz ein lange erwartetes, positives Signal: Erstmals seit mehr als 13 Jahren gibt es eine Erh\u00f6hung des Apothekenhonorars. In einem ersten Schritt wird die Verg\u00fctung bereits zum 1. Juli 2026 von 8,35 Euro auf 9,00 Euro pro abgegebener verschreibungspflichtiger Packung erh\u00f6ht. Anfang 2027 soll eine Anhebung auf 9,50 Euro folgen. <\/p>\n<p> Gleichzeitig wird ein Teil der positiven Effekte durch neue gesetzliche Belastungen relativiert. Ein aktueller Regierungsentwurf zur Stabilisierung der Krankenkassen sieht vor, dass Apotheken k\u00fcnftig einen gr\u00f6\u00dferen Teil ihres Honorars an die gesetzlichen Krankenkassen zu Stabilisierung der GKV-Finanzen abf\u00fchren m\u00fcssen. Damit wird ein Teil der Honoraranhebung faktisch wieder aufgezehrt. <\/p>\n<p> &#8222;Dass das Honorar endlich angehoben wurde, ist ein wichtiger Schritt nach vorne&#8220;, sagt Hoffmann. &#8222;Wenn jetzt aber auf der anderen Seite die Honorarerh\u00f6hung wieder abgezweigt wird, droht der Effekt zu verpuffen&#8220;, warnt er jedoch. &#8222;F\u00fcr viele Betriebe bleibt die wirtschaftliche Perspektive damit unsicher.&#8220; <\/p>\n<p> Die Anforderungen an das Gesundheitssystem wachsen weiter. Insbesondere vor dem Hintergrund einer \u00e4lter werdenden Bev\u00f6lkerung gewinnt die Prim\u00e4rversorgung zunehmend an Bedeutung. Apotheken k\u00f6nnen hier einen wichtigen Beitrag leisten, um das System zu entlasten. Die Apothekenreform hat daf\u00fcr wichtige Voraussetzungen geschaffen. Entscheidend bleibt jedoch ein stabiles wirtschaftliches Fundament. <\/p>\n<p> &#8222;Apotheken sind ein unverzichtbarer Bestandteil der Gesundheitsversorgung &#8211; in der Stadt wie auf dem Land&#8220;, betont Hoffmann. &#8222;Damit das auch in der Zukunft so bleibt, brauchen die Betriebe verl\u00e4ssliche Rahmenbedingungen und echte wirtschaftliche Planungssicherheit.&#8220; <\/p>\n<p><b>\u00dcber uns: Apothekerkammer Nordrhein<\/b><\/p>\n<p> Die Apothekerkammer Nordrhein (AKNR) ist als K\u00f6rperschaft des \u00f6ffentlichen Rechts Tr\u00e4gerin der berufsst\u00e4ndischen Selbstverwaltung der Apothekerinnen und Apotheker, die in den Regierungsbezirken K\u00f6ln und D\u00fcsseldorf arbeiten oder leben. Sie vertritt die Interessen der \u00fcber 12.200 Kammerangeh\u00f6rigen, die in \u00f6ffentlichen Apotheken, Krankenh\u00e4usern, Wissenschaft, Industrie und Verwaltung oder bei der Bundeswehr t\u00e4tig sind. Die Apotheke vor Ort \u00fcbernimmt eine hoheitliche Aufgabe: die sichere, vom Heilberuf getragene, wohnortnahe Versorgung der Menschen mit Arznei- und Hilfsmitteln, 365 Tage im Jahr, rund um die Uhr. <\/p>\n<p><b>\u00dcbersicht Neuer\u00f6ffnungen und Schlie\u00dfungen \u00f6ffentlicher Apotheken<\/b><\/p>\n<p> Vor allem f\u00fcr regionale Medien steht eine \u00dcbersicht pro Kreisstelle auf der Internetseite der AKNR im Bereich &#8222;Presse&#8220; zur Verf\u00fcgung. F\u00fcr folgende Kreisstellen liegen detaillierte Informationen zu Schlie\u00dfungen und Neuer\u00f6ffnungen im ersten Quartal dieses Jahres vor: Bonn, Duisburg, D\u00fcren, D\u00fcsseldorf, Erftkreis, Essen, Euskirchen, Heinsberg, Kleve, K\u00f6ln, Krefeld, Leverkusen, Mettmann, M\u00f6nchengladbach, M\u00fclheim, Neuss, Oberbergischer Kreis, Oberhausen, Remscheid, Rhein-Berg.-Kreis, Rhein-Sieg-Kreis, Solingen, St\u00e4dteregion Aachen, Viersen, Wesel, Wuppertal. Die entsprechende Tabelle ist auch \u00fcber diesen Kurzlink zu erreichen:  <a target=\"_blank\" class=\"uri-ext outbound\" rel=\"noopener nofollow\" href=\"https:\/\/ak.nrw\/pm260702\">https:\/\/ak.nrw\/pm260702<\/a><\/p>\n<p class=\"contact-headline\">Pressekontakt:<\/p>\n<p class=\"contact-text\">Daniel B\u00f6hne<br \/>Referent Presse- und \u00d6ffentlichkeitsarbeit<br \/>Apothekerkammer Nordrhein<br \/>Poststr. 4<br \/>40213 D\u00fcsseldorf<br \/>Tel. 0211 8388-113<br \/><a target=\"_blank\" class=\"uri-ext outbound\" rel=\"noopener nofollow\" href=\"https:\/\/www.aknr.de\/presse\">https:\/\/www.aknr.de\/presse<\/a><\/p>\n<p class=\"originator\">Original-Content von: Apothekerkammer Nordrhein, \u00fcbermittelt durch news aktuell<\/p>\n","protected":false},"excerpt":{"rendered":"03.07.2026 \u2013 04:30 Apothekerkammer Nordrhein D\u00fcsseldorf (ots) Reform st\u00e4rkt Apotheken und soll angesichts anhaltender Schlie\u00dfungen wichtige Impulse setzen&hellip;\n","protected":false},"author":2,"featured_media":1138969,"comment_status":"","ping_status":"","sticky":false,"template":"","format":"standard","meta":{"footnotes":"","_share_on_mastodon":"0"},"categories":[1831],"tags":[3279,182443,3477,3364,29,3405,30,141,1209,6802,178,180,179,181],"class_list":["post-1138968","post","type-post","status-publish","format-standard","has-post-thumbnail","category-duesseldorf","tag-apotheken","tag-apothekenschlieungen","tag-bild","tag-de","tag-deutschland","tag-duesseldorf","tag-germany","tag-gesundheit","tag-nordrhein-westfalen","tag-pharmaindustrie","tag-presse","tag-pressemeldung","tag-pressemitteilung","tag-pressemitteilungen"],"share_on_mastodon":{"url":"https:\/\/pubeurope.com\/@de\/116853949518395118","error":""},"_links":{"self":[{"href":"https:\/\/www.europesays.com\/de\/wp-json\/wp\/v2\/posts\/1138968","targetHints":{"allow":["GET"]}}],"collection":[{"href":"https:\/\/www.europesays.com\/de\/wp-json\/wp\/v2\/posts"}],"about":[{"href":"https:\/\/www.europesays.com\/de\/wp-json\/wp\/v2\/types\/post"}],"author":[{"embeddable":true,"href":"https:\/\/www.europesays.com\/de\/wp-json\/wp\/v2\/users\/2"}],"replies":[{"embeddable":true,"href":"https:\/\/www.europesays.com\/de\/wp-json\/wp\/v2\/comments?post=1138968"}],"version-history":[{"count":0,"href":"https:\/\/www.europesays.com\/de\/wp-json\/wp\/v2\/posts\/1138968\/revisions"}],"wp:featuredmedia":[{"embeddable":true,"href":"https:\/\/www.europesays.com\/de\/wp-json\/wp\/v2\/media\/1138969"}],"wp:attachment":[{"href":"https:\/\/www.europesays.com\/de\/wp-json\/wp\/v2\/media?parent=1138968"}],"wp:term":[{"taxonomy":"category","embeddable":true,"href":"https:\/\/www.europesays.com\/de\/wp-json\/wp\/v2\/categories?post=1138968"},{"taxonomy":"post_tag","embeddable":true,"href":"https:\/\/www.europesays.com\/de\/wp-json\/wp\/v2\/tags?post=1138968"}],"curies":[{"name":"wp","href":"https:\/\/api.w.org\/{rel}","templated":true}]}}