{"id":1138984,"date":"2026-07-03T03:43:16","date_gmt":"2026-07-03T03:43:16","guid":{"rendered":"https:\/\/www.europesays.com\/de\/1138984\/"},"modified":"2026-07-03T03:43:16","modified_gmt":"2026-07-03T03:43:16","slug":"mieten-in-deutschen-grossstaedten-mieten-sind-in-den-groessten-deutschen-staedten-stark-gestiegen","status":"publish","type":"post","link":"https:\/\/www.europesays.com\/de\/1138984\/","title":{"rendered":"Mieten in deutschen Gro\u00dfst\u00e4dten: Mieten sind in den gr\u00f6\u00dften deutschen St\u00e4dten stark gestiegen"},"content":{"rendered":"<p class=\"paragraph article__item\">Die <a href=\"https:\/\/www.zeit.de\/thema\/miete\" target=\"_blank\" rel=\"nofollow noopener\">Mieten <\/a>in den 40 gr\u00f6\u00dften deutschen St\u00e4dten sind in den<br \/>\nvergangenen zehn Jahren um 51 Prozent gestiegen. Das zeigt eine Erhebung des<br \/>\n<a class=\"rtr-entity\" href=\"https:\/\/www.zeit.de\/thema\/dgb\" rel=\"nofollow noopener\" target=\"_blank\">Deutschen Gewerkschaftsbunds<\/a> (DGB) auf Basis von Daten des<br \/>\nMarktforschungsinstituts Empirica, die der Nachrichtenagentur dpa vorliegt.\n<\/p>\n<p class=\"paragraph article__item\">Die gr\u00f6\u00dfte der untersuchten St\u00e4dte war dabei <a href=\"https:\/\/www.zeit.de\/thema\/berlin\" target=\"_blank\" rel=\"nofollow noopener\">Berlin<\/a>. Dort stiegen<br \/>\ndemnach die Angebotsmieten zwischen Anfang 2016 und Anfang 2026 um 76,9 Prozent<br \/>\n\u2013 von durchschnittlich 8,93 Euro pro Quadratmeter auf 15,80 Euro. In der<br \/>\nzweitgr\u00f6\u00dften Metropole Hamburg erh\u00f6hten sich die <a class=\"rtr-entity\" href=\"https:\/\/www.zeit.de\/thema\/miete\" rel=\"nofollow noopener\" target=\"_blank\">Mieten<\/a> um 54,2 Prozent auf<br \/>\n16,18 Euro, und in M\u00fcnchen um 51,6 Prozent auf 23,26 Euro.\n<\/p>\n<p class=\"paragraph article__item\">In Rostock kam der Durchschnittsmietpreis pro Quadratmeter<br \/>\n2026 zwar bei vergleichsweise g\u00fcnstigen 11 Euro an. Dies stellte aber einen<br \/>\nprozentualen Anstieg um 83 Prozent gegen\u00fcber 2016 dar. In <a class=\"rtr-entity\" href=\"https:\/\/www.zeit.de\/thema\/luebeck\" rel=\"nofollow noopener\" target=\"_blank\">L\u00fcbeck<\/a> legten die Preise<br \/>\num 71,3 Prozent auf 12,52 Euro zu.\n<\/p>\n<p>            Mietenstopp-Aktionstage am Wochenende            <\/p>\n<p class=\"paragraph article__item\">Anl\u00e4sslich bundesweiter Mietenstopp-Aktionstage, die von<br \/>\ndiesem Freitag bis Sonntag stattfinden, fordert DGB-Vizechef Stefan K\u00f6rzell politische Ma\u00dfnahmen. Es sei n\u00f6tig, unter anderem mehr in den<br \/>\nsozialen und \u00f6ffentlichen Wohnungsbau zu investieren und sch\u00e4rfere Regeln gegen<br \/>\nMietwucher einzuf\u00fchren.\n<\/p>\n<p class=\"paragraph article__item\">Insbesondere warf K\u00f6rzell der <a href=\"https:\/\/www.zeit.de\/thema\/bundesregierung\" target=\"_blank\" rel=\"nofollow noopener\">schwarz-roten Koalition<\/a> vor,<br \/>\nbeim Wohngeld k\u00fcrzen zu wollen. \u00bbDamit setzt sie erneut den Rotstift bei den<br \/>\nSchw\u00e4chsten an, anstatt endlich diejenigen st\u00e4rker in die Verantwortung zu<br \/>\nnehmen, die \u00fcber gro\u00dfe Verm\u00f6gen und Erbschaften verf\u00fcgen\u00ab, sagte er der dpa.\n<\/p>\n<p>Mehr zum Thema<\/p>\n<p>            Mietpreise        <\/p>\n<p>                <a href=\"https:\/\/www.zeit.de\/wirtschaft\/2026-07\/mietenkataster-berlin-wohnraum-register-wuchermittel-transparenz\" data-ct-label=\"Mietenkataster f\u00fcr Berlin: So einfach findet ihr die Abzocker nicht\" data-uuid=\"6c0ee415-3c9c-4e9d-9ada-aaa48d112e57\" rel=\"nofollow noopener\" target=\"_blank\"><\/p>\n<p>        Z+ (abopflichtiger Inhalt);<\/p>\n<p>    Mietenkataster f\u00fcr Berlin:<br \/>\n                        So einfach findet ihr die Abzocker nicht<\/p>\n<p>                <\/a><\/p>\n<p>                <a href=\"https:\/\/www.zeit.de\/wirtschaft\/2026-02\/ueberhoehte-mieten-mietwucher-vermieter-sanktionen\" data-ct-label=\"\u00dcberh\u00f6hte Mieten: Versto\u00dfen manche Vermieter systematisch gegen das Gesetz?\" data-uuid=\"b3ea0e57-be73-4a6e-8ebe-3fab25a7a4d9\" rel=\"nofollow noopener\" target=\"_blank\"><\/p>\n<p>        Z+ (abopflichtiger Inhalt);<\/p>\n<p>    \u00dcberh\u00f6hte Mieten:<br \/>\n                        Versto\u00dfen manche Vermieter systematisch gegen das Gesetz?<\/p>\n<p>                <\/a><\/p>\n<p>                <a href=\"https:\/\/www.zeit.de\/geld\/2026-03\/wohnen-miete-finanzen-lage-vermieter\" data-ct-label=\"Wohnen: Sie wohnen zur Miete? Oh je\" data-uuid=\"be10b7af-38b0-4e7d-8662-33b74ca2fa8b\" rel=\"nofollow noopener\" target=\"_blank\"><\/p>\n<p>        Z+ (abopflichtiger Inhalt);<\/p>\n<p>    Wohnen:<br \/>\n                        Sie wohnen zur Miete? Oh je<\/p>\n<p>                <\/a><\/p>\n","protected":false},"excerpt":{"rendered":"Die Mieten in den 40 gr\u00f6\u00dften deutschen St\u00e4dten sind in den vergangenen zehn Jahren um 51 Prozent gestiegen.&hellip;\n","protected":false},"author":2,"featured_media":1138985,"comment_status":"","ping_status":"","sticky":false,"template":"","format":"standard","meta":{"footnotes":"","_share_on_mastodon":"0"},"categories":[1827],"tags":[32246,772,296,29,619,30,19387,2858,3317,239651,1268,239652,55],"class_list":["post-1138984","post","type-post","status-publish","format-standard","has-post-thumbnail","category-muenchen","tag-wohnraum","tag-bayern","tag-berlin","tag-deutschland","tag-dgb","tag-germany","tag-grossstadt","tag-luebeck","tag-miete","tag-mieten-in-deutschen-grossstaedten","tag-muenchen","tag-stefan-koerzell","tag-wirtschaft"],"share_on_mastodon":{"url":"https:\/\/pubeurope.com\/@de\/116853984960353505","error":""},"_links":{"self":[{"href":"https:\/\/www.europesays.com\/de\/wp-json\/wp\/v2\/posts\/1138984","targetHints":{"allow":["GET"]}}],"collection":[{"href":"https:\/\/www.europesays.com\/de\/wp-json\/wp\/v2\/posts"}],"about":[{"href":"https:\/\/www.europesays.com\/de\/wp-json\/wp\/v2\/types\/post"}],"author":[{"embeddable":true,"href":"https:\/\/www.europesays.com\/de\/wp-json\/wp\/v2\/users\/2"}],"replies":[{"embeddable":true,"href":"https:\/\/www.europesays.com\/de\/wp-json\/wp\/v2\/comments?post=1138984"}],"version-history":[{"count":0,"href":"https:\/\/www.europesays.com\/de\/wp-json\/wp\/v2\/posts\/1138984\/revisions"}],"wp:featuredmedia":[{"embeddable":true,"href":"https:\/\/www.europesays.com\/de\/wp-json\/wp\/v2\/media\/1138985"}],"wp:attachment":[{"href":"https:\/\/www.europesays.com\/de\/wp-json\/wp\/v2\/media?parent=1138984"}],"wp:term":[{"taxonomy":"category","embeddable":true,"href":"https:\/\/www.europesays.com\/de\/wp-json\/wp\/v2\/categories?post=1138984"},{"taxonomy":"post_tag","embeddable":true,"href":"https:\/\/www.europesays.com\/de\/wp-json\/wp\/v2\/tags?post=1138984"}],"curies":[{"name":"wp","href":"https:\/\/api.w.org\/{rel}","templated":true}]}}