{"id":1139111,"date":"2026-07-03T04:59:22","date_gmt":"2026-07-03T04:59:22","guid":{"rendered":"https:\/\/www.europesays.com\/de\/1139111\/"},"modified":"2026-07-03T04:59:22","modified_gmt":"2026-07-03T04:59:22","slug":"fahndung-der-polizei-war-der-tote-ein-cosplayer","status":"publish","type":"post","link":"https:\/\/www.europesays.com\/de\/1139111\/","title":{"rendered":"Fahndung der Polizei: War der Tote ein Cosplayer?"},"content":{"rendered":"<p class=\"text_ohne_einzug richtext text-em-55 !leading-serif mx-6 desktop:mx-0\"> Schon Anfang Juni wurde bei Rheinkilometer 694 in K\u00f6ln auf H\u00f6he des Niehler Hafens eine tote Person entdeckt. Zun\u00e4chst konnte die Identit\u00e4t des Toten nicht festgestellt werden. Erst nach einer \u00d6ffentlichkeitsfahndung der <a href=\"https:\/\/rp-online.de\/thema\/polizei\/\" rel=\"nofollow noopener\" target=\"_blank\">Polizei<\/a> K\u00f6ln, die auch ein Foto der Leiche ver\u00f6ffentlichte, konnte der Verstorbene nun im Laufe des Donnerstags mutma\u00dflich identifiziert werden.<\/p>\n<p class=\"richtext text-em-55 !leading-serif mx-6 desktop:mx-0\">Die Leiche wurde bereits am 2. Juni gefunden. Wenige Tage zuvor, am 30. und 31. Mai, fand in D\u00fcsseldorf die Dokomi-Messe statt, die viele Japan-, Manga- und Animefans anzieht. Der Tote weist mehrere Verletzungen an Armen und Oberschenkeln auf, die selbst zugef\u00fcgt sein k\u00f6nnten. Au\u00dferdem sind auf den ver\u00f6ffentlichten Fotos einige Tattoos zu sehen, die der Manga- oder Animeszene zugeordnet werden k\u00f6nnen. Auch die Kleidung der Person passt dazu, er k\u00f6nnte ein Cosplayer gewesen sein.<\/p>\n<p class=\"richtext text-em-55 !leading-serif mx-6 desktop:mx-0\">Die Polizei K\u00f6ln beschreibt die gefundene Person als 1,80 Meter gro\u00df, schlank, m\u00e4nnlich mit weiblichem Erscheinungsbild \u2013 lange Haare, Rock und gemachte Fingern\u00e4gel, rote Ohrringe, silberfarbener Ring. Die Person habe zwei Jacken getragen (beige und schwarz) sowie ein T-Shirt mit Mangafigur, einen kurzen Rock mit wei\u00dfem G\u00fcrtel und schwarze Leggins. Sie soll zwischen 20 und 30 Jahre alt gewesen sein.<\/p>\n<p class=\"richtext text-em-55 !leading-serif mx-6 desktop:mx-0\">Online verbreitet sich derweil das Foto einer Person, das auf der Dokomi aufgenommen worden sein soll. Diese tr\u00e4gt ein Kost\u00fcm, das aussieht, als solle es die Figur Homura Akemi aus einer japanischen Anime-Fernsehserie darstellen. Viele Nutzende in den sozialen Medien bringen dieses Foto mit der Fahndung der K\u00f6lner Polizei in Verbindung, demnach soll es den Toten lebendig zeigen.<\/p>\n<p class=\"richtext text-em-55 !leading-serif mx-6 desktop:mx-0\">Ein Sprecher der K\u00f6lner Polizei sagte auf Anfrage unserer Redaktion, dass die Online-Suche den Ermittlern bekannt sei. Man habe aber noch nicht verifizieren k\u00f6nnen, ob es sich bei der Person um den Toten handele.<\/p>\n<p class=\"richtext text-em-55 !leading-serif mx-6 desktop:mx-0\">Auch \u00fcber die Todesursache ist bisher nichts bekannt, es werde \u201ein alle Richtungen ermittelt\u201c, hei\u00dft es. Sowohl ein Suizid als auch ein Fremdverschulden seien nicht ausgeschlossen.<\/p>\n<p class=\"richtext text-em-55 !leading-serif mx-6 desktop:mx-0\">In den Sozialen Medien zeigen sich viele Menschen, die sich der Cosplay-Szene zurechnen, ersch\u00fcttert. Manche vermuten, dass die tote Person wegen ihres Outfits angegriffen worden sein k\u00f6nnte. Manche berichten von eigenen Erfahrungen und aggressiven Reaktionen auf ihre Kost\u00fcme.<\/p>\n<p class=\"richtext text-em-55 !leading-serif mx-6 desktop:mx-0\">Was passiert ist, werden aber die weiteren Ermittlungen der Polizei zeigen m\u00fcssen. Zur finalen Kl\u00e4rung der Identit\u00e4t steht noch ein DNA-Abgleich aus, wie die Polizei K\u00f6ln au\u00dferdem mitteilt. Solange dieser die Identit\u00e4t nicht eindeutig best\u00e4tigt, gibt die Polizei keine weiteren Informationen etwa zum Alter oder der Herkunft der Person heraus.<\/p>\n","protected":false},"excerpt":{"rendered":"Schon Anfang Juni wurde bei Rheinkilometer 694 in K\u00f6ln auf H\u00f6he des Niehler Hafens eine tote Person entdeckt.&hellip;\n","protected":false},"author":2,"featured_media":1139112,"comment_status":"","ping_status":"","sticky":false,"template":"","format":"standard","meta":{"footnotes":"","_share_on_mastodon":"0"},"categories":[1831],"tags":[27921,239686,239687,3364,29,55729,3405,30,40643,18074,1420,47,1209,10321,5206,13111,12219,4405],"class_list":["post-1139111","post","type-post","status-publish","format-standard","has-post-thumbnail","category-duesseldorf","tag-anime","tag-animebereich","tag-animefans","tag-de","tag-deutschland","tag-dokomi","tag-duesseldorf","tag-germany","tag-holt","tag-identitaet","tag-koeln","tag-messe","tag-nordrhein-westfalen","tag-person","tag-rhein","tag-rheinkilometer","tag-tote","tag-toten"],"share_on_mastodon":{"url":"https:\/\/pubeurope.com\/@de\/116854283662482455","error":""},"_links":{"self":[{"href":"https:\/\/www.europesays.com\/de\/wp-json\/wp\/v2\/posts\/1139111","targetHints":{"allow":["GET"]}}],"collection":[{"href":"https:\/\/www.europesays.com\/de\/wp-json\/wp\/v2\/posts"}],"about":[{"href":"https:\/\/www.europesays.com\/de\/wp-json\/wp\/v2\/types\/post"}],"author":[{"embeddable":true,"href":"https:\/\/www.europesays.com\/de\/wp-json\/wp\/v2\/users\/2"}],"replies":[{"embeddable":true,"href":"https:\/\/www.europesays.com\/de\/wp-json\/wp\/v2\/comments?post=1139111"}],"version-history":[{"count":0,"href":"https:\/\/www.europesays.com\/de\/wp-json\/wp\/v2\/posts\/1139111\/revisions"}],"wp:featuredmedia":[{"embeddable":true,"href":"https:\/\/www.europesays.com\/de\/wp-json\/wp\/v2\/media\/1139112"}],"wp:attachment":[{"href":"https:\/\/www.europesays.com\/de\/wp-json\/wp\/v2\/media?parent=1139111"}],"wp:term":[{"taxonomy":"category","embeddable":true,"href":"https:\/\/www.europesays.com\/de\/wp-json\/wp\/v2\/categories?post=1139111"},{"taxonomy":"post_tag","embeddable":true,"href":"https:\/\/www.europesays.com\/de\/wp-json\/wp\/v2\/tags?post=1139111"}],"curies":[{"name":"wp","href":"https:\/\/api.w.org\/{rel}","templated":true}]}}